{"id":136144,"date":"2026-02-16T10:02:17","date_gmt":"2026-02-16T10:02:17","guid":{"rendered":"https:\/\/rdnews.al\/?p=136144"},"modified":"2026-02-16T10:02:17","modified_gmt":"2026-02-16T10:02:17","slug":"berisha-diktaturat-nuk-rrezohen-me-vote-por-vetem-me-revolten-qytetare","status":"publish","type":"post","link":"https:\/\/rdnews.al\/index.php\/2026\/02\/16\/berisha-diktaturat-nuk-rrezohen-me-vote-por-vetem-me-revolten-qytetare\/","title":{"rendered":"Berisha: Diktaturat nuk rr\u00ebzohen me vot\u00eb, por vet\u00ebm me revolt\u00ebn qytetare!\u00a0"},"content":{"rendered":"<p>Lideri i opozit\u00ebs, Sali Berisha, deklaroi se, diktaturat nuk rr\u00ebzohen me vot\u00eb, por vet\u00ebm me revolt\u00ebn qytetare, duke shtuar se Edi Rama shkon n\u00eb Uashington si hajdut dhe kthehet si hajdut.<br \/>\nN\u00eb nj\u00eb deklarat\u00eb p\u00ebr mediat, Berisha theksoi se \u00e7do regjim totalitar ose autoritar ka r\u00ebn\u00eb p\u00ebrmes protestave dhe revoltave qytetare, duke p\u00ebrmendur shembuj nga Bangladeshi, Nepali dhe Sri Lanka.<\/p>\n<p><strong>&#8230;Ama zoti Berisha, asnj\u00eb qeveria gjer m\u00eb sot nuk \u00ebsht\u00eb rr\u00ebzuar me protesta. Pra ju besoni v\u00ebrtet se do ta rr\u00ebzoni Edi Ram\u00ebn p\u00ebrmes protestave?<\/strong><\/p>\n<p><strong>Sali Berisha:<\/strong> N\u00eb fakt q\u00eb t\u00eb gjitha diktaturat, qoft\u00eb totalitare, qofshin autoritare, kan\u00eb r\u00ebn\u00eb vet\u00ebm me protesta.<br \/>\nKan\u00eb r\u00ebn\u00eb diktaturat n\u00eb Bangladesh, n\u00eb Nepal, n\u00eb Sri Lanka dhe nj\u00eb seri vendesh.<br \/>\nDiktaturat nuk rr\u00ebzohen me vot\u00eb, por rr\u00ebzohen vet\u00ebm me revolt\u00ebn qytetare.<br \/>\nRevoltat jan\u00eb t\u00eb dhunshme, t\u00eb padhunshme.<br \/>\nNe jemi t\u00eb p\u00ebrcaktuar p\u00ebr kryengritje paq\u00ebsore, t\u00eb bindur se do realizojm\u00eb fitoren.<br \/>\nA e pat\u00eb ju se si i nxor\u00ebn kartonin e zi n\u00eb Mynih?<br \/>\nA e pat\u00eb? A e dini ju q\u00eb kishte d\u00ebrguar gjysm\u00ebn e ekipit?<br \/>\nLexoni pak shkrimin e Baton Haxhiut nga Mynihu, ku thoshte se k\u00ebtu po pritet me padurim lideri global p\u00ebr t\u00eb dh\u00ebn\u00eb idet\u00eb e tij, p\u00ebr t\u00eb mbajtur fjalimin e tij.<br \/>\nPor dikush pas k\u00ebtij shkrimi ia fiku kandilit Edi Ram\u00ebs dhe i tha se ti n\u00eb Mynih nuk mund t\u00eb shkel\u00ebsh.<br \/>\nPse e tek, e merrni vesh vet\u00eb, se \u00ebsht\u00eb kuptuar se \u00ebsht\u00eb nj\u00eb hajdut i paskrupullt q\u00eb k\u00ebrkon t\u00eb mbroj\u00eb vjedhjet e tij.<br \/>\nSe sa p\u00ebr Lubin\u00eb, do t\u2019i shkrinte plumb n\u00eb vesh n\u00eb mesnat\u00eb, ose vaj t\u00eb djegur si n\u00eb tragjedin\u00eb e Makbethit, do i hidhte vaj t\u00eb djegur n\u00eb vesh p\u00ebr ndjenjat q\u00eb ka.<br \/>\nPor ai ka hallin e vet.<br \/>\nKjo \u00ebsht\u00eb e v\u00ebrteta.<\/p>\n<p><strong>Zoti Berisha, ju thoni se Edi Rama nuk shkoi n\u00eb Berlin, por ama nga ana tjet\u00ebr, zoti Rama ka deklaruar dit\u00ebn e djeshme se do t\u00eb udh\u00ebtoj\u00eb drejt Uashingtonit&#8230;<\/strong><\/p>\n<p><strong>Sali Berisha:<\/strong> N\u00eb Uashington \u00ebsht\u00eb takimi i Bordit t\u00eb Paqes ku Shqip\u00ebria \u00ebsht\u00eb an\u00ebtare.<br \/>\nPra, n\u00eb Uashington shkon Shqip\u00ebria si an\u00ebtare bordi.<br \/>\nTani \u00ebsht\u00eb si t\u00eb thuash pse shkoi n\u00eb OKB. OKB \u00ebsht\u00eb organizat\u00eb nd\u00ebrkomb\u00ebtare.<br \/>\nEdhe kjo \u00ebsht\u00eb nj\u00eb organizat\u00eb e konceptuar n\u00eb ngjashm\u00ebri me OKB-n\u00eb.<br \/>\nDhe aty do t\u00eb shkoj\u00eb, po kjo nuk do t\u00eb thot\u00eb se b\u00ebhet m\u00eb pak hajdut.<br \/>\nP\u00ebrkundrazi shkon hajdut, kthehet hajdut dhe e pret populli opozitar.<\/p>\n","protected":false},"excerpt":{"rendered":"<p>Lideri i opozit\u00ebs, Sali Berisha, deklaroi se, diktaturat nuk rr\u00ebzohen me vot\u00eb, por vet\u00ebm me revolt\u00ebn qytetare, duke shtuar se Edi Rama shkon n\u00eb Uashington si hajdut dhe kthehet si hajdut. N\u00eb nj\u00eb deklarat\u00eb p\u00ebr mediat, Berisha theksoi se \u00e7do regjim totalitar ose autoritar ka r\u00ebn\u00eb p\u00ebrmes protestave dhe revoltave qytetare, duke p\u00ebrmendur shembuj nga &hellip;<\/p>\n","protected":false},"author":4,"featured_media":136131,"comment_status":"closed","ping_status":"closed","sticky":false,"template":"","format":"standard","meta":{"footnotes":""},"categories":[37],"tags":[],"class_list":["post-136144","post","type-post","status-publish","format-standard","has-post-thumbnail","","category-politike"],"_links":{"self":[{"href":"https:\/\/rdnews.al\/index.php\/wp-json\/wp\/v2\/posts\/136144","targetHints":{"allow":["GET"]}}],"collection":[{"href":"https:\/\/rdnews.al\/index.php\/wp-json\/wp\/v2\/posts"}],"about":[{"href":"https:\/\/rdnews.al\/index.php\/wp-json\/wp\/v2\/types\/post"}],"author":[{"embeddable":true,"href":"https:\/\/rdnews.al\/index.php\/wp-json\/wp\/v2\/users\/4"}],"replies":[{"embeddable":true,"href":"https:\/\/rdnews.al\/index.php\/wp-json\/wp\/v2\/comments?post=136144"}],"version-history":[{"count":1,"href":"https:\/\/rdnews.al\/index.php\/wp-json\/wp\/v2\/posts\/136144\/revisions"}],"predecessor-version":[{"id":136145,"href":"https:\/\/rdnews.al\/index.php\/wp-json\/wp\/v2\/posts\/136144\/revisions\/136145"}],"wp:featuredmedia":[{"embeddable":true,"href":"https:\/\/rdnews.al\/index.php\/wp-json\/wp\/v2\/media\/136131"}],"wp:attachment":[{"href":"https:\/\/rdnews.al\/index.php\/wp-json\/wp\/v2\/media?parent=136144"}],"wp:term":[{"taxonomy":"category","embeddable":true,"href":"https:\/\/rdnews.al\/index.php\/wp-json\/wp\/v2\/categories?post=136144"},{"taxonomy":"post_tag","embeddable":true,"href":"https:\/\/rdnews.al\/index.php\/wp-json\/wp\/v2\/tags?post=136144"}],"curies":[{"name":"wp","href":"https:\/\/api.w.org\/{rel}","templated":true}]}}