{"id":136149,"date":"2026-02-16T10:17:22","date_gmt":"2026-02-16T10:17:22","guid":{"rendered":"https:\/\/rdnews.al\/?p=136149"},"modified":"2026-02-16T10:17:51","modified_gmt":"2026-02-16T10:17:51","slug":"berisha-20-shkurti-do-jete-kryengritja-paqesore-me-e-fuqishme-qe-ka-njohur-shqiperia-qe-nga-permbysja-e-shtatores-se-enver-hoxhes","status":"publish","type":"post","link":"https:\/\/rdnews.al\/index.php\/2026\/02\/16\/berisha-20-shkurti-do-jete-kryengritja-paqesore-me-e-fuqishme-qe-ka-njohur-shqiperia-qe-nga-permbysja-e-shtatores-se-enver-hoxhes\/","title":{"rendered":"Berisha: 20 shkurti do jet\u00eb kryengritja m\u00eb e fuqishme q\u00eb ka njohur Shqip\u00ebria q\u00eb nga p\u00ebrmbysja e shtatores s\u00eb Enver Hoxh\u00ebs!"},"content":{"rendered":"<p>Lideri i opozit\u00ebs, Sali Berisha, duke folur p\u00ebr protest\u00ebn e ardhshme t\u00eb opozit\u00ebs tha se, 20 shkurti do jet\u00eb kryengritja paq\u00ebsore m\u00eb e fuqishme q\u00eb ka njohur Shqip\u00ebria q\u00eb nga p\u00ebrmbysja e shtatores s\u00eb Enver Hoxh\u00ebs.<\/p>\n<p><strong>-Zoti Berisha, s\u00eb shpejti n\u00eb parlament do t\u00eb mb\u00ebrrij\u00eb nj\u00eb projektligj p\u00ebr amnistin\u00eb penale. Edhe pse mazhoranca i ka votat e nevojshme, cili do jet\u00eb q\u00ebndrimi i deputet\u00ebve t\u00eb opozit\u00ebs?<\/strong><\/p>\n<p><strong>Sali Berisha:<\/strong> Q\u00ebndrimi i deputet\u00ebve t\u00eb opozit\u00ebs \u00ebsht\u00eb i qart\u00eb, absolutisht asnj\u00eb person i d\u00ebnuar p\u00ebr korrupsion nuk mund t\u00eb p\u00ebrfitoj\u00eb nga amnistia penale.<\/p>\n<p>Asnj\u00eb punonj\u00ebs i k\u00ebsaj administrate, i d\u00ebnuar p\u00ebr lidhje me krimin, nuk mund t\u00eb p\u00ebrfitoj\u00eb.<\/p>\n<p>K\u00ebto jan\u00eb.<\/p>\n<p>P\u00ebrndryshe, amnistit\u00eb p\u00ebr personat e tjer\u00eb, jan\u00eb nj\u00eb rutin\u00eb e p\u00ebvitshme q\u00eb b\u00ebhet zakonisht n\u00eb prag t\u00eb vitit t\u00eb ri, por k\u00ebta kushedi pse&#8230;<\/p>\n<p>Ky \u00ebsht\u00eb q\u00ebndrimi yn\u00eb. Ne nuk pranojm\u00eb t\u00eb amnistohet asnj\u00eb njeri i d\u00ebnuar p\u00ebr korrupsion.<\/p>\n<p><strong>-Zoti Berisha, ju na prezantuat nj\u00eb lib\u00ebr dit\u00ebm e sotme. Ndoshta SPAK u th\u00ebrret dhe ju pyet p\u00ebr financimin. A jeni t\u00eb gatsh\u00ebm t\u00eb jepni shpjegime?<\/strong><\/p>\n<p><strong>Sali Berisha:<\/strong> Mir\u00eb q\u00eb e the k\u00ebt\u00eb, sa bukur. \u00c7far\u00eb b\u00ebjn\u00eb k\u00ebta tani? Th\u00ebrrasin njer\u00ebz dhe i pyesin, ku i mori naft\u00ebn Sali Berisha kur b\u00ebri foltoren. Absolute kjo q\u00eb po u them.<\/p>\n<p>Se kjo ka lidhje me dosjen Partizani. Ish-xhelati i Sigurimit t\u00eb Shtetit, Arben Kraja dhe Altin Troplini, kan\u00eb futur n\u00eb hetim naft\u00ebn q\u00eb ka p\u00ebrdorur Sali Berisha deputet p\u00ebr t\u00eb b\u00ebr\u00eb foltoren.<\/p>\n<p>Dhe mund t\u2019u them shum\u00eb raste t\u00eb tjera.<\/p>\n<p>Kan\u00eb thirrur Ledina Aliollin, t\u00eb cilin n\u00eb vitin 2023 e kan\u00eb pyetur se nga i more ti parat\u00eb e stilolapsave q\u00eb bleve p\u00ebr fushat\u00eb.<\/p>\n<p>E kuptoni apo jo?<\/p>\n<p>E kuptoni se \u00e7far\u00eb b\u00ebjn\u00eb k\u00ebta?<\/p>\n<p><strong>-Por n\u00eb fakt zoti Berisha, \u00ebsht\u00eb detyr\u00eb funksionale e SPAK t\u00eb hetoj\u00eb pasurin\u00eb e zyrtar\u00ebve t\u00eb lart\u00eb? Pse relativizohet kjo gj\u00eb?<\/strong><\/p>\n<p><strong>Sali Berisha:<\/strong> Po, sepse ata kan\u00eb b\u00ebr\u00eb nj\u00eb veting 32-vje\u00e7ar, jam i vetmi person, e thash\u00eb edhe nj\u00ebher\u00eb, kan\u00eb k\u00ebrkaur hetimin e mbesave t\u00eb mia, kat\u00ebr vite pa lindur ato.<\/p>\n<p>Pra, absolutisht asnj\u00eb objeksion p\u00ebr hetimin e pasurive, por e kan\u00eb hetuar, e kan\u00eb st\u00ebrhetuar dhe kan\u00eb gjetur zero shkelje ligjore.<\/p>\n<p>Familjar\u00ebt e mi nuk kan\u00eb p\u00ebrfituar kurr\u00eb nga fondet publike.<\/p>\n<p>Kan\u00eb gjetur se \u00ebsht\u00eb zbatuar ligji dhe vet\u00ebm ligji.<\/p>\n<p>Dhe kan\u00eb gjetur gjithsej n\u00eb 54 vite pun\u00eb si mjek dhe n\u00eb politik\u00eb bashk\u00eb me bashk\u00ebshorten, 100 mij\u00eb euro dhe nj\u00eb apartament 45 met\u00ebr m\u00eb t\u00eb madh se sa ishte.<\/p>\n<p>Zoti Berisha, p\u00ebr t\u2019u rikthyer edhe nj\u00ebher\u00eb pyetjes s\u00eb par\u00eb. A do e votoj\u00eb opozita ndryshimin e nenit 242 t\u00eb Kodit t\u00eb Procedur\u00ebs penale q\u00eb propozon qeveria?<\/p>\n<p>Sali Berisha: Kurr\u00ebn e kurr\u00ebs. Ai \u00ebsht\u00eb nen q\u00eb prek t\u00eb ardhmen e \u00e7do shqiptari.<\/p>\n<p>Ai \u00ebsht\u00eb nen q\u00eb d\u00ebnon \u00e7do qytetar shqiptar me mbylljen e dyerve t\u00eb integrimit.<\/p>\n<p>Ne jo vet\u00ebm q\u00eb nuk do e votojm\u00eb, por do e kund\u00ebrshtojm\u00eb at\u00eb n\u00eb m\u00ebnyr\u00ebn m\u00eb t\u00eb fuqishme.<\/p>\n<p>Dhe 20 shkurti do jet\u00eb dita e kryengritjes s\u00eb madhe kund\u00ebr korrupsionit. Do jet\u00eb dita e kryengritjes s\u00eb madhe kund\u00ebr narkodiktatorit, kund\u00ebr organizat\u00ebs kriminale dhe kreut t\u00eb saj.<\/p>\n<p>Ju ftoj t\u00eb gjith\u00eb me 20 shkurt n\u00eb kryengritjen paq\u00ebsore m\u00eb t\u00eb fuqishme q\u00eb ka njohur Shqip\u00ebria q\u00eb nga p\u00ebrmbysja e shtatores s\u00eb Enver Hoxh\u00ebs gjer sot.<\/p>\n","protected":false},"excerpt":{"rendered":"<p>Lideri i opozit\u00ebs, Sali Berisha, duke folur p\u00ebr protest\u00ebn e ardhshme t\u00eb opozit\u00ebs tha se, 20 shkurti do jet\u00eb kryengritja paq\u00ebsore m\u00eb e fuqishme q\u00eb ka njohur Shqip\u00ebria q\u00eb nga p\u00ebrmbysja e shtatores s\u00eb Enver Hoxh\u00ebs. -Zoti Berisha, s\u00eb shpejti n\u00eb parlament do t\u00eb mb\u00ebrrij\u00eb nj\u00eb projektligj p\u00ebr amnistin\u00eb penale. Edhe pse mazhoranca i ka &hellip;<\/p>\n","protected":false},"author":4,"featured_media":134379,"comment_status":"closed","ping_status":"closed","sticky":false,"template":"","format":"standard","meta":{"footnotes":""},"categories":[37],"tags":[],"class_list":["post-136149","post","type-post","status-publish","format-standard","has-post-thumbnail","","category-politike"],"_links":{"self":[{"href":"https:\/\/rdnews.al\/index.php\/wp-json\/wp\/v2\/posts\/136149","targetHints":{"allow":["GET"]}}],"collection":[{"href":"https:\/\/rdnews.al\/index.php\/wp-json\/wp\/v2\/posts"}],"about":[{"href":"https:\/\/rdnews.al\/index.php\/wp-json\/wp\/v2\/types\/post"}],"author":[{"embeddable":true,"href":"https:\/\/rdnews.al\/index.php\/wp-json\/wp\/v2\/users\/4"}],"replies":[{"embeddable":true,"href":"https:\/\/rdnews.al\/index.php\/wp-json\/wp\/v2\/comments?post=136149"}],"version-history":[{"count":2,"href":"https:\/\/rdnews.al\/index.php\/wp-json\/wp\/v2\/posts\/136149\/revisions"}],"predecessor-version":[{"id":136151,"href":"https:\/\/rdnews.al\/index.php\/wp-json\/wp\/v2\/posts\/136149\/revisions\/136151"}],"wp:featuredmedia":[{"embeddable":true,"href":"https:\/\/rdnews.al\/index.php\/wp-json\/wp\/v2\/media\/134379"}],"wp:attachment":[{"href":"https:\/\/rdnews.al\/index.php\/wp-json\/wp\/v2\/media?parent=136149"}],"wp:term":[{"taxonomy":"category","embeddable":true,"href":"https:\/\/rdnews.al\/index.php\/wp-json\/wp\/v2\/categories?post=136149"},{"taxonomy":"post_tag","embeddable":true,"href":"https:\/\/rdnews.al\/index.php\/wp-json\/wp\/v2\/tags?post=136149"}],"curies":[{"name":"wp","href":"https:\/\/api.w.org\/{rel}","templated":true}]}}