{"id":136210,"date":"2026-02-16T18:06:07","date_gmt":"2026-02-16T18:06:07","guid":{"rendered":"https:\/\/rdnews.al\/?p=136210"},"modified":"2026-02-16T18:06:07","modified_gmt":"2026-02-16T18:06:07","slug":"arkitektja-shqiperia-po-vdes-askush-nuk-do-ta-ndryshoje-kete-realitet-nese-ne-nuk-e-bejme","status":"publish","type":"post","link":"https:\/\/rdnews.al\/index.php\/2026\/02\/16\/arkitektja-shqiperia-po-vdes-askush-nuk-do-ta-ndryshoje-kete-realitet-nese-ne-nuk-e-bejme\/","title":{"rendered":"Arkitektja: Shqip\u00ebria po vdes! Askush nuk do ta ndryshoj\u00eb k\u00ebt\u00eb realitet n\u00ebse ne nuk e b\u00ebjm\u00eb!"},"content":{"rendered":"<p>N\u00eb nj\u00eb fjalim t\u00eb mbajtur para Foltores k\u00ebt\u00eb t\u00eb h\u00ebn\u00eb para Kryeministris\u00eb, arkitektja\u00a0e sapodiplomuar akuzoi qeverin\u00eb, lidhur me kriz\u00ebn demografike e cila sipas saj, \u00ebsht\u00eb nj\u00eb pasoj\u00eb e drejtp\u00ebrdrejt\u00eb e nj\u00eb plani politik q\u00eb synon shpopullimin e vendit.<\/p>\n<p>Duke u nisur nga shifrat alarmante t\u00eb r\u00ebnies s\u00eb lindjeve, ajo argumentoi se kjo nuk \u00ebsht\u00eb thjesht statistik\u00eb, por \u201cfotografia e qart\u00eb e nj\u00eb krize\u201d q\u00eb po g\u00ebrryen themelin e kombit. Sipas saj, r\u00ebnia drastike e lindjeve, 8.1% m\u00eb pak se nj\u00eb vit m\u00eb par\u00eb dhe 75% m\u00eb pak se n\u00eb vitet \u201890, \u00ebsht\u00eb simptom\u00eb e nj\u00eb vendi q\u00eb \u201cpo humbet besimin tek vetja\u201d.<\/p>\n<p>Ajo denoncoi ekzistenc\u00ebn e nj\u00eb \u201cekonomie t\u00eb kapur\u201d dhe nj\u00eb \u201cnarkoshteti\u201d, q\u00eb favorizon vet\u00ebm klient\u00ebt e tij, duke i detyruar t\u00eb rinjt\u00eb t\u00eb shtyjn\u00eb krijimin e familjes ose t\u00eb largohen.<\/p>\n<p>P\u00ebr arkitekten, shpopullimi nuk \u00ebsht\u00eb nj\u00eb fatkeq\u00ebsi natyrore, por nj\u00eb \u201cpasoj\u00eb politike\u201d e nj\u00eb pakice q\u00eb sundon p\u00ebrmes korrupsionit, centralizimit ekstrem dhe kapjes s\u00eb ekonomis\u00eb dhe territorit. N\u00eb mbyllje t\u00eb fjal\u00ebs s\u00eb saj, ajo b\u00ebri nj\u00eb thirrje t\u00eb fort\u00eb p\u00ebr veprim, duke u shprehur se ndryshimi nuk do t\u00eb vij\u00eb nga Brukseli apo Uashingtoni.<\/p>\n<p><strong>Fjala e saj<\/strong><\/p>\n<p>21.000 ishin lindjet n\u00eb vitin 2025. 8.1% m\u00eb pak se nj\u00eb vit m\u00eb par\u00eb dhe 75% m\u00eb shum\u00eb se n\u00eb vitet 90. K\u00ebto nuk jan\u00eb thjesht statistika. Kjo \u00ebsht\u00eb fotografia e qart\u00eb e nj\u00eb krize q\u00eb po jeton Shqip\u00ebria. Nj\u00eb vend q\u00eb lind gjithnj\u00eb e m\u00eb pak, \u00ebsht\u00eb nj\u00eb vend q\u00eb po humbet besimin tek vetja. Tkurrja demokratike \u00ebsht\u00eb p\u00ebrshpejtuar ndjesh\u00ebm n\u00eb pes\u00eb vitet e fundit. Nuk po braktisen vet\u00ebm zonat e thella nga emigracioni. R\u00ebnia e lindjeve ka prekur \u00e7do qytet. Aty ku dikur kishte pun\u00eb, kishte industri, shpres\u00eb, sot ka vet\u00ebm pasiguri, largim, shpopullim. T\u00eb rinjt\u00eb nuk po e shtyjn\u00eb lindjen nga d\u00ebshira. Po pse veprojn\u00eb ata n\u00eb k\u00ebt\u00eb lloj m\u00ebnyre? Po sepse nuk shohin stabilitet, nuk kan\u00eb siguri n\u00eb arsim, n\u00eb sh\u00ebndet\u00ebsi, nuk kan\u00eb mund\u00ebsi.<\/p>\n<p>P\u00ebrball\u00eb kemi nj\u00eb ekonomi t\u00eb kapur, kemi nj\u00eb narkoshtet q\u00eb favorizon klient\u00ebt e tij, kryeministrin apo z\u00ebvend\u00ebsen e saj. Un\u00eb sapo jam diplomuar n\u00eb arkitektur\u00eb. Kam studiuar p\u00ebr t\u00eb nd\u00ebrtuar hap\u00ebsira. P\u00ebr t\u00eb menduar qytetin si nj\u00eb vend jete, si nj\u00eb vend familje, si nj\u00eb vend komuniteti. Por sot n\u00eb Shqip\u00ebri nuk nd\u00ebrtohet p\u00ebr qytetarin, nd\u00ebrtohet p\u00ebr klientin. Arkitekt\u00ebt nuk zgjidhen me merit\u00eb, por me lidhjet dhe njohjet q\u00eb ato kan\u00eb. Projektet vendosen n\u00eb nj\u00eb zyr\u00eb t\u00eb vetme, t\u00eb centralizuara, shpesh me emra t\u00eb huaj q\u00eb nuk kan\u00eb lidhje me vendin ton\u00eb apo me realitetin ton\u00eb. Si arkitekte, kam m\u00ebsuar nj\u00eb parim shum\u00eb t\u00eb thjesht\u00eb. Asgj\u00eb nuk nd\u00ebrtohet rast\u00ebsisht. \u00c7do projekt ka nj\u00eb koncept, nj\u00eb struktur\u00eb dhe nj\u00eb sistem vendimmarrje. Qytetet jan\u00eb betonizuar pa plan, pa vizion, pa identitet.<\/p>\n<p>Urbanizimi \u00ebsht\u00eb b\u00ebr\u00eb mjet pushteti, jo zhvillimi. Me q\u00ebllim p\u00ebr t\u00eb shtyr\u00eb njer\u00ebzit t\u00eb ikin nga ky vend. Po si mund t\u00eb nd\u00ebrtojm\u00eb familje n\u00eb nj\u00eb qytet q\u00eb nuk projektohet p\u00ebr familje? Kur nj\u00eb \u00e7ift i ri merr vendime t\u00eb tilla, k\u00ebta q\u00eb kan\u00eb uzurpuar k\u00ebt\u00eb godin\u00eb pas nesh, pin\u00eb vera 33.000 euro. Kur nj\u00eb familje mendon si do mbyll muajin, k\u00ebta vjedhin miliarda nga parat\u00eb tona. 14 miliard\u00eb euro, n\u00eb vet\u00ebm kat\u00ebr vite, tha ish-z\u00ebvend\u00ebskryeministri. Po shpopullimi nuk \u00ebsht\u00eb fatkeq\u00ebsi natyrore, \u00ebsht\u00eb pasoj\u00eb politike.<\/p>\n<p>\u00cbsht\u00eb pasoj\u00eb e nj\u00eb pakice q\u00eb sundon, \u00ebsht\u00eb rezultat i korrupsionit, i centralizimit ekstrem apo i kapjes s\u00eb ekonomis\u00eb, territorit e \u00e7do gj\u00ebje. Dhe \u00e7do vit q\u00eb kalon, kjo po b\u00ebhet akoma dhe m\u00eb e madhe. Teksa qytetar\u00ebt jan\u00eb l\u00ebn\u00eb mes zgjedhjes s\u00eb vuajtjes n\u00eb vendin e tyre apo braktisjes, kryeministri ndryshon ligjin sipas leverdis\u00eb s\u00eb tij, p\u00ebr t\u00eb mbrojtur veten dhe bashk\u00ebfajtor\u00ebt e tij. Po ka nj\u00eb gj\u00eb q\u00eb duhet ta themi qart\u00eb. Askush nuk do ta ndryshoj\u00eb k\u00ebt\u00eb realitet n\u00ebse ne nuk e b\u00ebjm\u00eb. Asnj\u00eb kancelar apo asnj\u00eb zyr\u00eb n\u00eb Bruksel apo Washington. Shqip\u00ebria ndryshon vet\u00ebm kur shqiptar\u00ebt vendosin ta ndryshojn\u00eb at\u00eb. Vet\u00ebm kur ne t\u00eb mbushim pa kthim k\u00ebto sheshe dhe \u00e7do shesh t\u00eb Shqip\u00ebris\u00eb.<\/p>\n","protected":false},"excerpt":{"rendered":"<p>N\u00eb nj\u00eb fjalim t\u00eb mbajtur para Foltores k\u00ebt\u00eb t\u00eb h\u00ebn\u00eb para Kryeministris\u00eb, arkitektja\u00a0e sapodiplomuar akuzoi qeverin\u00eb, lidhur me kriz\u00ebn demografike e cila sipas saj, \u00ebsht\u00eb nj\u00eb pasoj\u00eb e drejtp\u00ebrdrejt\u00eb e nj\u00eb plani politik q\u00eb synon shpopullimin e vendit. Duke u nisur nga shifrat alarmante t\u00eb r\u00ebnies s\u00eb lindjeve, ajo argumentoi se kjo nuk \u00ebsht\u00eb thjesht &hellip;<\/p>\n","protected":false},"author":4,"featured_media":136211,"comment_status":"closed","ping_status":"closed","sticky":false,"template":"","format":"standard","meta":{"footnotes":""},"categories":[37],"tags":[],"class_list":["post-136210","post","type-post","status-publish","format-standard","has-post-thumbnail","","category-politike"],"_links":{"self":[{"href":"https:\/\/rdnews.al\/index.php\/wp-json\/wp\/v2\/posts\/136210","targetHints":{"allow":["GET"]}}],"collection":[{"href":"https:\/\/rdnews.al\/index.php\/wp-json\/wp\/v2\/posts"}],"about":[{"href":"https:\/\/rdnews.al\/index.php\/wp-json\/wp\/v2\/types\/post"}],"author":[{"embeddable":true,"href":"https:\/\/rdnews.al\/index.php\/wp-json\/wp\/v2\/users\/4"}],"replies":[{"embeddable":true,"href":"https:\/\/rdnews.al\/index.php\/wp-json\/wp\/v2\/comments?post=136210"}],"version-history":[{"count":1,"href":"https:\/\/rdnews.al\/index.php\/wp-json\/wp\/v2\/posts\/136210\/revisions"}],"predecessor-version":[{"id":136212,"href":"https:\/\/rdnews.al\/index.php\/wp-json\/wp\/v2\/posts\/136210\/revisions\/136212"}],"wp:featuredmedia":[{"embeddable":true,"href":"https:\/\/rdnews.al\/index.php\/wp-json\/wp\/v2\/media\/136211"}],"wp:attachment":[{"href":"https:\/\/rdnews.al\/index.php\/wp-json\/wp\/v2\/media?parent=136210"}],"wp:term":[{"taxonomy":"category","embeddable":true,"href":"https:\/\/rdnews.al\/index.php\/wp-json\/wp\/v2\/categories?post=136210"},{"taxonomy":"post_tag","embeddable":true,"href":"https:\/\/rdnews.al\/index.php\/wp-json\/wp\/v2\/tags?post=136210"}],"curies":[{"name":"wp","href":"https:\/\/api.w.org\/{rel}","templated":true}]}}