{"id":136213,"date":"2026-02-16T18:19:10","date_gmt":"2026-02-16T18:19:10","guid":{"rendered":"https:\/\/rdnews.al\/?p=136213"},"modified":"2026-02-16T18:19:10","modified_gmt":"2026-02-16T18:19:10","slug":"berisha-adoleshentet-dhe-te-rinjte-ne-proteste-u-bene-tmerri-i-narkoregjimit","status":"publish","type":"post","link":"https:\/\/rdnews.al\/index.php\/2026\/02\/16\/berisha-adoleshentet-dhe-te-rinjte-ne-proteste-u-bene-tmerri-i-narkoregjimit\/","title":{"rendered":"Berisha: Adoleshent\u00ebt dhe t\u00eb rinjt\u00eb n\u00eb protest\u00eb u b\u00ebn\u00eb tmerri i narkoregjimit!"},"content":{"rendered":"<p>Kryetari i PD, Sali Berisha, duke folur n\u00eb \u2018Foltoren\u2018 para kryeministris\u00eb tha se, adoleshent\u00ebt dhe t\u00eb rinjt\u00eb n\u00eb protestat e opozit\u00ebs, jan\u00eb b\u00ebr\u00eb tmerri i narkoregjimit.<\/p>\n<p>Berisha paralajm\u00ebroi edhe oficeren e policis\u00eb q\u00eb \u00ebsht\u00eb paraqitur si, psikologe n\u00eb komisariatet e policis\u00eb, se ligji do t\u00eb jet\u00eb i rrept\u00eb me t\u00eb. I them asaj oficeres q\u00eb paraqitej si psikologe tek adoleshent\u00ebt e arrestuar, do t\u00eb gjejm\u00eb cila je dhe e zeza ti, ligji do jet\u00eb shum\u00eb i rrept\u00eb p\u00ebr ty.<\/p>\n<p><strong>Berisha: <\/strong>Mir\u00ebmbr\u00ebma dhe p\u00ebrsh\u00ebndetjet m\u00eb t\u00eb p\u00ebrzem\u00ebrta, nderimin m\u00eb t\u00eb madh p\u00ebr ju burra dhe gra, djem dhe vajza t\u00eb pamposhtur q\u00eb mblidheni k\u00ebtu n\u00eb em\u00ebr t\u00eb t\u00eb v\u00ebrtetave m\u00eb t\u00eb m\u00ebdha t\u00eb shqiptar\u00ebve.<\/p>\n<p>Mblidheni k\u00ebtu n\u00eb em\u00ebr t\u00eb idealeve t\u00eb liris\u00eb.<\/p>\n<p>Mblidheni k\u00ebtu n\u00eb em\u00ebr t\u00eb dinjitetit njer\u00ebzor, por edhe t\u00eb dinjitetit komb\u00ebtar.<\/p>\n<p>Nj\u00eb p\u00ebrsh\u00ebndetje p\u00ebr t\u00eb gjith\u00eb qytetar\u00ebt e Tiran\u00ebs dhe mbar\u00eb Shqip\u00ebris\u00eb, p\u00ebr ata qindra mij\u00ebra qytetar\u00eb q\u00eb mbush\u00ebn sheshet, rrug\u00ebt n\u00eb kryengritjen ton\u00eb paq\u00ebsore.<\/p>\n<p>Sonte, nga kjo platform\u00eb, p\u00ebrsh\u00ebndes me p\u00ebrzem\u00ebrsin\u00eb m\u00eb t\u00eb madhe t\u00eb rinjt\u00eb, adoleshent\u00ebt, gjimnazist\u00ebt, student\u00ebt q\u00eb ishin forca, ishin fytyra, ishin energjia dhe u b\u00ebn\u00eb tmerri i narkoregjimit me dat\u00ebn 10 shkurt.<\/p>\n<p>Duke shprehur mir\u00ebnjohjen m\u00eb t\u00eb pakufishme ndaj tyre dhe nderimin tim, dua t\u2019u them gjithashtu se \u00ebsht\u00eb shansi i madh i jet\u00ebs tuaj t\u00eb filloni jet\u00ebn politike n\u00eb mburoj\u00eb t\u00eb vendit dhe kombit tuaj.<\/p>\n<p>\u00cbsht\u00eb shansi i madh i juaj t\u00eb mbroni k\u00ebt\u00eb vend nga kjo e keqe e tmerrshme q\u00eb i ka r\u00ebn\u00eb mbi supe.<\/p>\n<p>\u00cbsht\u00eb misioni i jet\u00ebs suaj, mision p\u00ebr t\u00eb cilin do ndjeheni krenar\u00eb gjithmon\u00eb, jo vet\u00ebm ju, por f\u00ebmij\u00ebt tuaj, f\u00ebmij\u00ebt e f\u00ebmij\u00ebve tuaj, sepse u angazhuat n\u00eb nj\u00eb mosh\u00eb t\u00eb till\u00eb p\u00ebr t\u00eb p\u00ebrmbysur narkodiktatur\u00ebs, p\u00ebr t\u00eb p\u00ebrmbysur diktatur\u00ebn autoritare m\u00eb t\u00eb keqe q\u00eb Europa ka njohur.<\/p>\n<p>Un\u00eb gjithashtu d\u00ebnoj me forc\u00ebn m\u00eb t\u00eb madhe dhun\u00ebn, terrorin fizik dhe psikologjik q\u00eb u ushtrua n\u00eb komisariatet e policis\u00eb ndaj t\u00eb rinjve, ndaj adoleshent\u00ebve, histerin\u00eb n\u00eb parlament t\u00eb hajdut\u00ebve socialist\u00eb kund\u00ebr tyre.<\/p>\n<p>Un\u00eb paralajm\u00ebroj policin\u00eb se nuk do t\u00eb tolerohet asnj\u00eb keqtrajtim ndaj qytetar\u00ebve n\u00eb t\u00ebr\u00ebsi dhe t\u00eb rinjve n\u00eb ve\u00e7anti.<\/p>\n<p>I them asaj oficeres q\u00eb paraqitej si psikologe tek adoleshent\u00ebt e arrestuar, do t\u00eb gjejm\u00eb cila je dhe e zeza ti, ligji do jet\u00eb shum\u00eb i rrept\u00eb p\u00ebr ty.<\/p>\n<p>Para se t\u00eb kryeje at\u00eb veprim, t\u00eb shkoje me uniform\u00eb mashtrimi para tyre, nuk duhet t\u00eb harroje se ti je mot\u00ebr, je n\u00ebn\u00eb, se ti je bashk\u00ebshorte dhe ti nuk mund ta b\u00ebje kurr\u00eb at\u00eb para adoleshent\u00ebve dhe t\u00eb rinjve shqiptar\u00eb.<\/p>\n<p>U b\u00ebj thirrje forcave t\u00eb rendit t\u00eb q\u00ebndrojn\u00eb n\u00eb detyr\u00eb, jasht\u00eb \u00e7do ndikimi nga bandit\u00ebt n\u00eb drejtim.<\/p>\n<p>Ju jeni njer\u00ebz, jeni bij\u00eb, bija, jeni familjar\u00eb, jeni bashk\u00ebshort\u00ebr, prind\u00ebr, jeni qytetar\u00eb, nuk keni asgj\u00eb t\u00eb p\u00ebrbashk\u00ebt me organizat\u00ebn kriminale, nuk keni asgj\u00eb t\u00eb p\u00ebrbashk\u00ebt me kriminel\u00eb si Ilirjan Proda dhe Sokol Bizhga. Nuk u lidh asgj\u00eb me ta.<\/p>\n<p>Ata jan\u00eb q\u00eb t\u00eb gjith\u00eb p\u00ebr t\u00eb pasur vendin jo vite, por dekada n\u00eb burg.<\/p>\n<p>Prandaj urdhrat e tyre, asnj\u00eb t\u00eb mos i zbatoj\u00eb.<\/p>\n","protected":false},"excerpt":{"rendered":"<p>Kryetari i PD, Sali Berisha, duke folur n\u00eb \u2018Foltoren\u2018 para kryeministris\u00eb tha se, adoleshent\u00ebt dhe t\u00eb rinjt\u00eb n\u00eb protestat e opozit\u00ebs, jan\u00eb b\u00ebr\u00eb tmerri i narkoregjimit. Berisha paralajm\u00ebroi edhe oficeren e policis\u00eb q\u00eb \u00ebsht\u00eb paraqitur si, psikologe n\u00eb komisariatet e policis\u00eb, se ligji do t\u00eb jet\u00eb i rrept\u00eb me t\u00eb. I them asaj oficeres q\u00eb &hellip;<\/p>\n","protected":false},"author":4,"featured_media":136214,"comment_status":"closed","ping_status":"closed","sticky":false,"template":"","format":"standard","meta":{"footnotes":""},"categories":[37],"tags":[],"class_list":["post-136213","post","type-post","status-publish","format-standard","has-post-thumbnail","","category-politike"],"_links":{"self":[{"href":"https:\/\/rdnews.al\/index.php\/wp-json\/wp\/v2\/posts\/136213","targetHints":{"allow":["GET"]}}],"collection":[{"href":"https:\/\/rdnews.al\/index.php\/wp-json\/wp\/v2\/posts"}],"about":[{"href":"https:\/\/rdnews.al\/index.php\/wp-json\/wp\/v2\/types\/post"}],"author":[{"embeddable":true,"href":"https:\/\/rdnews.al\/index.php\/wp-json\/wp\/v2\/users\/4"}],"replies":[{"embeddable":true,"href":"https:\/\/rdnews.al\/index.php\/wp-json\/wp\/v2\/comments?post=136213"}],"version-history":[{"count":1,"href":"https:\/\/rdnews.al\/index.php\/wp-json\/wp\/v2\/posts\/136213\/revisions"}],"predecessor-version":[{"id":136215,"href":"https:\/\/rdnews.al\/index.php\/wp-json\/wp\/v2\/posts\/136213\/revisions\/136215"}],"wp:featuredmedia":[{"embeddable":true,"href":"https:\/\/rdnews.al\/index.php\/wp-json\/wp\/v2\/media\/136214"}],"wp:attachment":[{"href":"https:\/\/rdnews.al\/index.php\/wp-json\/wp\/v2\/media?parent=136213"}],"wp:term":[{"taxonomy":"category","embeddable":true,"href":"https:\/\/rdnews.al\/index.php\/wp-json\/wp\/v2\/categories?post=136213"},{"taxonomy":"post_tag","embeddable":true,"href":"https:\/\/rdnews.al\/index.php\/wp-json\/wp\/v2\/tags?post=136213"}],"curies":[{"name":"wp","href":"https:\/\/api.w.org\/{rel}","templated":true}]}}