{"id":136219,"date":"2026-02-16T18:26:38","date_gmt":"2026-02-16T18:26:38","guid":{"rendered":"https:\/\/rdnews.al\/?p=136219"},"modified":"2026-02-16T18:26:38","modified_gmt":"2026-02-16T18:26:38","slug":"berisha-rames-thuaju-mercenareve-te-mos-qellojne-mbi-protestuesit-se-ata-do-qellojne-vetem-mbi-ty","status":"publish","type":"post","link":"https:\/\/rdnews.al\/index.php\/2026\/02\/16\/berisha-rames-thuaju-mercenareve-te-mos-qellojne-mbi-protestuesit-se-ata-do-qellojne-vetem-mbi-ty\/","title":{"rendered":"Berisha-Ram\u00ebs: Thuaju mercenar\u00ebve t\u00eb mos q\u00ebllojn\u00eb mbi protestuesit se ata do q\u00ebllojn\u00eb vet\u00ebm mbi ty!"},"content":{"rendered":"<p>Gjat\u00eb fjal\u00ebs s\u00eb mbajtur n\u00eb \u2018Foltoren\u2019 para kryeministris\u00eb, lideri opozit\u00ebs, Sali Berisha ka qen\u00eb i ashp\u00ebr me policin\u00eb, nd\u00ebrsa ka paralajm\u00ebruar edhe Edi Ram\u00ebn, q\u00eb t\u00eb mbaj\u00eb mercenar\u00ebt e tij dhe t\u00eb mos q\u00ebllojn\u00eb mbi protestuesit, sepse protestuesit m\u00eb pas do t\u00eb q\u00ebllojn\u00eb mbi t\u00eb.<\/p>\n<p>Berisha tha; Ky do jet\u00eb kryehajduti i Shqip\u00ebris\u00eb. Ndaj dhe u thuaj atyre mercenar\u00ebve t\u00eb mos q\u00ebllojn\u00eb mbi protestuesit se protestuesit do q\u00ebllojn\u00eb vet\u00ebm mbi ty.<\/p>\n<p><strong>Berisha: <\/strong>Sot, Edi Rama, pasi n\u00eb Bruksel i nxor\u00ebn kartonin e zi, jo t\u00eb kuq, t\u00eb zi, pasi n\u00eb Mynih ia p\u00ebrplas\u00ebn der\u00ebn tek fytyra dhe nuk shkoi dot, vendosi p\u00ebrs\u00ebri t\u00eb ndryshoj\u00eb ligjin, t\u00eb votoj\u00eb ligjin n\u00eb parlament, me t\u00eb cilin ai beson se do mund t\u00eb vjedh\u00eb shqiptar\u00ebt, ai dhe ministrat e tij, dhe drejt\u00ebsia nuk do mund t\u00eb veproj\u00eb mbi ta.<\/p>\n<p>Do veproj\u00eb populli mbi ta.<\/p>\n<p>Nuk ka gj\u00eb n\u00eb bot\u00eb t\u00eb pengoj\u00eb popullin shqiptar, opozit\u00ebn shqiptare pa mbrojtur ligjin dhe Kushtetut\u00ebn.<\/p>\n<p>Edi Rama, yt at\u00eb, xhelati Kristaq Rama, daja yt, xhelati Spiro Koleka, 35 vite m\u00eb par\u00eb b\u00ebnin thirrje, tankeve student\u00ebve.<\/p>\n<p>Kurse ti pas 35 viteve, p\u00ebrdor mandatet e krimit si mburoj\u00eb p\u00ebr t\u00eb vjedhur shqiptar\u00ebt.<\/p>\n<p>Ata e b\u00ebnin p\u00ebr pushtetin e tyre t\u00eb krimit, ti e b\u00ebn p\u00ebr pushtetin t\u00ebnd t\u00eb krimit.<\/p>\n<p>Ata i p\u00ebrmbys\u00ebm, ty do t\u00eb p\u00ebrmbysim.<\/p>\n<p>Ata i zvarrit\u00ebm, ty do t\u00eb zvarrisim.<\/p>\n<p>Po miq, ky mendon se mund t\u00eb p\u00ebrvet\u00ebsoj\u00eb taksat tuaja, ky mendon se mund t\u00eb p\u00ebrvet\u00ebsoj\u00eb pasurit\u00eb publike.<\/p>\n<p>Ky mendon se do zbraz\u00eb Shqip\u00ebrin\u00eb nga t\u00eb rinjt\u00eb, se do t\u00eb shkretoj\u00eb Shqip\u00ebrin\u00eb p\u00ebrfundimisht p\u00ebr parajs\u00ebn e tij.<\/p>\n<p>Edi Rama, i ke hesapet gabim, ke vjedhur shum\u00eb, por t\u00eb garantoj ty dhe ministrat tu, se \u00e7do pasuri q\u00eb keni v\u00ebn\u00eb, do t\u2019u merret dhe p\u00ebr hund\u00ebsh do u dal\u00eb. N\u00eb vite burgu do u kthehen.<\/p>\n<p>Nuk ka m\u00eb, ne jemi n\u00eb shesh, ne jemi n\u00eb rrug\u00eb, ne jemi n\u00eb kryengritje paq\u00ebsore, ne i dalim zot Shqip\u00ebris\u00eb, asnj\u00eb forc\u00eb n\u00eb bot\u00eb nuk na ndalon dot.<\/p>\n<p>Duhet t\u00eb p\u00ebrsh\u00ebndes k\u00ebtu Ilirin, t\u00eb cilin snajper kriminel e gjuajti n\u00eb ball\u00eb, dhe do e gjejm\u00eb at\u00eb, se po filmonte n\u00eb protest\u00eb me telefonin e tij.<\/p>\n<p>P\u00ebrsh\u00ebndes protestuesit e tjer\u00eb q\u00eb mor\u00ebn plumba n\u00eb kok\u00eb p\u00ebr protest\u00ebn e tyre paq\u00ebsore.<\/p>\n<p>Un\u00eb i them Edi Ram\u00ebs, kjo \u00ebsht\u00eb kryengritje paq\u00ebsore dhe kjo \u00ebsht\u00eb zgjedhje, se n\u00eb fakt ti meriton \u00e7do variant.<\/p>\n<p>Pa diskutim.<\/p>\n<p>Ti nuk ke legjitimitet.<\/p>\n<p>Ti je i paligjsh\u00ebm, ti je nj\u00eb armik i eg\u00ebr dhe ne mund t\u00eb jepnim ty \u00e7do p\u00ebrgjigje.<\/p>\n<p>Kryengritja paq\u00ebsore \u00ebsht\u00eb zgjidhja jon\u00eb, se at\u00eb duam ne, jo se na e imponon ti.<\/p>\n<p>Por mos gabo se p\u00ebr \u00e7do krim, p\u00ebr \u00e7do cenim q\u00eb do u b\u00ebhet protestuesve, personalisht do ket\u00eb vet\u00ebm nj\u00eb p\u00ebrgjegj\u00ebs dhe ky do jet\u00eb Edvin Kristaq Rama.<\/p>\n<p>Ky do jet\u00eb kryehajduti i Shqip\u00ebris\u00eb.<\/p>\n<p>Ndaj dhe u thuaj atyre mercenar\u00ebve t\u00eb mos q\u00ebllojn\u00eb mbi protestuesit se protestuesit do q\u00ebllojn\u00eb vet\u00ebm mbi ty.<\/p>\n<p>Ti do jesh p\u00ebrgjegj\u00ebsi num\u00ebr nj\u00eb i \u00e7do krimi t\u00eb kryer.<\/p>\n","protected":false},"excerpt":{"rendered":"<p>Gjat\u00eb fjal\u00ebs s\u00eb mbajtur n\u00eb \u2018Foltoren\u2019 para kryeministris\u00eb, lideri opozit\u00ebs, Sali Berisha ka qen\u00eb i ashp\u00ebr me policin\u00eb, nd\u00ebrsa ka paralajm\u00ebruar edhe Edi Ram\u00ebn, q\u00eb t\u00eb mbaj\u00eb mercenar\u00ebt e tij dhe t\u00eb mos q\u00ebllojn\u00eb mbi protestuesit, sepse protestuesit m\u00eb pas do t\u00eb q\u00ebllojn\u00eb mbi t\u00eb. Berisha tha; Ky do jet\u00eb kryehajduti i Shqip\u00ebris\u00eb. Ndaj dhe &hellip;<\/p>\n","protected":false},"author":4,"featured_media":136220,"comment_status":"closed","ping_status":"closed","sticky":false,"template":"","format":"standard","meta":{"footnotes":""},"categories":[37],"tags":[],"class_list":["post-136219","post","type-post","status-publish","format-standard","has-post-thumbnail","","category-politike"],"_links":{"self":[{"href":"https:\/\/rdnews.al\/index.php\/wp-json\/wp\/v2\/posts\/136219","targetHints":{"allow":["GET"]}}],"collection":[{"href":"https:\/\/rdnews.al\/index.php\/wp-json\/wp\/v2\/posts"}],"about":[{"href":"https:\/\/rdnews.al\/index.php\/wp-json\/wp\/v2\/types\/post"}],"author":[{"embeddable":true,"href":"https:\/\/rdnews.al\/index.php\/wp-json\/wp\/v2\/users\/4"}],"replies":[{"embeddable":true,"href":"https:\/\/rdnews.al\/index.php\/wp-json\/wp\/v2\/comments?post=136219"}],"version-history":[{"count":1,"href":"https:\/\/rdnews.al\/index.php\/wp-json\/wp\/v2\/posts\/136219\/revisions"}],"predecessor-version":[{"id":136221,"href":"https:\/\/rdnews.al\/index.php\/wp-json\/wp\/v2\/posts\/136219\/revisions\/136221"}],"wp:featuredmedia":[{"embeddable":true,"href":"https:\/\/rdnews.al\/index.php\/wp-json\/wp\/v2\/media\/136220"}],"wp:attachment":[{"href":"https:\/\/rdnews.al\/index.php\/wp-json\/wp\/v2\/media?parent=136219"}],"wp:term":[{"taxonomy":"category","embeddable":true,"href":"https:\/\/rdnews.al\/index.php\/wp-json\/wp\/v2\/categories?post=136219"},{"taxonomy":"post_tag","embeddable":true,"href":"https:\/\/rdnews.al\/index.php\/wp-json\/wp\/v2\/tags?post=136219"}],"curies":[{"name":"wp","href":"https:\/\/api.w.org\/{rel}","templated":true}]}}