{"id":136222,"date":"2026-02-16T18:31:06","date_gmt":"2026-02-16T18:31:06","guid":{"rendered":"https:\/\/rdnews.al\/?p=136222"},"modified":"2026-02-16T18:31:06","modified_gmt":"2026-02-16T18:31:06","slug":"berisha-20-shkurti-eshte-nje-thirrje-per-rinine-shqiptare-lini-shkollat-e-cdo-gje-dhe-mbushni-sheshin","status":"publish","type":"post","link":"https:\/\/rdnews.al\/index.php\/2026\/02\/16\/berisha-20-shkurti-eshte-nje-thirrje-per-rinine-shqiptare-lini-shkollat-e-cdo-gje-dhe-mbushni-sheshin\/","title":{"rendered":"Berisha: 20 shkurti \u00ebsht\u00eb nj\u00eb thirrje p\u00ebr rinin\u00eb shqiptare, lini shkollat e \u00e7do gj\u00eb dhe mbushni sheshin!"},"content":{"rendered":"<p>Kryetari i PD, Sali Berisha u b\u00ebri thirrje t\u00eb rinjve, q\u00eb t\u00eb l\u00ebn\u00eb shkolla dhe \u00e7do gj\u00eb dhe t\u00eb mbushin sheshin dhe ti bashkohen revolt\u00ebs kund\u00ebr qeveris\u00eb.<\/p>\n<p>Berisha tha se, 20 shkurti \u00ebsht\u00eb nj\u00eb thirrje p\u00ebr rinin\u00eb shqiptare, nuk ka fat m\u00eb t\u00eb madh, nuk ka shans m\u00eb t\u00eb madh p\u00ebr nj\u00eb t\u00eb ri se n\u00eb rinin\u00eb e tij t\u00eb hidhet n\u00eb betej\u00eb kund\u00ebr t\u00eb keqes m\u00eb t\u00eb madhe t\u00eb kombit t\u00eb tij.<\/p>\n<p><strong>Berisha: <\/strong>Miq, 20 shkurti \u00ebsht\u00eb dita e krenaris\u00eb ton\u00eb.<\/p>\n<p>Dhe shkojm\u00eb m\u00eb 20 shkurt m\u00eb krenar\u00eb se asnj\u00ebher\u00eb.<\/p>\n<p>Shkojm\u00eb m\u00eb 20 shkurt kur ne u faktuam shqiptar\u00ebve dhe njer\u00ebzve liridash\u00ebs n\u00eb mbar\u00eb bot\u00ebn se ne nuk pajtohemi kurr\u00eb me nj\u00eb organizat\u00eb kriminale q\u00eb kemi n\u00eb krye.<\/p>\n<p>Shkojm\u00eb m\u00eb 20 shkurt n\u00eb nj\u00eb koh\u00eb kur ne kemi marr\u00eb, t\u00eb betuar, p\u00ebrsip\u00ebr misionin e shp\u00ebtimit t\u00eb Shqip\u00ebris\u00eb.<\/p>\n<p>Ne shkojm\u00eb me 20 shkurt me nj\u00eb trash\u00ebgimi kur kemi kaluar mbi tanke, autoblinda dhe kemi zvarritur rrug\u00ebve t\u00eb Tiran\u00ebs kultin m\u00eb t\u00eb lig dhe m\u00eb t\u00eb keq, kultin e Enver Hoxh\u00ebs q\u00eb shqiptar\u00ebt kan\u00eb njohur n\u00eb histori.<\/p>\n<p>Ndaj dhe ftoj \u00e7do shqiptar m\u00eb 20 shkurt n\u00eb Tiran\u00eb, m\u00eb 20 shkurt n\u00eb ora 18:00, Tirana e t\u00ebra derdhet n\u00eb rrug\u00ebt dhe bulevardet e saj.<\/p>\n<p>Shqip\u00ebria n\u00eb Tiran\u00eb, t\u2019i dalim zot Shqip\u00ebris\u00eb, t\u2019i kapim goditjet e merituara regjimit antishqiptar t\u00eb Edi Ram\u00ebs.<\/p>\n<p>T\u2019ia nxijm\u00eb \u00e7do dit\u00eb gjer n\u00eb largimin e tij.<\/p>\n<p>Ne me asgj\u00eb nuk ndalemi.<\/p>\n<p>Ne jemi njer\u00ebz t\u00eb besojm\u00eb t\u00eb v\u00ebrtet\u00ebn.<\/p>\n<p>Ne jemi njer\u00ebz t\u00eb idealeve t\u00eb ndershme.<\/p>\n<p>Ne jemi njer\u00ebz q\u00eb duam k\u00ebt\u00eb vend t\u00eb jet\u00eb toka e bekuar e shqiptar\u00ebve.<\/p>\n<p>K\u00ebta jan\u00eb armiq pushtuesit m\u00eb t\u00eb eg\u00ebr q\u00eb kemi njohur. Nuk na lidh asgj\u00eb me k\u00ebta.<\/p>\n<p>K\u00ebta kan\u00eb kryer krime t\u00eb sh\u00ebmtuara p\u00ebr t\u00eb cilat duhet t\u00eb shkojn\u00eb atje ku mbahen kriminel\u00ebt dhe fajtor\u00ebt.<\/p>\n<p>20 shkurti \u00ebsht\u00eb nj\u00eb thirrje p\u00ebr rinin\u00eb shqiptare, nuk ka fat m\u00eb t\u00eb madh, nuk ka shans m\u00eb t\u00eb madh p\u00ebr nj\u00eb t\u00eb ri se n\u00eb rinin\u00eb e tij t\u00eb hidhet n\u00eb betej\u00eb kund\u00ebr t\u00eb keqes m\u00eb t\u00eb madhe t\u00eb kombit t\u00eb tij.<\/p>\n<p>Ndaj dhe i lini shkollat, lini \u00e7do gj\u00eb, mbushni sheshin, t\u00eb jet\u00eb Tirana juaj, e ardhmja juaj, Shqip\u00ebria n\u00eb zem\u00ebr, n\u00eb besimin, n\u00eb shpres\u00ebn tuaj.<\/p>\n<p>Edhe nj\u00ebher\u00eb, mir\u00ebnjohje t\u00eb pakufishme p\u00ebr misionin q\u00eb po kryeni, p\u00ebr sukseset q\u00eb kemi arritur, dhe u garantoj se forc\u00eb n\u00eb bot\u00eb nuk na ndalon pa p\u00ebrmbysur k\u00ebt\u00eb mision q\u00eb kemi nisur.<\/p>\n<p>Rrofshi ju, rroft\u00eb Shqip\u00ebria!<\/p>\n","protected":false},"excerpt":{"rendered":"<p>Kryetari i PD, Sali Berisha u b\u00ebri thirrje t\u00eb rinjve, q\u00eb t\u00eb l\u00ebn\u00eb shkolla dhe \u00e7do gj\u00eb dhe t\u00eb mbushin sheshin dhe ti bashkohen revolt\u00ebs kund\u00ebr qeveris\u00eb. Berisha tha se, 20 shkurti \u00ebsht\u00eb nj\u00eb thirrje p\u00ebr rinin\u00eb shqiptare, nuk ka fat m\u00eb t\u00eb madh, nuk ka shans m\u00eb t\u00eb madh p\u00ebr nj\u00eb t\u00eb ri se &hellip;<\/p>\n","protected":false},"author":4,"featured_media":136223,"comment_status":"closed","ping_status":"closed","sticky":false,"template":"","format":"standard","meta":{"footnotes":""},"categories":[37],"tags":[],"class_list":["post-136222","post","type-post","status-publish","format-standard","has-post-thumbnail","","category-politike"],"_links":{"self":[{"href":"https:\/\/rdnews.al\/index.php\/wp-json\/wp\/v2\/posts\/136222","targetHints":{"allow":["GET"]}}],"collection":[{"href":"https:\/\/rdnews.al\/index.php\/wp-json\/wp\/v2\/posts"}],"about":[{"href":"https:\/\/rdnews.al\/index.php\/wp-json\/wp\/v2\/types\/post"}],"author":[{"embeddable":true,"href":"https:\/\/rdnews.al\/index.php\/wp-json\/wp\/v2\/users\/4"}],"replies":[{"embeddable":true,"href":"https:\/\/rdnews.al\/index.php\/wp-json\/wp\/v2\/comments?post=136222"}],"version-history":[{"count":1,"href":"https:\/\/rdnews.al\/index.php\/wp-json\/wp\/v2\/posts\/136222\/revisions"}],"predecessor-version":[{"id":136224,"href":"https:\/\/rdnews.al\/index.php\/wp-json\/wp\/v2\/posts\/136222\/revisions\/136224"}],"wp:featuredmedia":[{"embeddable":true,"href":"https:\/\/rdnews.al\/index.php\/wp-json\/wp\/v2\/media\/136223"}],"wp:attachment":[{"href":"https:\/\/rdnews.al\/index.php\/wp-json\/wp\/v2\/media?parent=136222"}],"wp:term":[{"taxonomy":"category","embeddable":true,"href":"https:\/\/rdnews.al\/index.php\/wp-json\/wp\/v2\/categories?post=136222"},{"taxonomy":"post_tag","embeddable":true,"href":"https:\/\/rdnews.al\/index.php\/wp-json\/wp\/v2\/tags?post=136222"}],"curies":[{"name":"wp","href":"https:\/\/api.w.org\/{rel}","templated":true}]}}