{"id":136225,"date":"2026-02-16T18:35:10","date_gmt":"2026-02-16T18:35:10","guid":{"rendered":"https:\/\/rdnews.al\/?p=136225"},"modified":"2026-02-16T18:35:10","modified_gmt":"2026-02-16T18:35:10","slug":"ibraj-regjimi-i-rames-ka-humbur-cdo-limit-moral-dhe-sens-drejtesie-zeri-i-rinise-nuk-do-te-mbyllet-kurre","status":"publish","type":"post","link":"https:\/\/rdnews.al\/index.php\/2026\/02\/16\/ibraj-regjimi-i-rames-ka-humbur-cdo-limit-moral-dhe-sens-drejtesie-zeri-i-rinise-nuk-do-te-mbyllet-kurre\/","title":{"rendered":"Ibraj: Regjimi i Ram\u00ebs ka humbur \u00e7do limit, moral dhe sens drejt\u00ebsie! Z\u00ebri i rinis\u00eb nuk do t\u00eb mbyllet kurr\u00eb!"},"content":{"rendered":"<p>N\u00eb protest\u00ebn e mbajtur para Kryeministris\u00eb, sekretarja p\u00ebr Rinin\u00eb n\u00eb Partin\u00eb e Liris\u00eb, Anisa Ibraj akuzoi qeverin\u00eb p\u00ebr nj\u00eb agjend\u00eb t\u00eb q\u00ebllimshme p\u00ebr largimin e rinis\u00eb nga Shqip\u00ebria.<\/p>\n<p>Gjat\u00eb fjalimit t\u00eb mbajtur n\u00eb Foltoren para godin\u00ebs s\u00eb Kryeministris\u00eb, Ibraj e cil\u00ebsoi qeverin\u00eb si nj\u00eb \u201cregjim q\u00eb ka humbur \u00e7do limit, moral dhe \u00e7do sens drejt\u00ebsie\u201d. Ajo akuzoi drejtp\u00ebrdrejt kryeministrin Rama p\u00ebr urdh\u00ebrimin e arrestimeve t\u00eb qytetar\u00ebve dhe p\u00ebrdorimin e dhun\u00ebs, ve\u00e7an\u00ebrisht ndaj rinis\u00eb q\u00eb proteston.<\/p>\n<p>Ibraj b\u00ebri thirrje p\u00ebr nj\u00eb front t\u00eb p\u00ebrbashk\u00ebt kund\u00ebr dhun\u00ebs, padrejt\u00ebsis\u00eb dhe asaj q\u00eb e cil\u00ebsoi strategji p\u00ebr shpopullimin e vendit, duke theksuar se \u201cz\u00ebri i rinis\u00eb nuk ndalet dhe nuk do t\u00eb mbyllet kurr\u00eb\u201d.<\/p>\n<p><strong>Fjala e saj<\/strong><\/p>\n<p>Ju, q\u00eb me guxim i that\u00eb, o hajdut, grabit\u00ebsit t\u00eb pronave tuaja. Arrestimet nuk munguan p\u00ebr k\u00ebt\u00eb t\u00eb v\u00ebrtet\u00eb t\u00eb th\u00ebn\u00eb. Rama, q\u00eb urdh\u00ebron live arrestimet e qytetar\u00ebve, do p\u00ebrfundoj\u00eb i arrestuar nga populli. Sot jemi k\u00ebtu p\u00ebr t&#8217;i th\u00ebn\u00eb mjaft nj\u00eb regjimi q\u00eb ka humbur \u00e7do limit, moral dhe \u00e7do sens drejt\u00ebsie. Nj\u00eb regjim q\u00eb p\u00ebrdor dhun\u00eb ndaj qytetar\u00ebve t\u00eb k\u00ebtij vendi, por mbi t\u00eb gjitha ndaj rinis\u00eb q\u00eb guxon t\u00eb k\u00ebrkoj\u00eb t\u00eb drejtat m\u00eb elementare: t\u00eb shprehet, t\u00eb protestoj\u00eb dhe t\u00eb jetoj\u00eb n\u00eb nj\u00eb vend t\u00eb lir\u00eb. Nuk \u00ebsht\u00eb rast\u00ebsi q\u00eb policia arreston t\u00eb rinjt\u00eb tan\u00eb, t\u00eb cil\u00ebt ju bashkuan protest\u00ebs s\u00eb 10 shkurtit. U ngrit\u00ebn p\u00ebr t\u00eb k\u00ebrkuar nj\u00eb t\u00eb ardhme m\u00eb t\u00eb mir\u00eb, drejt\u00ebsi dhe dinjitet dhe p\u00ebrgjigja: frik\u00eb, presion, hekura.<\/p>\n<p>Nuk \u00ebsht\u00eb rast\u00ebsi q\u00eb duan t\u00eb na heqin z\u00ebrin, t\u00eb na mohojn\u00eb t\u00eb drejt\u00ebn p\u00ebr t\u00eb protestuar dhe t\u00eb na detyrojn\u00eb t\u00eb largohemi nga vendi. Kjo \u00ebsht\u00eb agjend\u00eb e qart\u00eb e kryehajdutit dhe band\u00ebs s\u00eb tij, q\u00eb synon t\u00eb shpopulloj\u00eb Shqip\u00ebrin\u00eb dhe t\u00eb mbaj\u00eb t\u00eb rinjt\u00eb n\u00ebn kontroll me frik\u00eb. Shikoni pasojat, \u00e7do arrestim nuk prek vet\u00ebm t\u00eb rinjt\u00eb, prek familjet shqiptare, prek komunitetin dhe prek shpres\u00ebn. Prind\u00ebrit q\u00eb shohin f\u00ebmij\u00ebt e tyre t\u00eb nd\u00ebshkuar p\u00ebr guximin, qytetar\u00ebt q\u00eb nuk guxojn\u00eb t\u00eb ngrihen dhe rinia q\u00eb detyrohet t\u00eb largohet p\u00ebr t\u00eb shp\u00ebtuar t\u00eb ardhmen e vet. Kjo \u00ebsht\u00eb politika e kreut t\u00eb vjedh\u00ebsve, t\u00eb mb\u00ebrthej\u00eb gjith\u00e7ka duke frik\u00ebsuar.<\/p>\n<p>Por ne nuk ka hajdut q\u00eb na frik\u00ebson. Rinia shqiptare nuk ka dhun\u00eb q\u00eb e ndal, nuk ka hekura q\u00eb rinis\u00eb t&#8217;i privojn\u00eb lirin\u00eb. Nuk do t&#8217;i lejojm\u00eb m\u00eb t\u00eb na privojn\u00eb, t\u00eb na ulin z\u00ebrin, t\u00eb na mohojn\u00eb t\u00eb drejt\u00ebn p\u00ebr t\u00eb protestuar. \u00c7do arrestim \u00ebsht\u00eb nj\u00eb thirrje p\u00ebr bashkim, \u00e7do tentativ\u00eb p\u00ebr t\u00eb shpopulluar vendin ton\u00eb \u00ebsht\u00eb nj\u00eb thirrje p\u00ebr rezistenc\u00eb. Hajduti i pronave, hajduti i taksave t\u00eb shqiptar\u00ebve, kryehajduti i Shqip\u00ebris\u00eb duhet ta ket\u00eb t\u00eb qart\u00eb se t\u00eb rinjt\u00eb nuk tremben dhe se familjet shqiptare nuk dor\u00ebzohen.<\/p>\n<p>Ky \u00ebsht\u00eb momenti kur gjith\u00eb vendi duhet t\u00eb ngrihet kund\u00ebr dhun\u00ebs, kund\u00ebr padrejt\u00ebsis\u00eb, kund\u00ebr shpopullimit q\u00eb ai po b\u00ebn. Sot nuk ngrem\u00eb z\u00ebrin vet\u00ebm p\u00ebr t\u00eb rinjt\u00eb e arrestuar, ngrem\u00eb z\u00ebrin p\u00ebr t\u00eb ardhmen e Shqip\u00ebris\u00eb, p\u00ebr t\u00eb gjith\u00eb ata q\u00eb nuk duan t\u00eb largohen me dhun\u00eb nga regjimi dhe p\u00ebr dinjitetin e \u00e7do shqiptari. Mos harroni, z\u00ebri i rinis\u00eb nuk ndalet, nuk mund t\u00eb mbyllet dhe nuk do t\u00eb mbyllet kurr\u00eb. Prandaj s\u00ebrish t\u00eb gjith\u00eb bashk\u00eb, t\u00eb patrembur, m\u00eb 20 shkurt t&#8217;i tregojm\u00eb q\u00eb nuk na ndal as burgu e as frika p\u00ebr t\u00eb d\u00ebbuar nj\u00eb sekond\u00eb e m\u00eb par\u00eb nj\u00eb hajdut si ky. Liri p\u00ebr t\u00eb rinjt\u00eb, liri p\u00ebr Shqip\u00ebrin\u00eb.<\/p>\n","protected":false},"excerpt":{"rendered":"<p>N\u00eb protest\u00ebn e mbajtur para Kryeministris\u00eb, sekretarja p\u00ebr Rinin\u00eb n\u00eb Partin\u00eb e Liris\u00eb, Anisa Ibraj akuzoi qeverin\u00eb p\u00ebr nj\u00eb agjend\u00eb t\u00eb q\u00ebllimshme p\u00ebr largimin e rinis\u00eb nga Shqip\u00ebria. Gjat\u00eb fjalimit t\u00eb mbajtur n\u00eb Foltoren para godin\u00ebs s\u00eb Kryeministris\u00eb, Ibraj e cil\u00ebsoi qeverin\u00eb si nj\u00eb \u201cregjim q\u00eb ka humbur \u00e7do limit, moral dhe \u00e7do sens drejt\u00ebsie\u201d. &hellip;<\/p>\n","protected":false},"author":4,"featured_media":136226,"comment_status":"closed","ping_status":"closed","sticky":false,"template":"","format":"standard","meta":{"footnotes":""},"categories":[37],"tags":[],"class_list":["post-136225","post","type-post","status-publish","format-standard","has-post-thumbnail","","category-politike"],"_links":{"self":[{"href":"https:\/\/rdnews.al\/index.php\/wp-json\/wp\/v2\/posts\/136225","targetHints":{"allow":["GET"]}}],"collection":[{"href":"https:\/\/rdnews.al\/index.php\/wp-json\/wp\/v2\/posts"}],"about":[{"href":"https:\/\/rdnews.al\/index.php\/wp-json\/wp\/v2\/types\/post"}],"author":[{"embeddable":true,"href":"https:\/\/rdnews.al\/index.php\/wp-json\/wp\/v2\/users\/4"}],"replies":[{"embeddable":true,"href":"https:\/\/rdnews.al\/index.php\/wp-json\/wp\/v2\/comments?post=136225"}],"version-history":[{"count":1,"href":"https:\/\/rdnews.al\/index.php\/wp-json\/wp\/v2\/posts\/136225\/revisions"}],"predecessor-version":[{"id":136227,"href":"https:\/\/rdnews.al\/index.php\/wp-json\/wp\/v2\/posts\/136225\/revisions\/136227"}],"wp:featuredmedia":[{"embeddable":true,"href":"https:\/\/rdnews.al\/index.php\/wp-json\/wp\/v2\/media\/136226"}],"wp:attachment":[{"href":"https:\/\/rdnews.al\/index.php\/wp-json\/wp\/v2\/media?parent=136225"}],"wp:term":[{"taxonomy":"category","embeddable":true,"href":"https:\/\/rdnews.al\/index.php\/wp-json\/wp\/v2\/categories?post=136225"},{"taxonomy":"post_tag","embeddable":true,"href":"https:\/\/rdnews.al\/index.php\/wp-json\/wp\/v2\/tags?post=136225"}],"curies":[{"name":"wp","href":"https:\/\/api.w.org\/{rel}","templated":true}]}}