{"id":136229,"date":"2026-02-16T18:40:06","date_gmt":"2026-02-16T18:40:06","guid":{"rendered":"https:\/\/rdnews.al\/?p=136229"},"modified":"2026-02-16T18:40:06","modified_gmt":"2026-02-16T18:40:06","slug":"studentja-thirrje-per-tu-bashkuar-ne-protesten-e-20-shkurtit-nuk-eshte-koha-per-justifikime","status":"publish","type":"post","link":"https:\/\/rdnews.al\/index.php\/2026\/02\/16\/studentja-thirrje-per-tu-bashkuar-ne-protesten-e-20-shkurtit-nuk-eshte-koha-per-justifikime\/","title":{"rendered":"Studentja thirrje p\u00ebr t\u2019u bashkuar n\u00eb protest\u00ebn e 20 shkurtit: Nuk \u00ebsht\u00eb koha p\u00ebr justifikime!"},"content":{"rendered":"<p>Studentja Lorida \u00c7eliku u b\u00ebri thirrje t\u00eb gjith\u00eb t\u00eb rinjve t\u00eb bashkohen me opozit\u00ebn n\u00eb protest\u00ebn e 20 shkurtit ora 18:00\u00a0para kryeministris\u00eb. Nga foltorja e organizuar nga PD sot para kryeministris\u00eb, \u00c7eliku tha se \u00ebsht\u00eb koha p\u00ebr tu ngritur n\u00eb protest kund\u00ebrs k\u00ebsaj qeverie q\u00eb po shpopullon vendin.<\/p>\n<p><strong>Fjala e saj<\/strong><\/p>\n<p>Un\u00eb quhem Lorida \u00c7eliku, vij nga qyteti i Burrelit dhe jam studente n\u00eb vit t\u00eb dyt\u00eb. Ka ardhur nj\u00eb koh\u00eb shum\u00eb e v\u00ebshtir\u00eb p\u00ebr t\u00eb gjith\u00eb, por n\u00eb ve\u00e7anti p\u00ebr ne t\u00eb rinjt\u00eb. Po na duhet t\u00eb rritemi para kohe, t\u00eb mendojm\u00eb p\u00ebr hallet dhe problemet q\u00eb nuk na p\u00ebrkasin. Sot, gj\u00ebja kryesore q\u00eb nj\u00eb i ri mendon \u00ebsht\u00eb se si t\u00eb ik\u00eb nga ky vend. Nga ky vend ku kemi plot kujtime t\u00eb bukura dhe ve\u00e7an\u00ebrisht shpirtin ton\u00eb, n\u00ebn\u00eb e bab\u00eb.<\/p>\n<p>N\u00eb vend q\u00eb ky shtet t\u00eb mundohet t\u00eb na mbaj\u00eb k\u00ebtu, po b\u00ebn \u00e7mos p\u00ebr t\u00eb na p\u00ebrz\u00ebn\u00eb, sepse k\u00ebshtu ndodh kur fati i t\u00eb rinjve lihet n\u00eb dor\u00eb t\u00eb nj\u00eb personi q\u00eb mendon vet\u00ebm p\u00ebr p\u00ebrfitimet e veta personale. Ky vend po degradon dita-dit\u00ebs. Kemi arsimin q\u00eb ka d\u00ebshtuar me koh\u00eb dhe askujt s&#8217;i b\u00ebhet von\u00eb. Nuk ju intereson aspak se si do t\u00eb shkollohen brezat e rinj, nd\u00ebrkoh\u00eb q\u00eb f\u00ebmij\u00ebt e tyre i kan\u00eb d\u00ebrguar t\u00eb shkollohen jasht\u00eb n\u00eb shkollat m\u00eb t\u00eb shtrenjta.<\/p>\n<p>Po shkat\u00ebrrohen biznese t\u00eb cilat mund t&#8217;ju ken\u00eb kushtuar nj\u00eb jet\u00eb t\u00eb t\u00ebr\u00eb pronar\u00ebve t\u00eb tyre p\u00ebr t&#8217;i hapur. Po mundohen t&#8217;ju marrin pronat qytetar\u00ebve pa asnj\u00eb t\u00eb drejt\u00eb e shum\u00eb e shum\u00eb gj\u00ebra t\u00eb tjera q\u00eb ju i dini shum\u00eb mir\u00eb. Por kam vet\u00ebm nj\u00eb pyetje p\u00ebr ju.<\/p>\n<p>Po pse? Kjo \u00ebsht\u00eb Shqip\u00ebria q\u00eb duam? \u00c7uditem se si disa akoma mbajn\u00eb an\u00ebn e nj\u00eb personi q\u00eb \u00ebsht\u00eb arsyeja kryesore e shkat\u00ebrrimit t\u00eb k\u00ebtij vendi. An\u00ebn e nj\u00eb specie i cili po na l\u00eb t\u00eb jetojm\u00eb n\u00eb komuniz\u00ebm modern, ku asnj\u00eb nuk \u00ebsht\u00eb i barabart\u00eb. E di q\u00eb shumica nga ju jan\u00eb lodhur duke par\u00eb se si ky vend po kthehet si dikur, por t\u00eb pakt\u00ebn po ju k\u00ebrkojm\u00eb nj\u00eb shans p\u00ebr t&#8217;u b\u00ebr\u00eb t\u00eb gjith\u00eb bashk\u00eb, p\u00ebr t\u00eb kthyer jet\u00ebn n\u00eb normalitet. Nuk \u00ebsht\u00eb koha p\u00ebr justifikime.<\/p>\n<p>E di q\u00eb keni frik\u00eb, e di se mendoni se ndoshta nuk do ia dalim dot. E di se k\u00ebrc\u00ebnoheni me buk\u00ebn e goj\u00ebs, por kjo \u00ebsht\u00eb m\u00ebnyra e vetme p\u00ebr t&#8217;i dh\u00ebn\u00eb nj\u00eb dor\u00eb k\u00ebtij vendi. Askush nuk do pyes\u00eb se kush e nisi protest\u00ebn, por kush mungoi kur ajo ndodhi. Prandaj m\u00eb 20 Shkurt, le t\u00eb bashkohemi t\u00eb gjith\u00eb bashk\u00eb p\u00ebr t\u00eb mir\u00ebn e vendit ton\u00eb dhe p\u00ebr nj\u00ebri-tjetrin.<\/p>\n","protected":false},"excerpt":{"rendered":"<p>Studentja Lorida \u00c7eliku u b\u00ebri thirrje t\u00eb gjith\u00eb t\u00eb rinjve t\u00eb bashkohen me opozit\u00ebn n\u00eb protest\u00ebn e 20 shkurtit ora 18:00\u00a0para kryeministris\u00eb. Nga foltorja e organizuar nga PD sot para kryeministris\u00eb, \u00c7eliku tha se \u00ebsht\u00eb koha p\u00ebr tu ngritur n\u00eb protest kund\u00ebrs k\u00ebsaj qeverie q\u00eb po shpopullon vendin. Fjala e saj Un\u00eb quhem Lorida \u00c7eliku, &hellip;<\/p>\n","protected":false},"author":4,"featured_media":136230,"comment_status":"closed","ping_status":"closed","sticky":false,"template":"","format":"standard","meta":{"footnotes":""},"categories":[37],"tags":[],"class_list":["post-136229","post","type-post","status-publish","format-standard","has-post-thumbnail","","category-politike"],"_links":{"self":[{"href":"https:\/\/rdnews.al\/index.php\/wp-json\/wp\/v2\/posts\/136229","targetHints":{"allow":["GET"]}}],"collection":[{"href":"https:\/\/rdnews.al\/index.php\/wp-json\/wp\/v2\/posts"}],"about":[{"href":"https:\/\/rdnews.al\/index.php\/wp-json\/wp\/v2\/types\/post"}],"author":[{"embeddable":true,"href":"https:\/\/rdnews.al\/index.php\/wp-json\/wp\/v2\/users\/4"}],"replies":[{"embeddable":true,"href":"https:\/\/rdnews.al\/index.php\/wp-json\/wp\/v2\/comments?post=136229"}],"version-history":[{"count":1,"href":"https:\/\/rdnews.al\/index.php\/wp-json\/wp\/v2\/posts\/136229\/revisions"}],"predecessor-version":[{"id":136231,"href":"https:\/\/rdnews.al\/index.php\/wp-json\/wp\/v2\/posts\/136229\/revisions\/136231"}],"wp:featuredmedia":[{"embeddable":true,"href":"https:\/\/rdnews.al\/index.php\/wp-json\/wp\/v2\/media\/136230"}],"wp:attachment":[{"href":"https:\/\/rdnews.al\/index.php\/wp-json\/wp\/v2\/media?parent=136229"}],"wp:term":[{"taxonomy":"category","embeddable":true,"href":"https:\/\/rdnews.al\/index.php\/wp-json\/wp\/v2\/categories?post=136229"},{"taxonomy":"post_tag","embeddable":true,"href":"https:\/\/rdnews.al\/index.php\/wp-json\/wp\/v2\/tags?post=136229"}],"curies":[{"name":"wp","href":"https:\/\/api.w.org\/{rel}","templated":true}]}}