{"id":136232,"date":"2026-02-16T18:46:14","date_gmt":"2026-02-16T18:46:14","guid":{"rendered":"https:\/\/rdnews.al\/?p=136232"},"modified":"2026-02-16T18:47:00","modified_gmt":"2026-02-16T18:47:00","slug":"po-ku-jemi-keto-100-dite-ne-drejtimin-e-bashkise-vlore-nga-kryetarja-jolegjitime","status":"publish","type":"post","link":"https:\/\/rdnews.al\/index.php\/2026\/02\/16\/po-ku-jemi-keto-100-dite-ne-drejtimin-e-bashkise-vlore-nga-kryetarja-jolegjitime\/","title":{"rendered":"Ku jemi k\u00ebto 100 dit\u00eb n\u00eb drejtimin e Bashkis\u00eb Vlor\u00eb nga kryetarja jolegjitime?"},"content":{"rendered":"<p><strong>Nga Rezenbrik SERJANI<\/strong><\/p>\n<p>ADMINISTRATA E 9 N\u00cbNTORIT, KRYESUAR NGA KRYETARJA JOLEGJITIME e Bashkis\u00eb Vlor\u00eb, B\u00cbN 100 DIT\u00cb N\u00cb KRYE T\u00cb DREJTIMIT T\u00cb PUN\u00cbVE T\u00cb BASHKIS\u00cb VLOR\u00cb.<\/p>\n<p>N\u00eb tradit\u00ebn politike, 100 dit\u00ebt e para nuk jan\u00eb thjesht nj\u00eb shif\u00ebr simbolike, ato p\u00ebrb\u00ebjn\u00eb nj\u00eb mat\u00ebs real t\u00eb vizionit, seriozitetit dhe objektivave qeveris\u00ebse. Jan\u00eb nj\u00eb projektim i s\u00eb ardhmes p\u00ebrmes veprimeve konkrete t\u00eb s\u00eb tashmes. Jan\u00eb prova e par\u00eb e objektivave, prioriteteve dhe p\u00ebrgjegj\u00ebsis\u00eb s\u00eb nj\u00eb drejtuesi, qoft\u00eb n\u00eb nivel vendor apo qendror.<\/p>\n<p>Po ku jemi k\u00ebto 100 dit\u00eb?<\/p>\n<p>Si \u00ebsht\u00eb Vlora dhe si projektohet e ardhmja e saj nga kryetarja jolegjitime 7% q\u00eb e drejton at\u00eb n\u00eb delegjitimitet t\u00eb plot\u00eb?<\/p>\n<p>A kan\u00eb qen\u00eb dhe a d\u00ebshmojn\u00eb k\u00ebto 100 dit\u00eb nj\u00eb politik\u00ebb\u00ebrje t\u00eb mir\u00eb p\u00ebr Vlor\u00ebn, n\u00eb aspektin e pun\u00ebve t\u00eb Bashkis\u00eb?<\/p>\n<p>A do t\u00eb jet\u00eb Vlora m\u00eb e mir\u00eb n\u00eb p\u00ebrfundim t\u00eb k\u00ebtij gjysm\u00ebmandati t\u00eb ardhsh\u00ebm dhe n\u00eb fund t\u00eb k\u00ebtij kat\u00ebrvje\u00e7ari t\u00eb zi, q\u00eb besoj se do t\u00eb p\u00ebrfundoj\u00eb m\u00eb keq se sa nisi?!<\/p>\n<p>K\u00ebto 100 dit\u00eb jo vet\u00ebm q\u00eb nuk \u00ebsht\u00eb b\u00ebr\u00eb asnj\u00eb progres apo pun\u00eb reale nga ana e Bashkis\u00eb Vlor\u00eb, por, akoma m\u00eb keq, \u00e7do gj\u00eb po shkon mbrapsht.<\/p>\n<p>N\u00eb 100 dit\u00eb, kryetarja e Bashkis\u00eb Vlor\u00eb na ka treguar dhe ka d\u00ebshmuar se institucioni i Bashkis\u00eb nuk ekziston dhe p\u00ebr qytetin asnj\u00eb pun\u00eb reale nuk \u00ebsht\u00eb nd\u00ebrmarr\u00eb.<\/p>\n<p>Qyteti ka p\u00ebrjetuar nj\u00eb val\u00eb protestash qytetare, duke nisur me punonj\u00ebsit e pastrimit q\u00eb kan\u00eb denoncuar shkelje t\u00eb t\u00eb drejtave t\u00eb pun\u00ebs, te tregtar\u00ebt e vegj\u00ebl n\u00ebn presion ekonomik, te transporti urban e interurban i l\u00ebn\u00eb pa zgjidhje institucionale.Kujtojm\u00eb k\u00ebtu dhe kryeprotest\u00ebn e udh\u00ebhequr nga kulmi i pak\u00ebnaq\u00ebsis\u00eb qytetare, ku mij\u00ebra qytetar\u00eb mbet\u00ebn p\u00ebr dit\u00eb t\u00eb t\u00ebra pa nj\u00eb sh\u00ebrbim bazik jetik, sic ishte mungesa e furnizimit me uj\u00eb p\u00ebr 7 dit\u00eb. K\u00ebto jan\u00eb indikator\u00eb t\u00eb nj\u00eb administrate q\u00eb nuk funksionon me standardin e p\u00ebrgjegj\u00ebsis\u00eb publike.<\/p>\n<p>Mbledhjet e K\u00ebshillit Bashkiak kan\u00eb reflektuar munges\u00eb transparence dhe llogaridh\u00ebnieje nga ana e drejtuesve t\u00eb Bashkis\u00eb Vlor\u00eb, nd\u00ebrsa projektet e prezantuara nuk kan\u00eb arritur t\u00eb krijojn\u00eb besim publik, p\u00ebrkundrazi ato jan\u00eb fund e kry projekte me baza t\u00eb forta abuzimi. N\u00eb vend t\u00eb nj\u00eb klime bashk\u00ebpunimi dhe zhvillimi sipas modelit institucion-qytetar, sot Bashkia Vlor\u00eb \u00ebsht\u00eb kthyer n\u00eb modelin e arroganc\u00ebs institucionale dhe i munges\u00ebs s\u00eb dialogut, arroganc\u00eb kjo e p\u00ebrqendruar nga ana e Kryetares s\u00eb Bashkis\u00eb Vlor\u00eb.<\/p>\n<p>100 dit\u00ebt e para duhej t\u00eb ishin themeli i nj\u00eb mandati t\u00eb p\u00ebrgjegjsh\u00ebm. N\u00eb vend t\u00eb k\u00ebsaj, ato kan\u00eb ngritur pik\u00ebpyetje serioze mbi drejtimin dhe vizionin p\u00ebr qytetin. K\u00ebto 100 dit\u00eb nuk kan\u00eb rezultuar me nj\u00eb projekt t\u00eb qart\u00eb p\u00ebr ekonomin\u00eb lokale, p\u00ebr turizmin, p\u00ebr infrastruktur\u00ebn, p\u00ebr pun\u00ebsimin apo p\u00ebr sh\u00ebrbimet baz\u00eb. Nuk ka objektiva t\u00eb matsh\u00ebm dhe as mekanizma real\u00eb monitorimi. \u00c7do instanc\u00eb apo nis\u00ebm nga ana e Bashkis\u00eb \u00ebsht\u00eb n\u00eb r\u00ebnie t\u00eb lir\u00eb. Asnj\u00eb p\u00ebrmir\u00ebsim !<\/p>\n<p>2027 \u00ebsht\u00eb af\u00ebr. Zgjedhjet e ardhshme vendore do t\u00eb jen\u00eb nj\u00eb tregues real dhe vendimtar p\u00ebr shum\u00eb zhvillime n\u00eb Vlor\u00eb dhe mbar\u00eb Shqip\u00ebrin\u00eb.<\/p>\n<p>Projektet e vetme t\u00eb Bashkis\u00eb jan\u00eb projektet e korrupsionit. N\u00eb \u00e7do asfalt q\u00eb hidhet apo lule q\u00eb mbillet, aty gjithmon\u00eb ka abuzim, dhe kjo me bekimin e ekzekutivit vendor t\u00eb Bashkis\u00eb Vlor\u00eb.<\/p>\n<p>100 dit\u00ebt nuk d\u00ebshmojn\u00eb asnj\u00eb perspektiv\u00eb p\u00ebr t\u00eb ardhmen e Vlor\u00ebs, asnj\u00eb plan konkret, asnj\u00eb objektiv real me n\u00eb qend\u00ebr qytetarin vlonjat.<\/p>\n<p>Vlora sot ndodhet n\u00eb nj\u00eb udh\u00ebkryq.<br \/>\nMidis arroganc\u00ebs dhe p\u00ebrgjegj\u00ebsis\u00eb.<br \/>\nMidis interesit personal dhe interesit publik.<\/p>\n<p>100 dit\u00ebt e para nuk soll\u00ebn ndryshimin e premtuar. Ato prodhuan m\u00eb shum\u00eb pasiguri sesa shpres\u00eb. Dhe n\u00ebse nuk ndryshon qasja, \u00e7do 100-dit\u00ebsh i ardhsh\u00ebm rrezikon t\u00eb thelloj\u00eb m\u00eb tej k\u00ebt\u00eb hendek midis qytetit dhe institucioneve q\u00eb duhet ta p\u00ebrfaq\u00ebsojn\u00eb at\u00eb, sepse fatkeq\u00ebsisht objektivi i k\u00ebtij ekzekutivi dhe n\u00eb ve\u00e7anti i vet kryetares aktuale \u00ebsht\u00eb vazhdimi i abuzimit dhe mendja p\u00ebr nj\u00eb rikandidim t\u00eb dyt\u00eb.<\/p>\n<p>Si mat\u00ebs i politik\u00ebb\u00ebrjes, 100 dit\u00ebt e para e ngelin n\u00eb klas\u00eb kryetaren 7% t\u00eb Bashkis\u00eb Vlor\u00eb.<\/p>\n","protected":false},"excerpt":{"rendered":"<p>Nga Rezenbrik SERJANI ADMINISTRATA E 9 N\u00cbNTORIT, KRYESUAR NGA KRYETARJA JOLEGJITIME e Bashkis\u00eb Vlor\u00eb, B\u00cbN 100 DIT\u00cb N\u00cb KRYE T\u00cb DREJTIMIT T\u00cb PUN\u00cbVE T\u00cb BASHKIS\u00cb VLOR\u00cb. N\u00eb tradit\u00ebn politike, 100 dit\u00ebt e para nuk jan\u00eb thjesht nj\u00eb shif\u00ebr simbolike, ato p\u00ebrb\u00ebjn\u00eb nj\u00eb mat\u00ebs real t\u00eb vizionit, seriozitetit dhe objektivave qeveris\u00ebse. Jan\u00eb nj\u00eb projektim i s\u00eb &hellip;<\/p>\n","protected":false},"author":4,"featured_media":81345,"comment_status":"closed","ping_status":"closed","sticky":false,"template":"","format":"standard","meta":{"footnotes":""},"categories":[37],"tags":[],"class_list":["post-136232","post","type-post","status-publish","format-standard","has-post-thumbnail","","category-politike"],"_links":{"self":[{"href":"https:\/\/rdnews.al\/index.php\/wp-json\/wp\/v2\/posts\/136232","targetHints":{"allow":["GET"]}}],"collection":[{"href":"https:\/\/rdnews.al\/index.php\/wp-json\/wp\/v2\/posts"}],"about":[{"href":"https:\/\/rdnews.al\/index.php\/wp-json\/wp\/v2\/types\/post"}],"author":[{"embeddable":true,"href":"https:\/\/rdnews.al\/index.php\/wp-json\/wp\/v2\/users\/4"}],"replies":[{"embeddable":true,"href":"https:\/\/rdnews.al\/index.php\/wp-json\/wp\/v2\/comments?post=136232"}],"version-history":[{"count":2,"href":"https:\/\/rdnews.al\/index.php\/wp-json\/wp\/v2\/posts\/136232\/revisions"}],"predecessor-version":[{"id":136234,"href":"https:\/\/rdnews.al\/index.php\/wp-json\/wp\/v2\/posts\/136232\/revisions\/136234"}],"wp:featuredmedia":[{"embeddable":true,"href":"https:\/\/rdnews.al\/index.php\/wp-json\/wp\/v2\/media\/81345"}],"wp:attachment":[{"href":"https:\/\/rdnews.al\/index.php\/wp-json\/wp\/v2\/media?parent=136232"}],"wp:term":[{"taxonomy":"category","embeddable":true,"href":"https:\/\/rdnews.al\/index.php\/wp-json\/wp\/v2\/categories?post=136232"},{"taxonomy":"post_tag","embeddable":true,"href":"https:\/\/rdnews.al\/index.php\/wp-json\/wp\/v2\/tags?post=136232"}],"curies":[{"name":"wp","href":"https:\/\/api.w.org\/{rel}","templated":true}]}}