{"id":136240,"date":"2026-02-17T09:41:57","date_gmt":"2026-02-17T09:41:57","guid":{"rendered":"https:\/\/rdnews.al\/?p=136240"},"modified":"2026-02-17T09:41:57","modified_gmt":"2026-02-17T09:41:57","slug":"dosja-5d-kerkohet-denimi-me-39-vite-burg-per-7-zyrtaret-e-bashkise","status":"publish","type":"post","link":"https:\/\/rdnews.al\/index.php\/2026\/02\/17\/dosja-5d-kerkohet-denimi-me-39-vite-burg-per-7-zyrtaret-e-bashkise\/","title":{"rendered":"Dosja \u201c5D\u201d, k\u00ebrkohet d\u00ebnimi me 39 vite burg p\u00ebr 7 zyrtar\u00ebt e Bashkis\u00eb"},"content":{"rendered":"<p>Prokuroria e Posa\u00e7me ka lexuar sot konkluzionet p\u00ebrfundimtare duke k\u00ebrkuar d\u00ebnimin e 7 zyrtar\u00ebve t\u00eb Bashkis\u00eb s\u00eb Tiran\u00ebs n\u00eb kuad\u00ebr t\u00eb \u201cDosjes 5D\u201d q\u00eb u gjykua me procedur\u00eb t\u00eb zakonshme.<\/p>\n<p>Konkretisht, SPAK ka k\u00ebrkuar:<\/p>\n<p><strong>\u2013 Redi Molla<\/strong>\u00a011 vjet burg, d\u00ebnim pot\u00ebsues ndalim ushtrimi t\u00eb funksioneve publike p\u00ebr 5 vite;<\/p>\n<p><strong>\u2013 Mariglen Qato<\/strong>\u00a09 vjet burg, d\u00ebnim plot\u00ebsues ndalim ushtrimi t\u00eb funksioneve publike p\u00ebr 5 vite;<\/p>\n<div class=\"jnews_inline_related_post_wrapper left\">\n<div class=\"jnews_inline_related_post\">\n<div class=\"jeg_postblock_29 jeg_postblock jeg_module_hook jeg_pagination_disable jeg_col_2o3 jnews_module_1662033_1_699434fb0c768   \" data-unique=\"jnews_module_1662033_1_699434fb0c768\">\n<div class=\"jeg_block_heading jeg_block_heading_6 jeg_subcat_right\"><\/div>\n<\/div>\n<\/div>\n<\/div>\n<div class=\"jeg_ad jeg_ad_article jnews_content_inline_2_ads  \">\n<div class=\"ads-wrapper align-center \">\n<div class=\"ads_code\"><strong>\u2013 Taulant Tusha<\/strong>, 4 vjet burg, d\u00ebnim plot\u00ebsues ndalim ushtrimi t\u00eb funksioneve publike p\u00ebr 5 vite;<\/div>\n<\/div>\n<\/div>\n<p><strong>\u2013 Albano Janku<\/strong>, 2 vite, d\u00ebnim plot\u00ebsues ndalim ushtrimi t\u00eb funksioneve publike p\u00ebr 5 vite;<\/p>\n<p><strong>\u2013 Enton Punavija<\/strong>, 3 vjet burg, d\u00ebnim plot\u00ebsues ndalim ushtrimi t\u00eb funksioneve publike p\u00ebr 5 vite;<\/p>\n<p><strong>\u2013 Julian Zanaj,<\/strong>\u00a03 vjet burg, d\u00ebnim plot\u00ebsues ndalim ushtrimi t\u00eb funksioneve publike p\u00ebr 5 vite;<\/p>\n<p><strong>\u2013 Nestor Muhametllari,<\/strong>\u00a07 vjet burg, d\u00ebnim plot\u00ebsues ndalim ushtrimi t\u00eb funksioneve publike p\u00ebr 5 vite.<\/p>\n<p>I vetmi q\u00eb ndodhet n\u00eb burg nga zyrtar\u00ebt e akuzuar \u00ebsht\u00eb Mariglen Qato. Ata akuzohen p\u00ebr korrupsion, pastrim parash dhe mosdeklarim pasurie.<\/p>\n<p>Sipas SPAK, Redi Molla dhe\u00a0Mariglen Qato kan\u00eb qen\u00eb pronar\u00ebt \u201cde facto\u201d t\u00eb shoq\u00ebris\u00eb 5D Konstruksion sh.p.k, duke p\u00ebrdorur pronar\u00eb fiktiv\u00eb, nd\u00ebrsa vet\u00ebm n\u00eb k\u00ebt\u00eb dosje t\u00eb d\u00ebrguar p\u00ebr gjykim kan\u00eb marr\u00eb 12 tendera duke p\u00ebrfituar rreth 2 milion\u00eb euro n\u00eb periudh\u00ebn 2016-2020.<\/p>\n<p>M\u00eb her\u00ebt, Gjykata e Posa\u00e7me ka shpallur fajtor duke d\u00ebnuar kat\u00ebr prej t\u00eb pandehurve q\u00eb u gjykuan n\u00eb proces t\u00eb ndar\u00eb p\u00ebr dosjen \u201c5D\u201d, por q\u00eb nuk do t\u00eb b\u00ebjn\u00eb asnj\u00eb dit\u00eb burg. Drejtoresha e klubit shum\u00ebsport\u00ebsh,\u00a0Deborah Ke\u00e7i, me tre an\u00ebtar\u00ebt e komisionit t\u00eb vler\u00ebsimit t\u00eb ofertave,\u00a0Teuta Guri, Jetjon Mera dhe Renaldo Gjerazi u d\u00ebnuan me sh\u00ebrbim prove p\u00ebr shkelje t\u00eb barazis\u00eb s\u00eb pjes\u00ebmarr\u00ebsve n\u00eb tendera. Sipas SPAK, ata krijuan kushte dhe privilegjuan kompanin\u00eb \u201c5D\u201d t\u00eb drejtor\u00ebve t\u00eb Bashkis\u00eb s\u00eb Tiran\u00ebs n\u00eb m\u00ebnyr\u00eb q\u00eb t\u00eb shpallej fituese n\u00eb procedura tenderash.<\/p>\n","protected":false},"excerpt":{"rendered":"<p>Prokuroria e Posa\u00e7me ka lexuar sot konkluzionet p\u00ebrfundimtare duke k\u00ebrkuar d\u00ebnimin e 7 zyrtar\u00ebve t\u00eb Bashkis\u00eb s\u00eb Tiran\u00ebs n\u00eb kuad\u00ebr t\u00eb \u201cDosjes 5D\u201d q\u00eb u gjykua me procedur\u00eb t\u00eb zakonshme. Konkretisht, SPAK ka k\u00ebrkuar: \u2013 Redi Molla\u00a011 vjet burg, d\u00ebnim pot\u00ebsues ndalim ushtrimi t\u00eb funksioneve publike p\u00ebr 5 vite; \u2013 Mariglen Qato\u00a09 vjet burg, d\u00ebnim &hellip;<\/p>\n","protected":false},"author":4,"featured_media":124149,"comment_status":"closed","ping_status":"closed","sticky":false,"template":"","format":"standard","meta":{"footnotes":""},"categories":[37],"tags":[],"class_list":["post-136240","post","type-post","status-publish","format-standard","has-post-thumbnail","","category-politike"],"_links":{"self":[{"href":"https:\/\/rdnews.al\/index.php\/wp-json\/wp\/v2\/posts\/136240","targetHints":{"allow":["GET"]}}],"collection":[{"href":"https:\/\/rdnews.al\/index.php\/wp-json\/wp\/v2\/posts"}],"about":[{"href":"https:\/\/rdnews.al\/index.php\/wp-json\/wp\/v2\/types\/post"}],"author":[{"embeddable":true,"href":"https:\/\/rdnews.al\/index.php\/wp-json\/wp\/v2\/users\/4"}],"replies":[{"embeddable":true,"href":"https:\/\/rdnews.al\/index.php\/wp-json\/wp\/v2\/comments?post=136240"}],"version-history":[{"count":1,"href":"https:\/\/rdnews.al\/index.php\/wp-json\/wp\/v2\/posts\/136240\/revisions"}],"predecessor-version":[{"id":136241,"href":"https:\/\/rdnews.al\/index.php\/wp-json\/wp\/v2\/posts\/136240\/revisions\/136241"}],"wp:featuredmedia":[{"embeddable":true,"href":"https:\/\/rdnews.al\/index.php\/wp-json\/wp\/v2\/media\/124149"}],"wp:attachment":[{"href":"https:\/\/rdnews.al\/index.php\/wp-json\/wp\/v2\/media?parent=136240"}],"wp:term":[{"taxonomy":"category","embeddable":true,"href":"https:\/\/rdnews.al\/index.php\/wp-json\/wp\/v2\/categories?post=136240"},{"taxonomy":"post_tag","embeddable":true,"href":"https:\/\/rdnews.al\/index.php\/wp-json\/wp\/v2\/tags?post=136240"}],"curies":[{"name":"wp","href":"https:\/\/api.w.org\/{rel}","templated":true}]}}