{"id":136242,"date":"2026-02-17T09:47:10","date_gmt":"2026-02-17T09:47:10","guid":{"rendered":"https:\/\/rdnews.al\/?p=136242"},"modified":"2026-02-17T09:47:10","modified_gmt":"2026-02-17T09:47:10","slug":"kurti-kosova-po-rritet-gezuar-18-vjetorin-e-pavaresise","status":"publish","type":"post","link":"https:\/\/rdnews.al\/index.php\/2026\/02\/17\/kurti-kosova-po-rritet-gezuar-18-vjetorin-e-pavaresise\/","title":{"rendered":"Kurti: Kosova po rritet! G\u00ebzuar 18-vjetorin e Pavar\u00ebsis\u00eb!"},"content":{"rendered":"<p>Kryeministri Albin Kurti ka uruar 18-vjetorin e Pavar\u00ebsis\u00eb, duke theksuar se Kosova po rritet.<\/p>\n<p>\u2018Para 18 vjet\u00ebve lindi Pavar\u00ebsia e Republik\u00ebs s\u00eb Kosov\u00ebs, por lindi e pjekur, sepse shum\u00eb breza t\u00eb veprimtar\u00ebve, mbar\u00eb populli yn\u00eb me gjenerata t\u00eb panum\u00ebrta ka kontribuar dhe \u00ebsht\u00eb sakrifikuar q\u00eb ne t\u00eb jemi t\u00eb lir\u00eb dhe t\u00eb pavarur, t\u00eb kemi shtet demokratik dhe sovran\u2019, shkruan Kurti n\u00eb Facebook.<\/p>\n<p><strong>Postimi i plot\u00eb<\/strong><\/p>\n<p>Kosova po rritet. Po rritet numri i viteve t\u00eb pavar\u00ebsis\u00eb e numri i njohjeve t\u00eb shtet\u00ebsis\u00eb, po rritet ekonomia e vendit, mir\u00ebqenia e qytetar\u00ebve, dhe fuqia e shtetit. Para 18 vjet\u00ebve lindi Pavar\u00ebsia e Republik\u00ebs s\u00eb Kosov\u00ebs, por lindi e pjekur, sepse shum\u00eb breza t\u00eb veprimtar\u00ebve, mbar\u00eb populli yn\u00eb me gjenerata t\u00eb panum\u00ebrta ka kontribuar dhe \u00ebsht\u00eb sakrifikuar q\u00eb ne t\u00eb jemi t\u00eb lir\u00eb dhe t\u00eb pavarur, t\u00eb kemi shtet demokratik dhe sovran. Sot festojm\u00eb, por nj\u00ebkoh\u00ebsisht edhe nderojm\u00eb rezistenc\u00ebn paq\u00ebsore e kryengritjet e armatosura, t\u00eb cilat kulmuan me luft\u00ebn e drejt\u00eb t\u00eb Ushtris\u00eb \u00c7lirimtare t\u00eb Kosov\u00ebs.<\/p>\n<p>G\u00ebzuar Pavar\u00ebsia,18-vjetori, dhe kremtofshim t\u00eb gjith\u00eb bashk\u00eb p\u00ebr jet\u00eb e mot!<\/p>\n","protected":false},"excerpt":{"rendered":"<p>Kryeministri Albin Kurti ka uruar 18-vjetorin e Pavar\u00ebsis\u00eb, duke theksuar se Kosova po rritet. \u2018Para 18 vjet\u00ebve lindi Pavar\u00ebsia e Republik\u00ebs s\u00eb Kosov\u00ebs, por lindi e pjekur, sepse shum\u00eb breza t\u00eb veprimtar\u00ebve, mbar\u00eb populli yn\u00eb me gjenerata t\u00eb panum\u00ebrta ka kontribuar dhe \u00ebsht\u00eb sakrifikuar q\u00eb ne t\u00eb jemi t\u00eb lir\u00eb dhe t\u00eb pavarur, t\u00eb kemi &hellip;<\/p>\n","protected":false},"author":4,"featured_media":136243,"comment_status":"closed","ping_status":"closed","sticky":false,"template":"","format":"standard","meta":{"footnotes":""},"categories":[37],"tags":[],"class_list":["post-136242","post","type-post","status-publish","format-standard","has-post-thumbnail","","category-politike"],"_links":{"self":[{"href":"https:\/\/rdnews.al\/index.php\/wp-json\/wp\/v2\/posts\/136242","targetHints":{"allow":["GET"]}}],"collection":[{"href":"https:\/\/rdnews.al\/index.php\/wp-json\/wp\/v2\/posts"}],"about":[{"href":"https:\/\/rdnews.al\/index.php\/wp-json\/wp\/v2\/types\/post"}],"author":[{"embeddable":true,"href":"https:\/\/rdnews.al\/index.php\/wp-json\/wp\/v2\/users\/4"}],"replies":[{"embeddable":true,"href":"https:\/\/rdnews.al\/index.php\/wp-json\/wp\/v2\/comments?post=136242"}],"version-history":[{"count":1,"href":"https:\/\/rdnews.al\/index.php\/wp-json\/wp\/v2\/posts\/136242\/revisions"}],"predecessor-version":[{"id":136244,"href":"https:\/\/rdnews.al\/index.php\/wp-json\/wp\/v2\/posts\/136242\/revisions\/136244"}],"wp:featuredmedia":[{"embeddable":true,"href":"https:\/\/rdnews.al\/index.php\/wp-json\/wp\/v2\/media\/136243"}],"wp:attachment":[{"href":"https:\/\/rdnews.al\/index.php\/wp-json\/wp\/v2\/media?parent=136242"}],"wp:term":[{"taxonomy":"category","embeddable":true,"href":"https:\/\/rdnews.al\/index.php\/wp-json\/wp\/v2\/categories?post=136242"},{"taxonomy":"post_tag","embeddable":true,"href":"https:\/\/rdnews.al\/index.php\/wp-json\/wp\/v2\/tags?post=136242"}],"curies":[{"name":"wp","href":"https:\/\/api.w.org\/{rel}","templated":true}]}}