{"id":136263,"date":"2026-02-17T12:16:09","date_gmt":"2026-02-17T12:16:09","guid":{"rendered":"https:\/\/rdnews.al\/?p=136263"},"modified":"2026-02-17T12:16:09","modified_gmt":"2026-02-17T12:16:09","slug":"berisha-nje-shkelmim-tjeter-i-kushtetutes-jemi-ne-kushtet-e-mirefillta-te-nje-puci-antikushtetues","status":"publish","type":"post","link":"https:\/\/rdnews.al\/index.php\/2026\/02\/17\/berisha-nje-shkelmim-tjeter-i-kushtetutes-jemi-ne-kushtet-e-mirefillta-te-nje-puci-antikushtetues\/","title":{"rendered":"Berisha: Nj\u00eb shkelmim tjet\u00ebr i Kushtetut\u00ebs! Jemi n\u00eb kushtet e mir\u00ebfillta t\u00eb nj\u00eb pu\u00e7i antikushtetues!"},"content":{"rendered":"<p>Kryetari i PD, Sali Berisha tha se, p\u00ebrpjekja p\u00ebr t\u00eb barazuar personat e em\u00ebrtes\u00ebs me t\u00eb zgjedhurit \u00ebsht\u00eb nj\u00eb shkelmim tjet\u00ebr flagrant i Kushtetut\u00ebs.<\/p>\n<p><strong>Berisha:<\/strong> Shikoni pra ku shkon Edi Rama.<\/p>\n<p>Jemi n\u00eb kushtet e mir\u00ebfillta t\u00eb nj\u00eb pu\u00e7i antikushtetues.<\/p>\n<p>Tjet\u00ebr, n\u00eb qoft\u00eb se Kushtetuta p\u00ebr disa funksione parashikon barazi n\u00eb mbrojtje, nuk mund t\u00eb parashikoj\u00eb kurr\u00eb, nuk mund t\u00eb barazoj\u00eb kurr\u00eb t\u00eb zgjedhurin direkt nga sovrani me t\u00eb em\u00ebruarin nga parlamenti apo K\u00ebshilli i Ministrave.<\/p>\n<p>N\u00eb asnj\u00eb rrethan\u00eb.<\/p>\n<p>Ai q\u00eb \u00ebsht\u00eb zgjedhur nga sovrani, ai nuk pezullohet dot. Ai ndiqet penalisht. Atij i hiqet imuniteti, arrestohet dhe burgoset, por jo pezullim.<\/p>\n<p>P\u00ebrpjekja p\u00ebr t\u00eb barazuar personat e em\u00ebrtes\u00ebs me t\u00eb zgjedhurit \u00ebsht\u00eb nj\u00eb shkelmim tjet\u00ebr flagrant i Kushtetut\u00ebs.<\/p>\n<p>\u00cbsht\u00eb nj\u00eb tejkalim flagrant i Kushtetut\u00ebs.<\/p>\n<p>Sepse edhe fakti se imuniteti nuk ka t\u00eb b\u00ebj\u00eb me pezullimin. Po, ministrat kan\u00eb imunitet, dhe i zgjedhur dhe i pazgjedhur, duhet t\u00eb merret autorizimi n\u00eb parlament.<\/p>\n<p>Por pezullimi nuk ka lidhje me imunitetin, ka thjesht lidhje me ushtrimin e funksionit p\u00ebr t\u00eb cilin \u00ebsht\u00eb em\u00ebruar.<\/p>\n<p>E kuptoni ju se n\u00eb \u00e7far\u00eb \u00ebsht\u00eb Shqip\u00ebria t\u00eb nj\u00eb grushti shteti, tep\u00ebr t\u00eb rreziksh\u00ebm?<\/p>\n","protected":false},"excerpt":{"rendered":"<p>Kryetari i PD, Sali Berisha tha se, p\u00ebrpjekja p\u00ebr t\u00eb barazuar personat e em\u00ebrtes\u00ebs me t\u00eb zgjedhurit \u00ebsht\u00eb nj\u00eb shkelmim tjet\u00ebr flagrant i Kushtetut\u00ebs. Berisha: Shikoni pra ku shkon Edi Rama. Jemi n\u00eb kushtet e mir\u00ebfillta t\u00eb nj\u00eb pu\u00e7i antikushtetues. Tjet\u00ebr, n\u00eb qoft\u00eb se Kushtetuta p\u00ebr disa funksione parashikon barazi n\u00eb mbrojtje, nuk mund t\u00eb &hellip;<\/p>\n","protected":false},"author":4,"featured_media":136264,"comment_status":"closed","ping_status":"closed","sticky":false,"template":"","format":"standard","meta":{"footnotes":""},"categories":[37],"tags":[],"class_list":["post-136263","post","type-post","status-publish","format-standard","has-post-thumbnail","","category-politike"],"_links":{"self":[{"href":"https:\/\/rdnews.al\/index.php\/wp-json\/wp\/v2\/posts\/136263","targetHints":{"allow":["GET"]}}],"collection":[{"href":"https:\/\/rdnews.al\/index.php\/wp-json\/wp\/v2\/posts"}],"about":[{"href":"https:\/\/rdnews.al\/index.php\/wp-json\/wp\/v2\/types\/post"}],"author":[{"embeddable":true,"href":"https:\/\/rdnews.al\/index.php\/wp-json\/wp\/v2\/users\/4"}],"replies":[{"embeddable":true,"href":"https:\/\/rdnews.al\/index.php\/wp-json\/wp\/v2\/comments?post=136263"}],"version-history":[{"count":1,"href":"https:\/\/rdnews.al\/index.php\/wp-json\/wp\/v2\/posts\/136263\/revisions"}],"predecessor-version":[{"id":136265,"href":"https:\/\/rdnews.al\/index.php\/wp-json\/wp\/v2\/posts\/136263\/revisions\/136265"}],"wp:featuredmedia":[{"embeddable":true,"href":"https:\/\/rdnews.al\/index.php\/wp-json\/wp\/v2\/media\/136264"}],"wp:attachment":[{"href":"https:\/\/rdnews.al\/index.php\/wp-json\/wp\/v2\/media?parent=136263"}],"wp:term":[{"taxonomy":"category","embeddable":true,"href":"https:\/\/rdnews.al\/index.php\/wp-json\/wp\/v2\/categories?post=136263"},{"taxonomy":"post_tag","embeddable":true,"href":"https:\/\/rdnews.al\/index.php\/wp-json\/wp\/v2\/tags?post=136263"}],"curies":[{"name":"wp","href":"https:\/\/api.w.org\/{rel}","templated":true}]}}