{"id":136288,"date":"2026-02-17T17:57:04","date_gmt":"2026-02-17T17:57:04","guid":{"rendered":"https:\/\/rdnews.al\/?p=136288"},"modified":"2026-02-17T17:57:04","modified_gmt":"2026-02-17T17:57:04","slug":"berisha-nga-kruja-ne-kete-18-vjetor-kosova-vjen-si-nje-shtet-shembull-demokracie","status":"publish","type":"post","link":"https:\/\/rdnews.al\/index.php\/2026\/02\/17\/berisha-nga-kruja-ne-kete-18-vjetor-kosova-vjen-si-nje-shtet-shembull-demokracie\/","title":{"rendered":"Berisha nga Kruja: N\u00eb k\u00ebt\u00eb 18 vjetor, Kosova vjen si nj\u00eb shtet shembull demokracie!"},"content":{"rendered":"<p class=\"TableParagraph\"><span style=\"font-size: 14.0pt; font-family: 'Book Antiqua',serif;\">Kryetari i PD, Sali Berisha gjat\u00eb fjal\u00ebs n\u00eb \u201cFoltore\u201d n\u00eb Kruj\u00eb uroi pavarsin\u00eb e Kosov\u00ebs. Berisha tha se, n\u00eb k\u00ebt\u00eb 18 vjetor, Kosova vjen si nj\u00eb shtet shembull demokracie. <\/span><\/p>\n<p class=\"TableParagraph\"><span style=\"font-size: 14.0pt; font-family: 'Book Antiqua',serif;\">Berisha: Mir\u00ebmbr\u00ebma dhe p\u00ebrsh\u00ebndetjet m\u00eb t\u00eb p\u00ebrzem\u00ebrta.<\/span><\/p>\n<p class=\"TableParagraph\"><span style=\"font-size: 14.0pt; font-family: 'Book Antiqua',serif;\">Mir\u00ebnjohjen m\u00eb t\u00eb pakufishme, ju, qytetar\u00ebve t\u00eb Kruj\u00ebs, banor\u00ebve t\u00eb k\u00ebtij rrethi, p\u00ebr mb\u00ebshtetjen jasht\u00ebzakonisht t\u00eb \u00e7muar q\u00eb i keni dh\u00ebn\u00eb dhe i jepni Partis\u00eb Demokratike. Nderimin tim m\u00eb t\u00eb madh. <\/span><\/p>\n<p class=\"TableParagraph\"><span style=\"font-size: 14.0pt; font-family: 'Book Antiqua',serif;\">T\u00eb dashur miq, t\u00eb dashur deputet\u00eb, drejtues t\u00eb deg\u00ebs s\u00eb Partis\u00eb Demokratike t\u00eb Kruj\u00ebs. <\/span><\/p>\n<p class=\"TableParagraph\"><span style=\"font-size: 14.0pt; font-family: 'Book Antiqua',serif;\">Kruja \u00ebsht\u00eb mbi t\u00eb gjitha frym\u00ebzim p\u00ebr shqiptar\u00ebt. \u00cbsht\u00eb frym\u00ebzim p\u00ebr lirin\u00eb, \u00ebsht\u00eb frym\u00ebzim p\u00ebr atdhetarin\u00eb. <\/span><\/p>\n<p class=\"TableParagraph\"><span style=\"font-size: 14.0pt; font-family: 'Book Antiqua',serif;\">Kruja \u00ebsht\u00eb frym\u00ebzim p\u00ebr \u00e7do njeri q\u00eb n\u00eb \u00e7do rrethan\u00eb, n\u00eb \u00e7do situat\u00eb, sado t\u00eb pabarabart\u00eb q\u00eb t\u00eb jen\u00eb, betejat mund t&#8217;i fitohen, luft\u00ebn e drejt\u00eb mund ta fitoj\u00eb. <\/span><\/p>\n<p class=\"TableParagraph\"><span style=\"font-size: 14.0pt; font-family: 'Book Antiqua',serif;\">Ky \u00ebsht\u00eb leksioni m\u00eb i madh, trash\u00ebgimia m\u00eb e madhe q\u00eb na la Kruja dhe Sk\u00ebnderbeu p\u00ebr shqiptar\u00ebt. <\/span><\/p>\n<p class=\"TableParagraph\"><span style=\"font-size: 14.0pt; font-family: 'Book Antiqua',serif;\">Evokoj sot k\u00ebt\u00eb moment, sepse sot ne kemi nj\u00eb dat\u00eb t\u00eb madhe t\u00eb sh\u00ebnuar n\u00eb historin\u00eb e kombit, pavar\u00ebsin\u00eb e Kosov\u00ebs.<\/span><\/p>\n<p class=\"TableParagraph\"><span style=\"font-size: 14.0pt; font-family: 'Book Antiqua',serif;\">N\u00eb kushtet m\u00eb t\u00eb pabarabarta, n\u00eb pamje m\u00eb t\u00eb pamundura, shqiptar\u00ebt ia dol\u00ebn t\u00eb b\u00ebjn\u00eb t\u00eb pamundur\u00ebn t\u00eb mundur.<\/span><\/p>\n<p class=\"TableParagraph\"><span style=\"font-size: 14.0pt; font-family: 'Book Antiqua',serif;\">Ia dol\u00ebn me p\u00ebrpjekjet e tyre mbinjer\u00ebzore, me luft\u00ebrat, me luft\u00ebn e tyre, t\u00eb b\u00ebjn\u00eb t\u00eb pavarur Kosov\u00ebn, t\u00eb mos jen\u00eb m\u00eb t\u00eb shtypur, si\u00e7 ishin dhe n\u00eb k\u00ebt\u00eb 18 vjetor, Kosova vjen si nj\u00eb shtet, si nj\u00eb shembull, demokracie, drite, shprese p\u00ebr rajonin dhe shqiptar\u00ebt. <\/span><\/p>\n<p class=\"TableParagraph\"><span style=\"font-size: 14.0pt; font-family: 'Book Antiqua',serif;\">Pra, kthehem n\u00eb ato vite kur presidenti Ibrahim Rugova \u00e7do dit\u00eb p\u00ebrs\u00ebriste k\u00ebrkes\u00ebn p\u00ebr pavar\u00ebsi. Ju them un\u00eb ju k\u00ebtu se absolutisht asnj\u00ebri n\u00eb ndonj\u00eb kancelari t\u00eb huaj nuk e mb\u00ebshteste k\u00ebt\u00eb k\u00ebrkes\u00eb.<\/span><\/p>\n<p class=\"TableParagraph\"><span style=\"font-size: 14.0pt; font-family: 'Book Antiqua',serif;\">Por ja q\u00eb ajo u b\u00eb realitet, sepse ajo \u00ebsht\u00eb nj\u00eb kauz\u00eb e drejt\u00eb dhe u b\u00eb nj\u00eb kauz\u00eb e vendeve m\u00eb t\u00eb m\u00ebdha, t\u00eb cilat kan\u00eb sot Shtetet e Bashkuara dhe vende t\u00eb tjera mir\u00ebnjohjen ton\u00eb m\u00eb t\u00eb pakufishme. <\/span><\/p>\n<p class=\"TableParagraph\"><span style=\"font-size: 14.0pt; font-family: 'Book Antiqua',serif;\">K\u00ebshtu q\u00eb, g\u00ebzuar edhe nj\u00eb her\u00eb dat\u00ebn e dyt\u00eb m\u00eb t\u00eb r\u00ebnd\u00ebsishme n\u00eb historin\u00eb ton\u00eb komb\u00ebtare pas pavar\u00ebsis\u00eb s\u00eb Shqip\u00ebris\u00eb.<\/span><\/p>\n","protected":false},"excerpt":{"rendered":"<p>Kryetari i PD, Sali Berisha gjat\u00eb fjal\u00ebs n\u00eb \u201cFoltore\u201d n\u00eb Kruj\u00eb uroi pavarsin\u00eb e Kosov\u00ebs. Berisha tha se, n\u00eb k\u00ebt\u00eb 18 vjetor, Kosova vjen si nj\u00eb shtet shembull demokracie. Berisha: Mir\u00ebmbr\u00ebma dhe p\u00ebrsh\u00ebndetjet m\u00eb t\u00eb p\u00ebrzem\u00ebrta. Mir\u00ebnjohjen m\u00eb t\u00eb pakufishme, ju, qytetar\u00ebve t\u00eb Kruj\u00ebs, banor\u00ebve t\u00eb k\u00ebtij rrethi, p\u00ebr mb\u00ebshtetjen jasht\u00ebzakonisht t\u00eb \u00e7muar q\u00eb i &hellip;<\/p>\n","protected":false},"author":4,"featured_media":136289,"comment_status":"closed","ping_status":"closed","sticky":false,"template":"","format":"standard","meta":{"footnotes":""},"categories":[37],"tags":[],"class_list":["post-136288","post","type-post","status-publish","format-standard","has-post-thumbnail","","category-politike"],"_links":{"self":[{"href":"https:\/\/rdnews.al\/index.php\/wp-json\/wp\/v2\/posts\/136288","targetHints":{"allow":["GET"]}}],"collection":[{"href":"https:\/\/rdnews.al\/index.php\/wp-json\/wp\/v2\/posts"}],"about":[{"href":"https:\/\/rdnews.al\/index.php\/wp-json\/wp\/v2\/types\/post"}],"author":[{"embeddable":true,"href":"https:\/\/rdnews.al\/index.php\/wp-json\/wp\/v2\/users\/4"}],"replies":[{"embeddable":true,"href":"https:\/\/rdnews.al\/index.php\/wp-json\/wp\/v2\/comments?post=136288"}],"version-history":[{"count":1,"href":"https:\/\/rdnews.al\/index.php\/wp-json\/wp\/v2\/posts\/136288\/revisions"}],"predecessor-version":[{"id":136290,"href":"https:\/\/rdnews.al\/index.php\/wp-json\/wp\/v2\/posts\/136288\/revisions\/136290"}],"wp:featuredmedia":[{"embeddable":true,"href":"https:\/\/rdnews.al\/index.php\/wp-json\/wp\/v2\/media\/136289"}],"wp:attachment":[{"href":"https:\/\/rdnews.al\/index.php\/wp-json\/wp\/v2\/media?parent=136288"}],"wp:term":[{"taxonomy":"category","embeddable":true,"href":"https:\/\/rdnews.al\/index.php\/wp-json\/wp\/v2\/categories?post=136288"},{"taxonomy":"post_tag","embeddable":true,"href":"https:\/\/rdnews.al\/index.php\/wp-json\/wp\/v2\/tags?post=136288"}],"curies":[{"name":"wp","href":"https:\/\/api.w.org\/{rel}","templated":true}]}}