{"id":136291,"date":"2026-02-17T18:08:50","date_gmt":"2026-02-17T18:08:50","guid":{"rendered":"https:\/\/rdnews.al\/?p=136291"},"modified":"2026-02-17T18:08:50","modified_gmt":"2026-02-17T18:08:50","slug":"bylykbashi-kjo-qeveri-i-ka-shuar-shpresen-qytetareve-rruga-e-vetme-per-te-rrezuar-ramen-eshte-protesta","status":"publish","type":"post","link":"https:\/\/rdnews.al\/index.php\/2026\/02\/17\/bylykbashi-kjo-qeveri-i-ka-shuar-shpresen-qytetareve-rruga-e-vetme-per-te-rrezuar-ramen-eshte-protesta\/","title":{"rendered":"Bylykbashi: Kjo qeveri i ka shuar shpres\u00ebn qytetar\u00ebve, rruga e vetme p\u00ebr t\u00eb rr\u00ebzuar Ram\u00ebn \u00ebsht\u00eb protesta"},"content":{"rendered":"<p>Drejtuesi i PD i qarkut Durr\u00ebs, Oerd Bylykbashi, n\u00eb Foltoren e radh\u00ebs n\u00eb Kruj\u00eb, u shpreh se qytetar\u00ebt dhe demokrat\u00ebt e Kruj\u00ebs dhe Fushkruj\u00ebs dhan\u00eb nj\u00eb shembull t\u00eb qart\u00eb suksesi, duke sfiduar presionet e shtetit dhe patronazhimin e pushtetit lokal.<\/p>\n<p>Ai akuzoi\u00a0kryeministrin Edi Rama p\u00ebr mbrojtje t\u00eb klient\u00ebve t\u00eb vet, duke p\u00ebrmendur rastin e\u00a0Ballukut, dhe theksoi se p\u00ebrpjekjet e qeveris\u00eb jan\u00eb vet\u00ebm p\u00ebr t\u00eb mbrojtur interesat e nj\u00eb klike t\u00eb ngusht\u00eb politike.<\/p>\n<p>Bylykbashi b\u00ebri thirrje t\u00eb qart\u00eb p\u00ebr bashkim t\u00eb demokrat\u00ebve dhe gjith\u00eb shqiptar\u00ebve n\u00eb\u00a0protest\u00eb, duke theksuar se kjo \u00ebsht\u00eb rruga e vetme p\u00ebr t\u00eb rikthyer demokracin\u00eb, pluralizmin dhe normalitetin n\u00eb vend, si dhe p\u00ebr t\u00eb ndalur shpopullimin dhe degradimin q\u00eb po shkaktohet nga qeverisja aktuale.<\/p>\n<p><strong>Fjala e Bylykbashit<\/strong><\/p>\n<p>Demokrat\u00eb t\u00eb Kruj\u00ebs e Fushkruj\u00ebs, i nderuar kryetar i Partis\u00eb Demokratike, profesor doktor Sali Berisha, t\u00eb nderuar koleg\u00eb, deputet\u00eb, kandidat\u00eb,<\/p>\n<p>\u00cbsht\u00eb k\u00ebnaq\u00ebsi q\u00eb t\u00eb jem k\u00ebtu me ju sot n\u00eb k\u00ebt\u00eb foltore q\u00eb kryetari i Partis\u00eb Demokratike po zhvillon, dhe do t\u00eb zhvilloj\u00eb me ne bashk\u00eb, p\u00ebr t\u00eb diskutuar zhvillimet dhe rrug\u00ebn q\u00eb ne do t\u00eb ndjekim p\u00ebr t\u00eb shkuar p\u00ebrpara.<\/p>\n<p>Un\u00eb, si drejtues i qarkut Durr\u00ebs p\u00ebr Partin\u00eb Demokratike, bashk\u00eb me kolegun zotin Strazimiri, por edhe me zotin Doja, me Anjen, me Aulonin dhe me kandidat\u00ebt e tjer\u00eb, kemi bashk\u00ebpunuar me ju. N\u00eb Kruj\u00eb dhe Fushkruj\u00eb arrit\u00ebm nj\u00eb rezultat t\u00eb madh: n\u00eb Bashkin\u00eb e Kruj\u00ebs u arrit nj\u00eb fitore e r\u00ebnd\u00ebsishme. Ju jeni autor\u00ebt e k\u00ebtij rezultati, i cili \u00ebsht\u00eb baza p\u00ebr t\u00eb gjith\u00eb ne q\u00eb, s\u00eb bashku, pavar\u00ebsisht problemeve, t\u00eb tregojm\u00eb se si mund t\u00eb punojm\u00eb fort dhe t\u00eb jemi fitues n\u00eb zgjedhjet e ardhshme p\u00ebr Bashkin\u00eb e Kruj\u00ebs.<\/p>\n<p>Un\u00eb v\u00ebrtet do t\u00eb d\u00ebshiroja shum\u00eb q\u00eb n\u00eb reform\u00ebn territoriale Kruja dhe Fushkruja t\u00eb mbeten dy bashki t\u00eb ve\u00e7anta, por n\u00eb \u00e7do rast ju keni dh\u00ebn\u00eb prov\u00ebn se s\u00eb bashku, duke punuar p\u00ebrtej v\u00ebshtir\u00ebsive, p\u00ebrtej presioneve dhe patronazhimit t\u00eb shtetit, ju jeni fitues. Ky \u00ebsht\u00eb nj\u00eb falenderim i imi nga zemra p\u00ebr pun\u00ebn q\u00eb keni b\u00ebr\u00eb, por falenderoj edhe kandidat\u00ebt p\u00ebr rezultatet e shk\u00eblqyera q\u00eb pat\u00ebn n\u00eb k\u00ebt\u00eb zon\u00eb.<\/p>\n<p>Do t\u00eb jem i shkurt\u00ebr n\u00eb k\u00ebt\u00eb prononcim, por besoj se t\u00eb gjith\u00eb ju e keni t\u00eb qart\u00eb situat\u00ebn q\u00eb po zhvillohet. Shqip\u00ebria po shkon me shpejt\u00ebsi drejt nj\u00eb situate q\u00eb k\u00ebrkon zgjidhje vendimtare, dhe k\u00ebt\u00eb detyr\u00eb e kemi ne demokrat\u00ebt. Partia Demokratike, me n\u00eb krye profesor doktor Sali Berish\u00ebn, dhe t\u00eb gjitha partit\u00eb e tjera opozitare duhet t\u00eb mblidhen n\u00eb nj\u00eb front t\u00eb p\u00ebrbashk\u00ebt p\u00ebr t&#8217;i dh\u00ebn\u00eb drejtim k\u00ebsaj situate, e cila po i \u00e7on shqiptar\u00ebt n\u00eb gremin\u00eb p\u00ebrdit\u00eb.<\/p>\n<p>Ju u tha pak m\u00eb p\u00ebrpara nga t\u00eb gjith\u00eb koleg\u00ebt, Kruja \u00ebsht\u00eb nga vendet q\u00eb e ka ndjer\u00eb m\u00eb shum\u00eb shpopullimin. Dhe ky shpopullim nuk vjen thjesht nga zgjedhja e njer\u00ebzve p\u00ebr t&#8217;u larguar sepse duan nj\u00eb jet\u00eb m\u00eb t\u00eb mir\u00eb. \u00cbsht\u00eb modeli dhe shembulli se si shteti, me dor\u00ebn e vet, n\u00eb m\u00ebnyr\u00eb t\u00eb q\u00ebllimshme i shuan shpres\u00ebn qytetar\u00ebve: ia shuan prind\u00ebrve, f\u00ebmij\u00ebve, kujtdo q\u00eb do t\u00eb b\u00ebj\u00eb biznes, do t\u00eb shkollohet, k\u00ebrkon drejt\u00ebsi, rend, normalitet t\u00eb jet\u00ebs s\u00eb vet. Dhe ju jeni shembull.<\/p>\n<p>\u00cbsht\u00eb detyra jon\u00eb t\u00eb ngrihemi s\u00eb bashku, dhe ne kemi filluar nj\u00eb rrug\u00eb q\u00eb \u00ebsht\u00eb pa kthim: drejt rr\u00ebzimit t\u00eb Edi Ram\u00ebs dhe klik\u00ebs s\u00eb tij, i cili, si\u00e7 e shihni, vazhdon t\u00eb sillet p\u00ebrdit\u00eb p\u00ebr t\u00eb mbrojtur interesat e veta. P\u00ebrpjekja p\u00ebr t\u00eb mbrojtur Ballukun nuk \u00ebsht\u00eb asgj\u00eb tjet\u00ebr p\u00ebrve\u00e7se p\u00ebrpjekje p\u00ebr t\u00eb mbrojtur veten.<\/p>\n<p>Tani, p\u00ebrtej \u00e7do gj\u00ebje tjet\u00ebr q\u00eb do t\u00eb b\u00ebjm\u00eb, ftesa jon\u00eb \u00ebsht\u00eb q\u00eb t\u00eb gjith\u00eb shqiptar\u00ebt, jo thjesht an\u00ebtar\u00ebt dhe militant\u00ebt e Partis\u00eb Demokratike, t\u00eb bashkohen n\u00eb protest\u00eb p\u00ebr t\u00eb rr\u00ebzuar Edi Ram\u00ebn. Kjo \u00ebsht\u00eb rruga e vetme q\u00eb n\u00eb Shqip\u00ebri t\u00eb rikthehet demokracia, pluralizmi, normaliteti dhe rruga drejt Evrop\u00ebs.<\/p>\n<p>Un\u00eb nuk do t\u00eb zgjatem m\u00eb tej, por dua t\u2019ia kaloj fjal\u00ebn profesor doktor Sali Berish\u00ebs, kryetarit t\u00eb Partis\u00eb Demokratike, p\u00ebr t\u00eb vazhduar k\u00ebt\u00eb bashk\u00ebbisedim me ju.<\/p>\n","protected":false},"excerpt":{"rendered":"<p>Drejtuesi i PD i qarkut Durr\u00ebs, Oerd Bylykbashi, n\u00eb Foltoren e radh\u00ebs n\u00eb Kruj\u00eb, u shpreh se qytetar\u00ebt dhe demokrat\u00ebt e Kruj\u00ebs dhe Fushkruj\u00ebs dhan\u00eb nj\u00eb shembull t\u00eb qart\u00eb suksesi, duke sfiduar presionet e shtetit dhe patronazhimin e pushtetit lokal. Ai akuzoi\u00a0kryeministrin Edi Rama p\u00ebr mbrojtje t\u00eb klient\u00ebve t\u00eb vet, duke p\u00ebrmendur rastin e\u00a0Ballukut, dhe &hellip;<\/p>\n","protected":false},"author":4,"featured_media":136292,"comment_status":"closed","ping_status":"closed","sticky":false,"template":"","format":"standard","meta":{"footnotes":""},"categories":[37],"tags":[],"class_list":["post-136291","post","type-post","status-publish","format-standard","has-post-thumbnail","","category-politike"],"_links":{"self":[{"href":"https:\/\/rdnews.al\/index.php\/wp-json\/wp\/v2\/posts\/136291","targetHints":{"allow":["GET"]}}],"collection":[{"href":"https:\/\/rdnews.al\/index.php\/wp-json\/wp\/v2\/posts"}],"about":[{"href":"https:\/\/rdnews.al\/index.php\/wp-json\/wp\/v2\/types\/post"}],"author":[{"embeddable":true,"href":"https:\/\/rdnews.al\/index.php\/wp-json\/wp\/v2\/users\/4"}],"replies":[{"embeddable":true,"href":"https:\/\/rdnews.al\/index.php\/wp-json\/wp\/v2\/comments?post=136291"}],"version-history":[{"count":1,"href":"https:\/\/rdnews.al\/index.php\/wp-json\/wp\/v2\/posts\/136291\/revisions"}],"predecessor-version":[{"id":136293,"href":"https:\/\/rdnews.al\/index.php\/wp-json\/wp\/v2\/posts\/136291\/revisions\/136293"}],"wp:featuredmedia":[{"embeddable":true,"href":"https:\/\/rdnews.al\/index.php\/wp-json\/wp\/v2\/media\/136292"}],"wp:attachment":[{"href":"https:\/\/rdnews.al\/index.php\/wp-json\/wp\/v2\/media?parent=136291"}],"wp:term":[{"taxonomy":"category","embeddable":true,"href":"https:\/\/rdnews.al\/index.php\/wp-json\/wp\/v2\/categories?post=136291"},{"taxonomy":"post_tag","embeddable":true,"href":"https:\/\/rdnews.al\/index.php\/wp-json\/wp\/v2\/tags?post=136291"}],"curies":[{"name":"wp","href":"https:\/\/api.w.org\/{rel}","templated":true}]}}