{"id":13630,"date":"2022-05-27T18:45:30","date_gmt":"2022-05-27T18:45:30","guid":{"rendered":"https:\/\/rdnews.al\/?p=13630"},"modified":"2022-05-27T18:45:30","modified_gmt":"2022-05-27T18:45:30","slug":"ancelotti-liverpool-ka-shume-cilesi-individuale-do-te-japim-me-te-miren-per-te-fituar","status":"publish","type":"post","link":"https:\/\/rdnews.al\/index.php\/2022\/05\/27\/ancelotti-liverpool-ka-shume-cilesi-individuale-do-te-japim-me-te-miren-per-te-fituar\/","title":{"rendered":"Ancelotti: Liverpool ka shum\u00eb cil\u00ebsi individuale, do t\u00eb japim m\u00eb t\u00eb mir\u00ebn p\u00ebr t\u00eb fituar"},"content":{"rendered":"<p>Carlo Ancelotti \u00ebsht\u00eb paraqitur sot n\u00eb konferenc\u00eb p\u00ebr shtyp, para ndeshjes finale q\u00eb Real Madridi e zhvillon nes\u00ebr ndaj Liverpoolit n\u00eb Lig\u00ebn e Kampion\u00ebve. Trajneri italian tha se skuadra e tij e ka merituar q\u00eb t\u00eb jet\u00eb n\u00eb finalen e k\u00ebsaj gare.<\/p>\n<p>\u201cNe e kemi merituar t\u00eb shkojm\u00eb n\u00eb finale p\u00ebr shkak t\u00eb cil\u00ebsis\u00eb son\u00eb. N\u00ebse nuk e keni k\u00ebt\u00eb, at\u00ebher\u00eb nuk arrini n\u00eb nj\u00eb finale. Por, cil\u00ebsia dhe talenti nuk mjaftojn\u00eb. Ju duhet p\u00ebr t\u00eb krijuar nj\u00eb ekip\u201d, tha ai.<\/p>\n<p>Ancelotti tha se, ka kujtime t\u00eb mira nga finalet. Finalja e s\u00eb shtun\u00ebs p\u00ebr t\u00eb do t\u00eb jeta e pesta si trajner.<\/p>\n<p>\u201cKam kujtime t\u00eb mira nga finalet ku kam qen\u00eb. Kam humbur kund\u00ebr Liverpoolit m\u00eb 2005 dhe p\u00ebr ironi, ajo ishte ndoshta performanca m\u00eb e mir\u00eb q\u00eb nj\u00eb nga ekipet e mia ka zhvilluar n\u00eb finale. Ne kemi pasur koh\u00eb p\u00ebr t\u2019u p\u00ebrgatitur, jemi n\u00eb nj\u00eb moment t\u00eb mir\u00eb, do t\u00eb japim m\u00eb t\u00eb mir\u00ebn \u2013 do t\u00eb shohim n\u00ebse kjo \u00ebsht\u00eb e mjaftueshme p\u00ebr t\u00eb fituar ndeshjen, pasi ndonj\u00ebher\u00eb n\u00eb futboll mund t\u00eb ndodhin gj\u00ebra q\u00eb jan\u00eb p\u00ebrtej jush kontroll\u201d, shtoi ish-trajneri i Milanit.<\/p>\n<p>Ancelotti foli edhe p\u00ebr Liverpoolin. Ai p\u00ebr skuadr\u00ebn angleze tha se kan\u00eb shum\u00eb futbollist\u00eb me cil\u00ebsi.<\/p>\n<p>\u201cLiverpooli do t\u00eb k\u00ebrkoj\u00eb t\u00eb luaj\u00eb nj\u00eb loj\u00eb intensive, ata kan\u00eb shum\u00eb cil\u00ebsi individuale. Ata do t\u00eb duan t\u00eb luajn\u00eb loj\u00ebn e tyre dhe ne do t\u00eb duam t\u00eb luajm\u00eb ton\u00ebn. Kushdo q\u00eb mund t\u00eb tregoj\u00eb cil\u00ebsin\u00eb e tyre, m\u00eb i miri do t\u00eb fitoj\u00eb. Ne duhet t\u00eb luajm\u00eb nj\u00eb loj\u00eb n\u00eb t\u00eb cil\u00ebn t\u00eb tregojm\u00eb cil\u00ebsit\u00eb tona. Duhet t\u00eb tregojm\u00eb gjith\u00e7ka q\u00eb kemi treguar k\u00ebt\u00eb sezon. Skuadra ka qen\u00eb kolektive dhe individuale ndonj\u00ebher\u00eb k\u00ebt\u00eb sezon, e gjith\u00eb skuadra ka qen\u00eb e shk\u00eblqyer\u201d, tha 62-vje\u00e7ari.<\/p>\n<p>\u201cKam shijuar shum\u00eb k\u00ebt\u00eb vit. M\u00eb p\u00eblqen t\u00eb jem n\u00eb klub, me k\u00ebta lojtar\u00eb. Kam besim, e di q\u00eb nes\u00ebr do t\u00eb jem pak nervoz, por kjo \u00ebsht\u00eb normale dhe kur i shikoj fytyrat e lojtar\u00ebve, nervat do t\u00eb largohen\u201d, deklaroi Carlo Ancelotti.<\/p>\n<p>Finalja e Lig\u00ebs s\u00eb Kampion\u00ebve mes Liverpoolit dhe Real Madridit do t\u00eb zhvillohet t\u00eb shtun\u00ebn nga ora 21:00 n\u00eb \u201cStade de France\u201d.<\/p>\n","protected":false},"excerpt":{"rendered":"<p>Carlo Ancelotti \u00ebsht\u00eb paraqitur sot n\u00eb konferenc\u00eb p\u00ebr shtyp, para ndeshjes finale q\u00eb Real Madridi e zhvillon nes\u00ebr ndaj Liverpoolit n\u00eb Lig\u00ebn e Kampion\u00ebve. Trajneri italian tha se skuadra e tij e ka merituar q\u00eb t\u00eb jet\u00eb n\u00eb finalen e k\u00ebsaj gare. \u201cNe e kemi merituar t\u00eb shkojm\u00eb n\u00eb finale p\u00ebr shkak t\u00eb cil\u00ebsis\u00eb son\u00eb. &hellip;<\/p>\n","protected":false},"author":4,"featured_media":13631,"comment_status":"open","ping_status":"open","sticky":false,"template":"","format":"standard","meta":{"footnotes":""},"categories":[39],"tags":[],"class_list":["post-13630","post","type-post","status-publish","format-standard","has-post-thumbnail","","category-sport"],"_links":{"self":[{"href":"https:\/\/rdnews.al\/index.php\/wp-json\/wp\/v2\/posts\/13630","targetHints":{"allow":["GET"]}}],"collection":[{"href":"https:\/\/rdnews.al\/index.php\/wp-json\/wp\/v2\/posts"}],"about":[{"href":"https:\/\/rdnews.al\/index.php\/wp-json\/wp\/v2\/types\/post"}],"author":[{"embeddable":true,"href":"https:\/\/rdnews.al\/index.php\/wp-json\/wp\/v2\/users\/4"}],"replies":[{"embeddable":true,"href":"https:\/\/rdnews.al\/index.php\/wp-json\/wp\/v2\/comments?post=13630"}],"version-history":[{"count":0,"href":"https:\/\/rdnews.al\/index.php\/wp-json\/wp\/v2\/posts\/13630\/revisions"}],"wp:featuredmedia":[{"embeddable":true,"href":"https:\/\/rdnews.al\/index.php\/wp-json\/wp\/v2\/media\/13631"}],"wp:attachment":[{"href":"https:\/\/rdnews.al\/index.php\/wp-json\/wp\/v2\/media?parent=13630"}],"wp:term":[{"taxonomy":"category","embeddable":true,"href":"https:\/\/rdnews.al\/index.php\/wp-json\/wp\/v2\/categories?post=13630"},{"taxonomy":"post_tag","embeddable":true,"href":"https:\/\/rdnews.al\/index.php\/wp-json\/wp\/v2\/tags?post=13630"}],"curies":[{"name":"wp","href":"https:\/\/api.w.org\/{rel}","templated":true}]}}