{"id":136310,"date":"2026-02-17T19:03:16","date_gmt":"2026-02-17T19:03:16","guid":{"rendered":"https:\/\/rdnews.al\/?p=136310"},"modified":"2026-02-17T19:03:16","modified_gmt":"2026-02-17T19:03:16","slug":"andia-ulliri-ne-kruje-nuk-ka-asnje-investim-nuk-ka-me-qytetare-nuk-ka-me-rini","status":"publish","type":"post","link":"https:\/\/rdnews.al\/index.php\/2026\/02\/17\/andia-ulliri-ne-kruje-nuk-ka-asnje-investim-nuk-ka-me-qytetare-nuk-ka-me-rini\/","title":{"rendered":"Andia Ulliri: N\u00eb Kruj\u00eb nuk ka asnj\u00eb investim, nuk ka m\u00eb qytetar\u00eb, nuk ka m\u00eb rini!"},"content":{"rendered":"<p>N\u00eb takimin e foltores s\u00eb PD-s\u00eb n\u00eb Kruj\u00eb, ish deputetja e PD-s\u00eb, Andia Ulliri i b\u00ebri thirrje Berish\u00ebs t\u00eb mb\u00ebshtes\u00eb nj\u00eb reform\u00eb t\u00eb re territoriale q\u00eb Kruja e Fush\u00eb Kruja t\u00eb jen\u00eb dy bashki.<\/p>\n<p>T\u00eb gjith\u00eb ne kemi qen\u00eb prej vitesh d\u00ebshmitar\u00eb t\u00eb nj\u00eb keqqeverisje, neglizhence dhe kush m\u00eb mir\u00eb se ne, qytetar\u00ebt e Bashkis\u00eb Kruj\u00eb, nga Kruja, Fush\u00eb-Kruja, Nikla, Bubqi, Thumana, Mal\u00ebsia, e din\u00eb se \u00e7far\u00eb do t\u00eb thot\u00eb t\u00eb jesh i neglizhuar, i l\u00ebn\u00eb n\u00eb harres\u00eb prej vitesh.<\/p>\n<p><strong>Andia Ulliri:<\/strong> N\u00eb Kruj\u00eb nuk ka as edhe nj\u00eb investim, nuk ka m\u00eb qytetar\u00eb, nuk ka m\u00eb rini. T\u00eb gjitha k\u00ebto jan\u00eb arsye p\u00ebr t&#8217;u mbledhur, p\u00ebr t\u00eb qen\u00eb k\u00ebtu s\u00eb bashku, p\u00ebr t&#8217;u organizuar dhe mobilizuar p\u00ebr t\u00eb b\u00ebr\u00eb t\u00eb mundur q\u00eb t\u00eb jemi n\u00eb \u00e7do protest\u00eb p\u00ebrball\u00eb k\u00ebsaj qeverie p\u00ebr ta treguar se mjaft \u00ebsht\u00eb mjaft dhe se ne nuk do t&#8217;i tolerojm\u00eb.<\/p>\n<p>Rezultati yn\u00eb i fundit n\u00eb zgjedhjet e 2025-\u00ebs e tregoi se pas kaq shum\u00eb vitesh p\u00ebrbuzje, neglizhence dhe keqqeverisje, t\u00eb gjith\u00eb ne s\u00eb bashku, kandidat\u00ebt, qytetar\u00ebt dhe strukturat, t\u00eb cil\u00ebt i falenderoj dhe u jam mir\u00ebnjoh\u00ebse, votuan Partin\u00eb Demokratike, kandidat\u00ebt e saj dhe soll\u00ebn ogurin e ri, ogurin e fitores p\u00ebr Partin\u00eb Demokratike n\u00eb Bashkin\u00eb Kruj\u00eb.<\/p>\n<p>K\u00ebrkesat tona jan\u00eb t\u00eb shumta, por \u00e7far\u00eb do t\u00eb thoja un\u00eb sot \u00ebsht\u00eb p\u00ebr t\u00eb qen\u00eb t\u00eb bashkuar, t\u00eb mobilizuar, q\u00eb ne s\u00eb bashku t\u00eb b\u00ebjm\u00eb t\u00eb mundur, t&#8217;i b\u00ebjm\u00eb edhe k\u00ebrkes\u00ebn drejtuar doktor Berish\u00ebs, q\u00eb ne t\u00eb kemi nj\u00eb ndryshim n\u00eb reform\u00ebn territoriale p\u00ebr t\u00eb qen\u00eb dy bashki, t\u00eb marrim autonomin\u00eb q\u00eb meritojm\u00eb, t\u00eb kemi mund\u00ebsi q\u00eb Kruja dhe Fush\u00eb-Kruja t\u00eb ken\u00eb p\u00ebrfaq\u00ebsim t\u00eb drejtp\u00ebrdrejt\u00eb, sepse ky ogur fitoreje do t\u00eb jet\u00eb vet\u00ebm nisja se \u00e7far\u00eb ne mund t\u00eb b\u00ebjm\u00eb kur jemi t\u00eb gjith\u00eb s\u00eb bashku dhe punojm\u00eb fort.<\/p>\n","protected":false},"excerpt":{"rendered":"<p>N\u00eb takimin e foltores s\u00eb PD-s\u00eb n\u00eb Kruj\u00eb, ish deputetja e PD-s\u00eb, Andia Ulliri i b\u00ebri thirrje Berish\u00ebs t\u00eb mb\u00ebshtes\u00eb nj\u00eb reform\u00eb t\u00eb re territoriale q\u00eb Kruja e Fush\u00eb Kruja t\u00eb jen\u00eb dy bashki. T\u00eb gjith\u00eb ne kemi qen\u00eb prej vitesh d\u00ebshmitar\u00eb t\u00eb nj\u00eb keqqeverisje, neglizhence dhe kush m\u00eb mir\u00eb se ne, qytetar\u00ebt e Bashkis\u00eb &hellip;<\/p>\n","protected":false},"author":4,"featured_media":136311,"comment_status":"closed","ping_status":"closed","sticky":false,"template":"","format":"standard","meta":{"footnotes":""},"categories":[37],"tags":[],"class_list":["post-136310","post","type-post","status-publish","format-standard","has-post-thumbnail","","category-politike"],"_links":{"self":[{"href":"https:\/\/rdnews.al\/index.php\/wp-json\/wp\/v2\/posts\/136310","targetHints":{"allow":["GET"]}}],"collection":[{"href":"https:\/\/rdnews.al\/index.php\/wp-json\/wp\/v2\/posts"}],"about":[{"href":"https:\/\/rdnews.al\/index.php\/wp-json\/wp\/v2\/types\/post"}],"author":[{"embeddable":true,"href":"https:\/\/rdnews.al\/index.php\/wp-json\/wp\/v2\/users\/4"}],"replies":[{"embeddable":true,"href":"https:\/\/rdnews.al\/index.php\/wp-json\/wp\/v2\/comments?post=136310"}],"version-history":[{"count":1,"href":"https:\/\/rdnews.al\/index.php\/wp-json\/wp\/v2\/posts\/136310\/revisions"}],"predecessor-version":[{"id":136312,"href":"https:\/\/rdnews.al\/index.php\/wp-json\/wp\/v2\/posts\/136310\/revisions\/136312"}],"wp:featuredmedia":[{"embeddable":true,"href":"https:\/\/rdnews.al\/index.php\/wp-json\/wp\/v2\/media\/136311"}],"wp:attachment":[{"href":"https:\/\/rdnews.al\/index.php\/wp-json\/wp\/v2\/media?parent=136310"}],"wp:term":[{"taxonomy":"category","embeddable":true,"href":"https:\/\/rdnews.al\/index.php\/wp-json\/wp\/v2\/categories?post=136310"},{"taxonomy":"post_tag","embeddable":true,"href":"https:\/\/rdnews.al\/index.php\/wp-json\/wp\/v2\/tags?post=136310"}],"curies":[{"name":"wp","href":"https:\/\/api.w.org\/{rel}","templated":true}]}}