{"id":136313,"date":"2026-02-17T19:10:57","date_gmt":"2026-02-17T19:10:57","guid":{"rendered":"https:\/\/rdnews.al\/?p=136313"},"modified":"2026-02-17T21:17:19","modified_gmt":"2026-02-17T21:17:19","slug":"berisha-kryengritja-jone-do-te-jete-vetem-paqesore-vjedhja-e-qytetareve-rrezon-cdo-pushtet","status":"publish","type":"post","link":"https:\/\/rdnews.al\/index.php\/2026\/02\/17\/berisha-kryengritja-jone-do-te-jete-vetem-paqesore-vjedhja-e-qytetareve-rrezon-cdo-pushtet\/","title":{"rendered":"Afron ora e kryengritjes s\u00eb 20 shkurtit"},"content":{"rendered":"<p>Kryetari i PD, Sali Berisha, gjat\u00eb fjal\u00ebs s\u00eb mbajtur n\u00eb \u2018Foltoren\u2019 me mb\u00ebshtet\u00ebsit n\u00eb Kruj\u00eb e ka akuzuar Edi Ram\u00ebn p\u00ebr korrupsion, kapje t\u00eb institucioneve dhe humbje t\u00eb legjitimitetit politik.<\/p>\n<p>Ai deklaroi se vjedhja e qytetar\u00ebve \u00ebsht\u00eb faktori q\u00eb rr\u00ebzon \u00e7do pushtet, nd\u00ebrsa theksoi se reagimi i opozit\u00ebs do t\u00eb jet\u00eb, sipas tij, nj\u00eb \u2018kryengritje vet\u00ebm paq\u00ebsore\u2019 q\u00eb do t\u00eb \u00e7oj\u00eb n\u00eb ndryshim politik.<\/p>\n<p><strong>Berisha: <\/strong>Ju jeni njer\u00ebz politik\u00eb. Qeveria q\u00eb mbron korrupsionin, qeveria q\u00eb vjedh qytetar\u00ebt, q\u00eb vjedh qytetar\u00ebt, nuk meriton t\u00eb q\u00ebndroj\u00eb nj\u00eb dit\u00eb n\u00eb pushtet.<\/p>\n<p>Pra, n\u00eb qoft\u00eb se ka nj\u00eb faktor t\u00eb dyt\u00eb q\u00eb i heq legjitimitetin nj\u00eb force politike, \u00ebsht\u00eb vjedhja e qytetar\u00ebve.<\/p>\n<p>Miq, dua t&#8217;ju tregoj, e kam treguar dhe nj\u00eb dit\u00eb. N\u00eb &#8217;97-\u00ebn, \u00e7far\u00eb ndodhi? K\u00ebta filluan, socialist\u00ebt propagand\u00ebn q\u00eb parat\u00eb e firmave i ka marr\u00eb qeveria dhe i ka futur n\u00eb buxhet. Dhe qytetar\u00ebt protestonin, duam parat\u00eb tona, duam parat\u00eb tona. Qytetar\u00ebt e besuan se qeveria ka marr\u00eb parat\u00eb e tyre, n\u00eb koh\u00eb kur qeveria s&#8217;kishte marr\u00eb zero lek. Dhe un\u00eb ju them ju k\u00ebtu.<\/p>\n<p>Cili ishte q\u00ebndrimi yn\u00eb? Q\u00ebndrimi yn\u00eb ishte ky. Bashk\u00ebpun\u00ebtor\u00ebve t\u00eb mi, ne nuk qeverisim njer\u00ebz q\u00eb besojn\u00eb se ne i kemi vjedhur. Prandaj ne do dalim n\u00eb opozit\u00eb.<\/p>\n<p>T\u00eb faktohet q\u00eb ne nuk kemi marr\u00eb asnj\u00eb leke. Dhe qytetar\u00ebve \u00e7far\u00eb u thash\u00eb? Borxhi nuk \u00ebsht\u00eb marr\u00eb nga qeveria. Qeveria s&#8217;ka prekur parat\u00eb tuaja.<\/p>\n<p>Dhe qeveria s&#8217;mund t\u00eb njoh\u00eb kurr\u00eb nj\u00eb borxh q\u00eb nuk e ka marr\u00eb. Se p\u00ebrndryshe, do detyrohesha t&#8217;ia merrja atij q\u00eb s&#8217;kishte vu 100 ALL n\u00eb firma dhe t&#8217;ia jepja k\u00ebtij tjetrit. Ajo ishte amorale, mund t\u00eb b\u00ebhej, por un\u00eb nuk e b\u00ebja kurr\u00eb. Sepse shkelja disa norma morale.<\/p>\n<p>Tani, k\u00ebta kan\u00eb vjedhur. K\u00ebta jan\u00eb kapur.<\/p>\n<p>S&#8217;jan\u00eb gj\u00eb k\u00ebto q\u00eb kan\u00eb dal\u00eb deri tani.<\/p>\n<p>Ky q\u00eb u em\u00ebrua sot drejtor i AKSHI-t, e di \u00e7&#8217;\u00ebsht\u00eb ky? Ky i ka dh\u00ebn\u00eb baxhanakut 75 milion\u00eb euro tenderin pa asnj\u00eb pun\u00eb. Ju tani jeni po e merrni se k\u00ebto tendera q\u00eb b\u00ebhen p\u00ebr teknologjin\u00eb, k\u00ebto jan\u00eb abuzime m\u00eb t\u00eb tmerrshme. Se nuk i llogarit dot kush, mir\u00eb.<\/p>\n<p>Tender 75 milion\u00eb p\u00ebr t\u00eb p\u00ebrmir\u00ebsuar inteligjenc\u00ebn artificiale. Kina p\u00ebr t\u00eb b\u00ebr\u00eb DeopSeek, ka shpenzuar 6 milion\u00eb.<\/p>\n<p>P\u00ebr t\u00eb nxjerr\u00eb aplikacionin e vet.<\/p>\n<p>Shqip\u00ebria 75 milion\u00eb. As asnj\u00eb lek p\u00ebr inteligjenc\u00ebn artificiale, t\u00eb gjitha vjedhje. Dhe ky tani merret atje ku ishte edhe vihet drejtor ky.<\/p>\n<p>Pra, ku jemi k\u00ebtu miq? K\u00ebtu jemi para situat\u00ebs q\u00eb k\u00ebta kan\u00eb pla\u00e7kitur gjer n\u00eb palc\u00eb shqiptar\u00ebt, kan\u00eb larguar masivisht nga Shqip\u00ebria, dhe p\u00ebrs\u00ebri thon\u00eb, ne jemi mbi ligjin, ligji p\u00ebr ne s&#8217;ekziston, drejt\u00ebsia p\u00ebr ne s&#8217;ekziston. Tani u thot\u00eb, jan\u00eb minj, jan\u00eb qen, futen k\u00ebtej, futen andej, me gjuh\u00eb ordinere. Por tani jemi ne.<\/p>\n<p>Tani ne jemi n\u00eb fush\u00eb. Dhe ne ja do vdesim, ja do rrojm\u00eb. K\u00ebta do i nxjerrim nga pushteti. K\u00ebta k\u00ebta nuk mund t\u00eb, nuk duhet t\u00eb q\u00ebndrojn\u00eb as edhe nj\u00eb dit\u00eb m\u00eb shum\u00eb. Jo. Kan\u00eb humbur \u00e7do t\u00eb drejt\u00eb t\u00eb qeverisin Shqip\u00ebrin\u00eb. Kan\u00eb humbur \u00e7do t\u00eb drejt\u00eb t\u00eb qeverisin shqiptar\u00ebt. Ata jan\u00eb armiq t\u00eb lirive t\u00eb tyre, armiq t\u00eb pasurive t\u00eb tyre.<\/p>\n<p>K\u00ebta e shkat\u00ebrruan kombin. Nuk kan\u00eb t\u00eb sosur t\u00eb k\u00ebqijat q\u00eb i kan\u00eb b\u00ebr\u00eb k\u00ebtij kombi, Edi Rama me organizat\u00ebn e tij kriminale. At\u00ebher\u00eb, jemi t\u00eb lodhur, jemi dhe t\u00eb rraskapitur, nuk e mohoj, jemi dhe t\u00eb d\u00ebshp\u00ebruar, por prap\u00eb nuk ka frym\u00ebzim m\u00eb t\u00eb madh p\u00ebr njeriun sesa t&#8217;i gjendet vendit t\u00eb vet n\u00eb momente kritike.<\/p>\n<p>\u00cbsht\u00eb nder, \u00ebsht\u00eb humaniz\u00ebm i jasht\u00ebzakonsh\u00ebm t&#8217;i gjendesh njeriut t\u00ebnd n\u00eb \u00e7do koh\u00eb. T&#8217;i gjendesh shokut dhe mikut t\u00ebnd, por \u00ebsht\u00eb disa her\u00eb m\u00eb shum\u00eb t&#8217;i gjendesh vendit t\u00ebnd. Dhe ne do i gjendemi Shqip\u00ebris\u00eb.<\/p>\n<p>Ne k\u00ebta ne jemi n\u00eb betej\u00ebn finale. Jua them un\u00eb ju. Edhe k\u00ebt\u00eb betej\u00eb do ta fitojm\u00eb ne. Se kjo \u00ebsht\u00eb betej\u00eb e drejt\u00eb. Asgj\u00eb s&#8217;do na pengoj\u00eb ne pa e nxjerr\u00eb k\u00ebta pa u dh\u00ebn\u00eb<\/p>\n<p>at\u00eb q\u00eb meritojn\u00eb.<\/p>\n<p>Jan\u00eb b\u00ebr\u00eb miliarder\u00eb duke vjedhur shqiptar\u00ebt.<\/p>\n<p>Kan\u00eb zhytur 40, 49% t\u00eb shqiptar\u00ebve n\u00eb varf\u00ebri. Kan\u00eb larguar 45% t\u00eb shqiptar\u00ebve nga vendi i tyre. K\u00ebto t\u00eb k\u00ebqija q\u00eb i kan\u00eb b\u00ebr\u00eb do i paguajn\u00eb. Natyrisht q\u00eb kryengritja jon\u00eb \u00ebsht\u00eb paq\u00ebsore. Dhe \u00ebsht\u00eb vet\u00ebm paq\u00ebsore. Dhe n\u00eb m\u00ebnyr\u00eb absolute, ne do fitojm\u00eb.<\/p>\n<p>Kur them k\u00ebt\u00eb, ja po jua them k\u00ebtu fjal\u00ebn e nderit, se si\u00e7 i kap\u00ebm Aldo Bar\u00ebt e t\u00eb tjer\u00ebt ku ishin e ku s&#8217;ishin n\u00ebp\u00ebr bot\u00eb, do i kapim k\u00ebta qeveritar\u00eb kudo q\u00eb t\u00eb shkojn\u00eb dhe t&#8217;i sjellim para ligjit. Nj\u00eb agjenci m\u00eb e fuqishmja do krijohet p\u00ebr gjetjen, konfiskimin e pasurive t\u00eb tyre.<\/p>\n<p>300 apartamente Lubia.<\/p>\n<p>E imagjinoni ju apo jo? Jepja parat\u00eb tuaja te rruga, kthehen parat\u00eb n\u00eb apartamente p\u00ebr t\u00eb. Jep 20 milion\u00eb euro kilometrin, ku i thot\u00eb tani nga 12 m\u00eb kthe apartamente mua k\u00ebtu. K\u00ebshtu jan\u00eb b\u00ebr\u00eb apartamentet. Dhe dihen vet\u00ebm kaq. Po po t\u00eb marr\u00ebsh, po Edi Rama ka miliarda.<\/p>\n<p>Ka miliarda. 200 milion\u00eb kishte vet\u00ebm kryetar bashkie.<\/p>\n<p>E denoncoi raporti i OSBE-s\u00eb. Pra, miq, sot ne jemi thirrur n\u00eb k\u00ebt\u00eb mision m\u00eb i r\u00ebnd\u00ebsishmi i jet\u00ebs son\u00eb. \u00c7far\u00ebdo sh\u00ebrbimi q\u00eb ne i kemi b\u00ebr\u00eb Kruj\u00ebs, Shqip\u00ebris\u00eb, sh\u00ebrbimi q\u00eb na k\u00ebrkohet t&#8217;i b\u00ebjm\u00eb \u00ebsht\u00eb m\u00eb i madh se t\u00eb gjitha t\u00eb tjerat.<\/p>\n<p>Un\u00eb kam besim se do ta p\u00ebrmbushim me sukses.<\/p>\n<p>Faleminderit!<\/p>\n","protected":false},"excerpt":{"rendered":"<p>Kryetari i PD, Sali Berisha, gjat\u00eb fjal\u00ebs s\u00eb mbajtur n\u00eb \u2018Foltoren\u2019 me mb\u00ebshtet\u00ebsit n\u00eb Kruj\u00eb e ka akuzuar Edi Ram\u00ebn p\u00ebr korrupsion, kapje t\u00eb institucioneve dhe humbje t\u00eb legjitimitetit politik. Ai deklaroi se vjedhja e qytetar\u00ebve \u00ebsht\u00eb faktori q\u00eb rr\u00ebzon \u00e7do pushtet, nd\u00ebrsa theksoi se reagimi i opozit\u00ebs do t\u00eb jet\u00eb, sipas tij, nj\u00eb \u2018kryengritje &hellip;<\/p>\n","protected":false},"author":4,"featured_media":135729,"comment_status":"closed","ping_status":"closed","sticky":false,"template":"","format":"standard","meta":{"footnotes":""},"categories":[37],"tags":[],"class_list":["post-136313","post","type-post","status-publish","format-standard","has-post-thumbnail","","category-politike"],"_links":{"self":[{"href":"https:\/\/rdnews.al\/index.php\/wp-json\/wp\/v2\/posts\/136313","targetHints":{"allow":["GET"]}}],"collection":[{"href":"https:\/\/rdnews.al\/index.php\/wp-json\/wp\/v2\/posts"}],"about":[{"href":"https:\/\/rdnews.al\/index.php\/wp-json\/wp\/v2\/types\/post"}],"author":[{"embeddable":true,"href":"https:\/\/rdnews.al\/index.php\/wp-json\/wp\/v2\/users\/4"}],"replies":[{"embeddable":true,"href":"https:\/\/rdnews.al\/index.php\/wp-json\/wp\/v2\/comments?post=136313"}],"version-history":[{"count":4,"href":"https:\/\/rdnews.al\/index.php\/wp-json\/wp\/v2\/posts\/136313\/revisions"}],"predecessor-version":[{"id":136325,"href":"https:\/\/rdnews.al\/index.php\/wp-json\/wp\/v2\/posts\/136313\/revisions\/136325"}],"wp:featuredmedia":[{"embeddable":true,"href":"https:\/\/rdnews.al\/index.php\/wp-json\/wp\/v2\/media\/135729"}],"wp:attachment":[{"href":"https:\/\/rdnews.al\/index.php\/wp-json\/wp\/v2\/media?parent=136313"}],"wp:term":[{"taxonomy":"category","embeddable":true,"href":"https:\/\/rdnews.al\/index.php\/wp-json\/wp\/v2\/categories?post=136313"},{"taxonomy":"post_tag","embeddable":true,"href":"https:\/\/rdnews.al\/index.php\/wp-json\/wp\/v2\/tags?post=136313"}],"curies":[{"name":"wp","href":"https:\/\/api.w.org\/{rel}","templated":true}]}}