{"id":136316,"date":"2026-02-17T21:05:13","date_gmt":"2026-02-17T21:05:13","guid":{"rendered":"https:\/\/rdnews.al\/?p=136316"},"modified":"2026-02-17T21:54:37","modified_gmt":"2026-02-17T21:54:37","slug":"komisioni-europian-fshikullon-ramen-per-ligjet-e-reja-te-hiqet-pa-vonese-imuniteti-i-ballukut","status":"publish","type":"post","link":"https:\/\/rdnews.al\/index.php\/2026\/02\/17\/komisioni-europian-fshikullon-ramen-per-ligjet-e-reja-te-hiqet-pa-vonese-imuniteti-i-ballukut\/","title":{"rendered":"Komisioni Europian paralajm\u00ebron Ram\u00ebn\/ &#8220;Te hiqet pa vones\u00eb imuniteti i Ballukut, ligjet e reja&#8230;&#8221;"},"content":{"rendered":"<p>Nisma e kryeministrit Edi Rama p\u00ebr ndryshimet ligjore q\u00eb lidhen me pezullimin e ministrave nga detyra, pas precedentit t\u00eb zv\/kryeministres Belinda Balluku, e pandehur nga SPAK dhe me mas\u00eb sigurimi nga GJKKO, duket se nuk \u00ebsht\u00eb pritur mir\u00eb nga Brukseli.<\/p>\n<p>Komisioni Europian ka reaguar lidhur me propozimet p\u00ebr ndryshime n\u00eb Kodin e Procedur\u00ebs Penale, neni 242, t\u00eb paraqitura dit\u00eb m\u00eb par\u00eb nga kreu i mazhoranc\u00ebs, n\u00eb mbledhjen e grupit t\u00eb PS, t\u00eb cilat synojn\u00eb t\u00eb mbrojn\u00eb ministrat dhe disa zyrtar\u00eb t\u00eb lart\u00eb nga pezullimi gjat\u00eb hetimeve nga SPAK.<\/p>\n<p>N\u00eb nj\u00eb reagim zyrtar, KE thekson se pavar\u00ebsia e sistemit t\u00eb drejt\u00ebsis\u00eb dhe lufta efektive ndaj korrupsionit jan\u00eb me r\u00ebnd\u00ebsi p\u00ebr integrimin e vendit drejt BE-s\u00eb. Gjithashtu n\u00ebnvizohet se po e ndjekin me v\u00ebmendje rastin n\u00eb fjal\u00eb, amendamentin e Kodit t\u00eb Procedur\u00ebs Penale t\u00eb paraqitur m\u00eb 16 shkurt.<\/p>\n<p>\u201cBE po ndjek nga af\u00ebr amendamentin e Kodit t\u00eb Procedur\u00ebs Penale t\u00eb paraqitur m\u00eb 16 shkurt. BE monitoron dhe vler\u00ebson \u00e7do nism\u00eb legjislative q\u00eb lidhet me gjyq\u00ebsorin n\u00eb t\u00eb gjitha vendet kandidate, p\u00ebrfshir\u00eb Shqip\u00ebrin\u00eb. K\u00ebto nisma pritet t\u00eb jen\u00eb n\u00eb p\u00ebrputhje me acquis t\u00eb BE-s\u00eb dhe standardet evropiane\u201d, theksohet mes t\u00eb tjerash n\u00eb reagim.<\/p>\n<p>Z\u00ebdh\u00ebn\u00ebsi i Komisionit Europian rikujton se \u201c Sundimi i ligjit dhe pavar\u00ebsia, llogaridh\u00ebnia dhe efikasiteti i sistemit gjyq\u00ebsor n\u00eb Shqip\u00ebri jan\u00eb elemente thelb\u00ebsore t\u00eb procesit t\u00eb zgjerimit t\u00eb BE-s\u00eb..\u201d<\/p>\n<p>Ai gjithashtu thekson se retorika q\u00eb shfaq mosbesim publik ndaj drejt\u00ebsis\u00eb dhe ndaj pavar\u00ebsis\u00eb, paanshm\u00ebris\u00eb dhe integritetit t\u00eb sistemeve gjyq\u00ebsore dhe t\u00eb prokuroris\u00eb \u00ebsht\u00eb kund\u00ebrproduktive.<\/p>\n<p>KE i rikujton Kuvendit se \u00ebsht\u00eb p\u00ebrgjegj\u00ebsi e tij t\u00eb shqyrtoj\u00eb pa vones\u00eb k\u00ebrkesat p\u00ebr heqjen e imunitetit t\u00eb Ballukut, duke v\u00ebn\u00eb n\u00eb fokus r\u00ebnd\u00ebsin\u00eb e luft\u00ebs kund\u00ebr korrupsionit p\u00ebr p\u00ebrparimin e vendit drejt an\u00ebtar\u00ebsimit n\u00eb Bashkimin Europian.<\/p>\n<p>\u201cSi\u00e7 \u00ebsht\u00eb theksuar m\u00eb par\u00eb, \u00ebsht\u00eb p\u00ebrgjegj\u00ebsi e Kuvendit t\u00eb Shqip\u00ebris\u00eb q\u00eb t\u00eb trajtoj\u00eb pa vones\u00eb k\u00ebrkesat p\u00ebr heqjen e imunitetit t\u00eb an\u00ebtar\u00ebve t\u00eb tij. Lufta efektive kund\u00ebr korrupsionit \u00ebsht\u00eb me r\u00ebnd\u00ebsi thelb\u00ebsore p\u00ebr p\u00ebrparimin e Shqip\u00ebris\u00eb drejt an\u00ebtar\u00ebsimit n\u00eb BE\u201d, mbyllet deklarata.<\/p>\n<p><strong>Reagimi i Komisionit Europian:<\/strong><\/p>\n<p>\u201cBE po ndjek nga af\u00ebr amendamentin e Kodit t\u00eb Procedur\u00ebs Penale t\u00eb paraqitur m\u00eb 16 shkurt.<\/p>\n<p>BE monitoron dhe vler\u00ebson \u00e7do nism\u00eb legjislative q\u00eb lidhet me gjyq\u00ebsorin n\u00eb t\u00eb gjitha vendet kandidate, p\u00ebrfshir\u00eb Shqip\u00ebrin\u00eb. K\u00ebto nisma pritet t\u00eb jen\u00eb n\u00eb p\u00ebrputhje me acquis t\u00eb BE-s\u00eb dhe standardet evropiane.<\/p>\n<p>Kjo p\u00ebrfshin gjithashtu zbatimin e reform\u00ebs n\u00eb drejt\u00ebsi t\u00eb vitit 2016 n\u00eb kuad\u00ebr t\u00eb negociatave t\u00eb an\u00ebtar\u00ebsimit t\u00eb Shqip\u00ebris\u00eb n\u00eb BE. Sundimi i ligjit dhe pavar\u00ebsia, llogaridh\u00ebnia dhe efikasiteti i sistemit gjyq\u00ebsor n\u00eb Shqip\u00ebri jan\u00eb elemente thelb\u00ebsore t\u00eb procesit t\u00eb zgjerimit t\u00eb BE-s\u00eb.<\/p>\n<p>Retorika q\u00eb nxit mosbesim publik ndaj gjyq\u00ebsorit dhe ndaj pavar\u00ebsis\u00eb, paanshm\u00ebris\u00eb dhe integritetit t\u00eb sistemit gjyq\u00ebsor dhe prokurorial \u00ebsht\u00eb kund\u00ebrproduktive.<\/p>\n<p>Si\u00e7 \u00ebsht\u00eb theksuar m\u00eb par\u00eb, \u00ebsht\u00eb p\u00ebrgjegj\u00ebsi e Kuvendit t\u00eb Shqip\u00ebris\u00eb q\u00eb t\u00eb trajtoj\u00eb pa vones\u00eb k\u00ebrkesat p\u00ebr heqjen e imunitetit t\u00eb an\u00ebtar\u00ebve t\u00eb tij. Lufta efektive kund\u00ebr korrupsionit \u00ebsht\u00eb me r\u00ebnd\u00ebsi thelb\u00ebsore p\u00ebr p\u00ebrparimin e Shqip\u00ebris\u00eb drejt an\u00ebtar\u00ebsimit n\u00eb BE\u201d.<\/p>\n","protected":false},"excerpt":{"rendered":"<p>Nisma e kryeministrit Edi Rama p\u00ebr ndryshimet ligjore q\u00eb lidhen me pezullimin e ministrave nga detyra, pas precedentit t\u00eb zv\/kryeministres Belinda Balluku, e pandehur nga SPAK dhe me mas\u00eb sigurimi nga GJKKO, duket se nuk \u00ebsht\u00eb pritur mir\u00eb nga Brukseli. Komisioni Europian ka reaguar lidhur me propozimet p\u00ebr ndryshime n\u00eb Kodin e Procedur\u00ebs Penale, neni &hellip;<\/p>\n","protected":false},"author":3,"featured_media":136320,"comment_status":"closed","ping_status":"closed","sticky":false,"template":"","format":"standard","meta":{"footnotes":""},"categories":[40,37],"tags":[],"class_list":["post-136316","post","type-post","status-publish","format-standard","has-post-thumbnail","","category-aktualitet","category-politike"],"_links":{"self":[{"href":"https:\/\/rdnews.al\/index.php\/wp-json\/wp\/v2\/posts\/136316","targetHints":{"allow":["GET"]}}],"collection":[{"href":"https:\/\/rdnews.al\/index.php\/wp-json\/wp\/v2\/posts"}],"about":[{"href":"https:\/\/rdnews.al\/index.php\/wp-json\/wp\/v2\/types\/post"}],"author":[{"embeddable":true,"href":"https:\/\/rdnews.al\/index.php\/wp-json\/wp\/v2\/users\/3"}],"replies":[{"embeddable":true,"href":"https:\/\/rdnews.al\/index.php\/wp-json\/wp\/v2\/comments?post=136316"}],"version-history":[{"count":4,"href":"https:\/\/rdnews.al\/index.php\/wp-json\/wp\/v2\/posts\/136316\/revisions"}],"predecessor-version":[{"id":136322,"href":"https:\/\/rdnews.al\/index.php\/wp-json\/wp\/v2\/posts\/136316\/revisions\/136322"}],"wp:featuredmedia":[{"embeddable":true,"href":"https:\/\/rdnews.al\/index.php\/wp-json\/wp\/v2\/media\/136320"}],"wp:attachment":[{"href":"https:\/\/rdnews.al\/index.php\/wp-json\/wp\/v2\/media?parent=136316"}],"wp:term":[{"taxonomy":"category","embeddable":true,"href":"https:\/\/rdnews.al\/index.php\/wp-json\/wp\/v2\/categories?post=136316"},{"taxonomy":"post_tag","embeddable":true,"href":"https:\/\/rdnews.al\/index.php\/wp-json\/wp\/v2\/tags?post=136316"}],"curies":[{"name":"wp","href":"https:\/\/api.w.org\/{rel}","templated":true}]}}