{"id":136328,"date":"2026-02-17T22:20:27","date_gmt":"2026-02-17T22:20:27","guid":{"rendered":"https:\/\/rdnews.al\/?p=136328"},"modified":"2026-02-17T22:20:27","modified_gmt":"2026-02-17T22:20:27","slug":"duart-e-pastra-dhe-heqje-imuniteti-ish-ministri-socialist-paralajmeron-largimin-e-rames-nga-shqiperia","status":"publish","type":"post","link":"https:\/\/rdnews.al\/index.php\/2026\/02\/17\/duart-e-pastra-dhe-heqje-imuniteti-ish-ministri-socialist-paralajmeron-largimin-e-rames-nga-shqiperia\/","title":{"rendered":"\u201cDuart e pastra\u201d dhe heqje imuniteti\/ Ish-ministri socialist paralajm\u00ebron largimin e Ram\u00ebs nga Shqip\u00ebria"},"content":{"rendered":"<p>Ish-ministri i Financave, Arben Malaj, i ftuar n\u00eb A2CNN, deklaroi se Shqip\u00ebria sot ngjan me situat\u00ebn q\u00eb kaloi Italia me \u201cduart e pastra\u201d, kur kryeministri i asaj kohe, Bettino Craxi, u largua p\u00ebr n\u00eb Tunizi p\u00ebr shkak t\u00eb akuzave n\u00eb rritje p\u00ebr korrupsion.<\/p>\n<p>\u201cShqip\u00ebria e sotme krahasohet me situat\u00ebn kritike q\u00eb kaloi Italia me \u201cduart e pastra\u201d, q\u00eb u detyrua t\u00eb hiqte imunitetin, dhe kryeministri i saj, Bettino Craxi, q\u00eb si ekonomist vler\u00ebsohej n\u00eb Itali, por p\u00ebr shkak t\u00eb akuzave p\u00ebr korrupsion u detyrua t\u00eb largohej nga vendi, t\u00eb shkonte n\u00eb Tunizi dhe t\u00eb linte amanet q\u00eb varri i tij t\u00eb shikonte nga Italia, por t\u00eb mos e \u00e7onin kurr\u00eb n\u00eb Itali n\u00ebse nuk e shpallnin t\u00eb pafajsh\u00ebm\u201d, tha Malaj.<img loading=\"lazy\" decoding=\"async\" src=\"https:\/\/ads.adsense.al\/www\/delivery\/lg.php?bannerid=289&amp;campaignid=11&amp;zoneid=146&amp;loc=https%3A%2F%2Fgijotina.com%2Fkorrupsioni%2F%3Ffbclid%3DIwY2xjawQBxWFleHRuA2FlbQIxMABicmlkETJQYlJXMzRCakt6RmtMeWdBc3J0YwZhcHBfaWQQMjIyMDM5MTc4ODIwMDg5MgABHudoONTtwFSTvZd2KjZwREN2M-F6Zax-P106U0u4y_duLgl0NTw7atj16SlS_aem_06s0QCo6lILgR1eTikLwbA&amp;referer=https%3A%2F%2Fl.facebook.com%2F&amp;cb=43fe2db570\" alt=\"\" width=\"0\" height=\"0\" \/><\/p>\n<p>\u201cAbuzimi me pushtetin e ka gjithmon\u00eb nj\u00eb fund. Un\u00eb p\u00ebrmenda nj\u00eb rast, t\u00eb nj\u00eb personaliteti t\u00eb politik\u00ebs italiane, i vler\u00ebsuar p\u00ebr reform\u00ebn n\u00eb ekonomi dhe zhvillimin e vendit, por p\u00ebr shkak t\u00eb korrupsionit u arratis n\u00eb Tunizi. Si Gruevski q\u00eb iku n\u00eb Hungari\u201d, shtoi ish-ministri i Financave.<\/p>\n","protected":false},"excerpt":{"rendered":"<p>Ish-ministri i Financave, Arben Malaj, i ftuar n\u00eb A2CNN, deklaroi se Shqip\u00ebria sot ngjan me situat\u00ebn q\u00eb kaloi Italia me \u201cduart e pastra\u201d, kur kryeministri i asaj kohe, Bettino Craxi, u largua p\u00ebr n\u00eb Tunizi p\u00ebr shkak t\u00eb akuzave n\u00eb rritje p\u00ebr korrupsion. \u201cShqip\u00ebria e sotme krahasohet me situat\u00ebn kritike q\u00eb kaloi Italia me \u201cduart &hellip;<\/p>\n","protected":false},"author":3,"featured_media":126166,"comment_status":"closed","ping_status":"closed","sticky":false,"template":"","format":"standard","meta":{"footnotes":""},"categories":[37],"tags":[],"class_list":["post-136328","post","type-post","status-publish","format-standard","has-post-thumbnail","","category-politike"],"_links":{"self":[{"href":"https:\/\/rdnews.al\/index.php\/wp-json\/wp\/v2\/posts\/136328","targetHints":{"allow":["GET"]}}],"collection":[{"href":"https:\/\/rdnews.al\/index.php\/wp-json\/wp\/v2\/posts"}],"about":[{"href":"https:\/\/rdnews.al\/index.php\/wp-json\/wp\/v2\/types\/post"}],"author":[{"embeddable":true,"href":"https:\/\/rdnews.al\/index.php\/wp-json\/wp\/v2\/users\/3"}],"replies":[{"embeddable":true,"href":"https:\/\/rdnews.al\/index.php\/wp-json\/wp\/v2\/comments?post=136328"}],"version-history":[{"count":1,"href":"https:\/\/rdnews.al\/index.php\/wp-json\/wp\/v2\/posts\/136328\/revisions"}],"predecessor-version":[{"id":136329,"href":"https:\/\/rdnews.al\/index.php\/wp-json\/wp\/v2\/posts\/136328\/revisions\/136329"}],"wp:featuredmedia":[{"embeddable":true,"href":"https:\/\/rdnews.al\/index.php\/wp-json\/wp\/v2\/media\/126166"}],"wp:attachment":[{"href":"https:\/\/rdnews.al\/index.php\/wp-json\/wp\/v2\/media?parent=136328"}],"wp:term":[{"taxonomy":"category","embeddable":true,"href":"https:\/\/rdnews.al\/index.php\/wp-json\/wp\/v2\/categories?post=136328"},{"taxonomy":"post_tag","embeddable":true,"href":"https:\/\/rdnews.al\/index.php\/wp-json\/wp\/v2\/tags?post=136328"}],"curies":[{"name":"wp","href":"https:\/\/api.w.org\/{rel}","templated":true}]}}