{"id":136333,"date":"2026-02-18T09:18:51","date_gmt":"2026-02-18T09:18:51","guid":{"rendered":"https:\/\/rdnews.al\/?p=136333"},"modified":"2026-02-18T09:19:15","modified_gmt":"2026-02-18T09:19:15","slug":"kellici-zyrtaret-ne-shba-shqiperine-e-njohin-si-nje-meksike-te-dyte-ne-europe-prej-rames","status":"publish","type":"post","link":"https:\/\/rdnews.al\/index.php\/2026\/02\/18\/kellici-zyrtaret-ne-shba-shqiperine-e-njohin-si-nje-meksike-te-dyte-ne-europe-prej-rames\/","title":{"rendered":"K\u00eblli\u00e7i: N\u00eb SHBA Shqip\u00ebrin\u00eb e njohin si nj\u00eb Meksik\u00eb t\u00eb dyt\u00eb n\u00eb Europ\u00eb prej Ram\u00ebs"},"content":{"rendered":"<p>Deputeti i PD, Belind K\u00eblli\u00e7i tha se p\u00ebr shum\u00eb zyrtar\u00eb n\u00eb SHBA, Shqip\u00ebria njihet si nj\u00eb Meksik\u00eb e dyt\u00eb e Europ\u00ebs, nga narkoshteti i krjuar nga kryeministi Edi Rama.<\/p>\n<p>I ftuar n\u00eb emisionin \u201cA Show\u201d, K\u00eblli\u00e7i u shpreh se, vota e shqiptar\u00ebve atje \u00ebsht\u00eb shum\u00eb e r\u00ebnd\u00ebsishme, q\u00eb ndjekim me interes edhe veprimtarin\u00eb e opozit\u00ebs.<\/p>\n<p>\u201cVota shqiptare \u00ebsht\u00eb shum\u00eb e r\u00ebnd\u00ebsishme n\u00eb nj\u00eb shtet me 10 miion\u00eb banor\u00eb si\u00e7 \u00ebsht\u00eb Mi\u00e7igani n\u00eb ShBA.<\/p>\n<p>Kam b\u00ebr\u00eb thirrje dhe kam qen\u00eb n\u00eb ato momente kur ishte n\u00eb telefon edhe protesta q\u00eb zhvillohej, se kishte interes p\u00ebr t\u00eb par\u00eb se cila ishte veprimtaria e opozit\u00ebs. Se tashm\u00eb jan\u00eb t\u00eb gjith\u00eb t\u00eb njohur me faktin q\u00eb ka nj\u00eb Meksik\u00eb t\u00eb dyt\u00eb n\u00eb Europ\u00eb, si\u00e7 \u00ebsht\u00eb Shqip\u00ebria.<\/p>\n<p>K\u00ebshtu konsiderohet. T\u00eb vjen keq, por nga ana tjet\u00ebr p\u00ebrgjegj\u00ebsia pasqyrohet n\u00eb pik\u00ebn ku sot nuk ka m\u00eb asnj\u00eb zyrtar amerikan q\u00eb nuk e di q\u00eb n\u00eb zem\u00ebr t\u00eb Europ\u00eb ka nj\u00eb narkoshtet t\u00eb krijuar nga Edi Rama\u201d, tha K\u00eblli\u00e7i.<\/p>\n","protected":false},"excerpt":{"rendered":"<p>Deputeti i PD, Belind K\u00eblli\u00e7i tha se p\u00ebr shum\u00eb zyrtar\u00eb n\u00eb SHBA, Shqip\u00ebria njihet si nj\u00eb Meksik\u00eb e dyt\u00eb e Europ\u00ebs, nga narkoshteti i krjuar nga kryeministi Edi Rama. I ftuar n\u00eb emisionin \u201cA Show\u201d, K\u00eblli\u00e7i u shpreh se, vota e shqiptar\u00ebve atje \u00ebsht\u00eb shum\u00eb e r\u00ebnd\u00ebsishme, q\u00eb ndjekim me interes edhe veprimtarin\u00eb e opozit\u00ebs. &hellip;<\/p>\n","protected":false},"author":4,"featured_media":108717,"comment_status":"closed","ping_status":"closed","sticky":false,"template":"","format":"standard","meta":{"footnotes":""},"categories":[37],"tags":[],"class_list":["post-136333","post","type-post","status-publish","format-standard","has-post-thumbnail","","category-politike"],"_links":{"self":[{"href":"https:\/\/rdnews.al\/index.php\/wp-json\/wp\/v2\/posts\/136333","targetHints":{"allow":["GET"]}}],"collection":[{"href":"https:\/\/rdnews.al\/index.php\/wp-json\/wp\/v2\/posts"}],"about":[{"href":"https:\/\/rdnews.al\/index.php\/wp-json\/wp\/v2\/types\/post"}],"author":[{"embeddable":true,"href":"https:\/\/rdnews.al\/index.php\/wp-json\/wp\/v2\/users\/4"}],"replies":[{"embeddable":true,"href":"https:\/\/rdnews.al\/index.php\/wp-json\/wp\/v2\/comments?post=136333"}],"version-history":[{"count":2,"href":"https:\/\/rdnews.al\/index.php\/wp-json\/wp\/v2\/posts\/136333\/revisions"}],"predecessor-version":[{"id":136335,"href":"https:\/\/rdnews.al\/index.php\/wp-json\/wp\/v2\/posts\/136333\/revisions\/136335"}],"wp:featuredmedia":[{"embeddable":true,"href":"https:\/\/rdnews.al\/index.php\/wp-json\/wp\/v2\/media\/108717"}],"wp:attachment":[{"href":"https:\/\/rdnews.al\/index.php\/wp-json\/wp\/v2\/media?parent=136333"}],"wp:term":[{"taxonomy":"category","embeddable":true,"href":"https:\/\/rdnews.al\/index.php\/wp-json\/wp\/v2\/categories?post=136333"},{"taxonomy":"post_tag","embeddable":true,"href":"https:\/\/rdnews.al\/index.php\/wp-json\/wp\/v2\/tags?post=136333"}],"curies":[{"name":"wp","href":"https:\/\/api.w.org\/{rel}","templated":true}]}}