{"id":136344,"date":"2026-02-18T10:10:10","date_gmt":"2026-02-18T10:10:10","guid":{"rendered":"https:\/\/rdnews.al\/?p=136344"},"modified":"2026-02-18T10:10:10","modified_gmt":"2026-02-18T10:10:10","slug":"4-vjet-nga-kalimi-ne-perjetesi-i-poetit-bardhyl-londo","status":"publish","type":"post","link":"https:\/\/rdnews.al\/index.php\/2026\/02\/18\/4-vjet-nga-kalimi-ne-perjetesi-i-poetit-bardhyl-londo\/","title":{"rendered":"4 vjet nga kalimi n\u00eb p\u00ebrjet\u00ebsi i poetit Bardhyl Londo!"},"content":{"rendered":"<p><strong><em>Nga Bujar Leskaj<\/em><\/strong><\/p>\n<p>4 vjet, nga kalimi n\u00eb p\u00ebrjet\u00ebsi, i poetit dhe shkrimtarit, mikut fisnik, Bardhyl Londo, i cili u nda nga jeta n\u00eb mosh\u00ebn 74 vje\u00e7are, pas nj\u00eb beteje t\u00eb pabarabart\u00eb me nj\u00eb s\u00ebmundje t\u00eb r\u00ebnd\u00eb.<br \/>\nBardhyl Londo la pas nj\u00eb pasuri t\u00eb madhe letrare; krijues i qindra vargjeve p\u00ebr dashurin\u00eb dhe ndjenjat njer\u00ebzore, \u00ebsht\u00eb autor i dhjet\u00ebra librave me poezi, k\u00ebng\u00ebve, autor i lirikave, t\u00eb cilat kan\u00eb hyr\u00eb n\u00eb fondin e art\u00eb t\u00eb let\u00ebrsis\u00eb shqiptare. Ai i m\u00ebsoi lexuesit t\u00eb lexonin poezin\u00eb n\u00ebp\u00ebrmjet shpirtit.<br \/>\nLindi n\u00eb vitin 1948 n\u00eb P\u00ebrmet. Studioi p\u00ebr \u201cGjuh\u00eb dhe let\u00ebrsi\u201d n\u00eb Universitetin e Tiran\u00ebs. Punoi p\u00ebr disa vite m\u00ebsues n\u00eb P\u00ebrmet. M\u00eb von\u00eb, u angazhua si redaktor pran\u00eb gazet\u00ebs \u201cDrita\u201d.<br \/>\nAi ishte nj\u00eb nd\u00ebr emrat m\u00eb t\u00eb r\u00ebnd\u00ebsish\u00ebm t\u00eb poezis\u00eb shqipe dhe ish-kryetar i Lidhjes s\u00eb Shkrimtar\u00ebve dhe Artist\u00ebve.<br \/>\n\u00cbsht\u00eb vler\u00ebsuar me shum\u00eb \u00e7mime komb\u00ebtare, me t\u00eb fundit n\u00eb vitin 2021, p\u00ebr v\u00ebllimin poetik \u201cPrill i hidhur\u201d si vepra m\u00eb e mir\u00eb poetike.<br \/>\nBardhyl Londo ishte deputet i Partis\u00eb Demokratike n\u00eb vitet e v\u00ebshtira 1997- 2005, an\u00ebtar i K\u00ebshillit Komb\u00ebtar dhe kontribues i jasht\u00ebzakonsh\u00ebm n\u00eb hartimin e politikave kulturore t\u00eb PD.<br \/>\nLondo ishte poet i angazhuar. Poezit\u00eb e tij ishin frym\u00ebzuese n\u00eb vitet 1990, kur u b\u00ebn\u00eb refren i ndryshimit t\u00eb madh demokratik.<br \/>\nK\u00ebshilltar n\u00eb Ministrin\u00eb e Turizmit dhe Kultur\u00ebs n\u00eb vitet 2005- 2013, duke qen\u00eb ideator i politikave bashk\u00ebkohore n\u00eb kultur\u00eb.<br \/>\nBardhyl London e kisha mik t\u00eb ngusht\u00eb q\u00eb prej vitit 1998. Nga k\u00ebshillat e tij t\u00eb vyera p\u00ebr jet\u00ebn kam m\u00ebsuar shum\u00eb edhe n\u00eb periudh\u00ebn shtator 2005- mars 2007 kur bashk\u00ebpunuam n\u00eb ministri.<\/p>\n<p><strong>Bilanc<\/strong><\/p>\n<p>Fitimtar\u00ebt-<br \/>\nfitimtar\u00eb.<br \/>\nT\u00eb mundurit-<br \/>\nt\u00eb mundur n\u00eb p\u00ebrjet\u00ebsi.<br \/>\nN\u00eb qoft\u00eb k\u00ebshtu<br \/>\nmos na ardhsh kurr\u00eb demokraci!<\/p>\n","protected":false},"excerpt":{"rendered":"<p>Nga Bujar Leskaj 4 vjet, nga kalimi n\u00eb p\u00ebrjet\u00ebsi, i poetit dhe shkrimtarit, mikut fisnik, Bardhyl Londo, i cili u nda nga jeta n\u00eb mosh\u00ebn 74 vje\u00e7are, pas nj\u00eb beteje t\u00eb pabarabart\u00eb me nj\u00eb s\u00ebmundje t\u00eb r\u00ebnd\u00eb. Bardhyl Londo la pas nj\u00eb pasuri t\u00eb madhe letrare; krijues i qindra vargjeve p\u00ebr dashurin\u00eb dhe ndjenjat njer\u00ebzore, &hellip;<\/p>\n","protected":false},"author":4,"featured_media":136345,"comment_status":"closed","ping_status":"closed","sticky":false,"template":"","format":"standard","meta":{"footnotes":""},"categories":[42],"tags":[],"class_list":["post-136344","post","type-post","status-publish","format-standard","has-post-thumbnail","","category-kulture"],"_links":{"self":[{"href":"https:\/\/rdnews.al\/index.php\/wp-json\/wp\/v2\/posts\/136344","targetHints":{"allow":["GET"]}}],"collection":[{"href":"https:\/\/rdnews.al\/index.php\/wp-json\/wp\/v2\/posts"}],"about":[{"href":"https:\/\/rdnews.al\/index.php\/wp-json\/wp\/v2\/types\/post"}],"author":[{"embeddable":true,"href":"https:\/\/rdnews.al\/index.php\/wp-json\/wp\/v2\/users\/4"}],"replies":[{"embeddable":true,"href":"https:\/\/rdnews.al\/index.php\/wp-json\/wp\/v2\/comments?post=136344"}],"version-history":[{"count":1,"href":"https:\/\/rdnews.al\/index.php\/wp-json\/wp\/v2\/posts\/136344\/revisions"}],"predecessor-version":[{"id":136346,"href":"https:\/\/rdnews.al\/index.php\/wp-json\/wp\/v2\/posts\/136344\/revisions\/136346"}],"wp:featuredmedia":[{"embeddable":true,"href":"https:\/\/rdnews.al\/index.php\/wp-json\/wp\/v2\/media\/136345"}],"wp:attachment":[{"href":"https:\/\/rdnews.al\/index.php\/wp-json\/wp\/v2\/media?parent=136344"}],"wp:term":[{"taxonomy":"category","embeddable":true,"href":"https:\/\/rdnews.al\/index.php\/wp-json\/wp\/v2\/categories?post=136344"},{"taxonomy":"post_tag","embeddable":true,"href":"https:\/\/rdnews.al\/index.php\/wp-json\/wp\/v2\/tags?post=136344"}],"curies":[{"name":"wp","href":"https:\/\/api.w.org\/{rel}","templated":true}]}}