{"id":136347,"date":"2026-02-18T10:20:33","date_gmt":"2026-02-18T10:20:33","guid":{"rendered":"https:\/\/rdnews.al\/?p=136347"},"modified":"2026-02-18T10:20:33","modified_gmt":"2026-02-18T10:20:33","slug":"spak-kujtohet-per-ballukun-shkrese-bankave-per-pasurine-e-saj","status":"publish","type":"post","link":"https:\/\/rdnews.al\/index.php\/2026\/02\/18\/spak-kujtohet-per-ballukun-shkrese-bankave-per-pasurine-e-saj\/","title":{"rendered":"SPAK kujtohet p\u00ebr Ballukun, shkres\u00eb bankave p\u00ebr pasurin\u00eb e saj\u00a0"},"content":{"rendered":"<p>Prokuroria e Posa\u00e7me Kund\u00ebr Korrupsionit dhe Krimit t\u00eb Organizuar (SPAK) ka intensifikuar hetimet p\u00ebr zv\/kryeministren e pezulluar, Belinda Balluku.<\/p>\n<p>Burime p\u00ebr mediat b\u00ebjn\u00eb me dije se prokuror\u00ebt po kryejn\u00eb hetim pasuror p\u00ebr Ballukun, nd\u00ebrsa jan\u00eb adresuar edhe nj\u00eb s\u00ebr\u00eb shkresash n\u00eb banka p\u00ebr informacione mbi pasurin\u00eb e saj.<\/p>\n<p>Balluku \u00ebsht\u00eb marr\u00eb e pandehur nga SPAK p\u00ebr tenderin p\u00ebr tunelin e Llogaras\u00eb nd\u00ebrsa po hetohet p\u00ebr disa tendera sa i p\u00ebrket Unaz\u00ebs s\u00eb Madhe dhe aksit Thuman\u00eb-Kashar.<\/p>\n<p>Ajo \u00ebsht\u00eb pezulluar me vendim t\u00eb GJKKO nga detyra, nd\u00ebrsa m\u00eb dat\u00eb 23 shkurt pritet t\u00eb mblidhet K\u00ebshilli i Mandateve p\u00ebr imunitetin e saj.<\/p>\n<p>N\u00eb mbledhje, sipas burimeve, SPAK pritet t\u00eb paraqes\u00eb prova t\u00eb reja p\u00ebr Ballukun, nd\u00ebrsa ka k\u00ebrkuar q\u00eb mbledhja t\u00eb jet\u00eb e mbyllur.<\/p>\n<p>Mbetet p\u00ebr t&#8217;u par\u00eb si do t\u00eb vijoj\u00eb procesi ndaj saj, i zvarritur prej vitit t\u00eb kaluar, ku me urdh\u00ebr t\u00eb Edi Ram\u00ebs, socialist\u00ebt jan\u00eb munduar t&#8217;i japin sa m\u00eb shum\u00eb koh\u00eb numrit dy t\u00eb qeveris\u00eb.<\/p>\n","protected":false},"excerpt":{"rendered":"<p>Prokuroria e Posa\u00e7me Kund\u00ebr Korrupsionit dhe Krimit t\u00eb Organizuar (SPAK) ka intensifikuar hetimet p\u00ebr zv\/kryeministren e pezulluar, Belinda Balluku. Burime p\u00ebr mediat b\u00ebjn\u00eb me dije se prokuror\u00ebt po kryejn\u00eb hetim pasuror p\u00ebr Ballukun, nd\u00ebrsa jan\u00eb adresuar edhe nj\u00eb s\u00ebr\u00eb shkresash n\u00eb banka p\u00ebr informacione mbi pasurin\u00eb e saj. Balluku \u00ebsht\u00eb marr\u00eb e pandehur nga SPAK &hellip;<\/p>\n","protected":false},"author":4,"featured_media":131462,"comment_status":"closed","ping_status":"closed","sticky":false,"template":"","format":"standard","meta":{"footnotes":""},"categories":[37],"tags":[],"class_list":["post-136347","post","type-post","status-publish","format-standard","has-post-thumbnail","","category-politike"],"_links":{"self":[{"href":"https:\/\/rdnews.al\/index.php\/wp-json\/wp\/v2\/posts\/136347","targetHints":{"allow":["GET"]}}],"collection":[{"href":"https:\/\/rdnews.al\/index.php\/wp-json\/wp\/v2\/posts"}],"about":[{"href":"https:\/\/rdnews.al\/index.php\/wp-json\/wp\/v2\/types\/post"}],"author":[{"embeddable":true,"href":"https:\/\/rdnews.al\/index.php\/wp-json\/wp\/v2\/users\/4"}],"replies":[{"embeddable":true,"href":"https:\/\/rdnews.al\/index.php\/wp-json\/wp\/v2\/comments?post=136347"}],"version-history":[{"count":1,"href":"https:\/\/rdnews.al\/index.php\/wp-json\/wp\/v2\/posts\/136347\/revisions"}],"predecessor-version":[{"id":136348,"href":"https:\/\/rdnews.al\/index.php\/wp-json\/wp\/v2\/posts\/136347\/revisions\/136348"}],"wp:featuredmedia":[{"embeddable":true,"href":"https:\/\/rdnews.al\/index.php\/wp-json\/wp\/v2\/media\/131462"}],"wp:attachment":[{"href":"https:\/\/rdnews.al\/index.php\/wp-json\/wp\/v2\/media?parent=136347"}],"wp:term":[{"taxonomy":"category","embeddable":true,"href":"https:\/\/rdnews.al\/index.php\/wp-json\/wp\/v2\/categories?post=136347"},{"taxonomy":"post_tag","embeddable":true,"href":"https:\/\/rdnews.al\/index.php\/wp-json\/wp\/v2\/tags?post=136347"}],"curies":[{"name":"wp","href":"https:\/\/api.w.org\/{rel}","templated":true}]}}