{"id":136359,"date":"2026-02-18T12:43:17","date_gmt":"2026-02-18T12:43:17","guid":{"rendered":"https:\/\/rdnews.al\/?p=136359"},"modified":"2026-02-18T12:43:17","modified_gmt":"2026-02-18T12:43:17","slug":"berisha-nuk-eshte-gje-epstein-se-cfare-eshte-ergys-agasi-per-shqiperine-sherbimin-informativ-e-kishte-ne-xhep","status":"publish","type":"post","link":"https:\/\/rdnews.al\/index.php\/2026\/02\/18\/berisha-nuk-eshte-gje-epstein-se-cfare-eshte-ergys-agasi-per-shqiperine-sherbimin-informativ-e-kishte-ne-xhep\/","title":{"rendered":"Berisha: Nuk \u00ebsht\u00eb gj\u00eb Epstein se \u00e7far\u00eb \u00ebsht\u00eb Ergys Agasi p\u00ebr Shqip\u00ebrin\u00eb! Sh\u00ebrbimin Informativ e kishte n\u00eb xhep"},"content":{"rendered":"<p>Kryetari i PD, Sali Berisha tha n\u00eb mbledhjen e grupit parlamentar se, nuk \u00ebsht\u00eb gj\u00eb Epstein se \u00e7far\u00eb \u00ebsht\u00eb Ergys Agasi p\u00ebr Shqip\u00ebrin\u00eb, Sh\u00ebrbimin Informativ e kishte n\u00eb xhep.<\/p>\n<p><strong>Berisha:<\/strong> Ky ka humbur \u00e7do moral.<\/p>\n<p>A e d\u00ebgjuat dje se si i p\u00ebrulej si l\u00ebngaraq Mirlind\u00ebs s\u00eb krimit?<\/p>\n<p>Se ka hall se mos b\u00ebhet pentito.<\/p>\n<p>Ekzakt.<\/p>\n<p>Po si mund t\u00eb admirosh nj\u00eb njeri, n\u00eb sip\u00ebrmarrjen e t\u00eb cil\u00ebs jan\u00eb marr\u00eb pengje? Ka funksionuar si nj\u00eb organizat\u00eb e mir\u00ebfillt\u00eb kriminale e drejtuar nga Ergys Agasi.<\/p>\n<p>Ju flisni p\u00ebr Epstein.<\/p>\n<p>Nuk \u00ebsht\u00eb gj\u00eb Epstein se \u00e7far\u00eb \u00ebsht\u00eb Ergys Agasi p\u00ebr Shqip\u00ebrin\u00eb.<\/p>\n<p>Ergys Agasi p\u00ebr Shqip\u00ebrin\u00eb \u00ebsht\u00eb gropa e zez\u00eb m\u00eb e madhe q\u00eb mund t\u00eb imagjinohet.<\/p>\n<p>Se kontrollonte \u00e7do qytetar shqiptar.<\/p>\n<p>Vidhte \u00e7do qytetar shqiptar.<\/p>\n<p>Vidhte t\u00eb dh\u00ebnat.<\/p>\n<p>Vidhte \u00e7far\u00eb kishin shqiptar\u00ebt n\u00eb telefona, n\u00eb sht\u00ebpi dhe kudo tjet\u00ebr. T\u00eb regjistruara n\u00eb institucione shtet\u00ebrore.<\/p>\n<p>Sh\u00ebrbimin Informativ e kishte nj\u00eb got\u00eb uj\u00eb, nj\u00eb kafe, se edhe atje \u00ebsht\u00eb nj\u00eb Mirlind\u00eb tjet\u00ebr.<\/p>\n<p>Se edhe ajo \u00ebsht\u00eb si Mirlinda.<\/p>\n<p>Ua them un\u00eb.<\/p>\n<p>Nj\u00eb Mirlind\u00eb n\u00eb llojin e vet.<\/p>\n<p>Shteti ishte Ergysi, ishte Edi Rama.<\/p>\n<p>Kjo \u00ebsht\u00eb e v\u00ebrteta.<\/p>\n","protected":false},"excerpt":{"rendered":"<p>Kryetari i PD, Sali Berisha tha n\u00eb mbledhjen e grupit parlamentar se, nuk \u00ebsht\u00eb gj\u00eb Epstein se \u00e7far\u00eb \u00ebsht\u00eb Ergys Agasi p\u00ebr Shqip\u00ebrin\u00eb, Sh\u00ebrbimin Informativ e kishte n\u00eb xhep. Berisha: Ky ka humbur \u00e7do moral. A e d\u00ebgjuat dje se si i p\u00ebrulej si l\u00ebngaraq Mirlind\u00ebs s\u00eb krimit? Se ka hall se mos b\u00ebhet pentito. &hellip;<\/p>\n","protected":false},"author":4,"featured_media":136360,"comment_status":"closed","ping_status":"closed","sticky":false,"template":"","format":"standard","meta":{"footnotes":""},"categories":[37],"tags":[],"class_list":["post-136359","post","type-post","status-publish","format-standard","has-post-thumbnail","","category-politike"],"_links":{"self":[{"href":"https:\/\/rdnews.al\/index.php\/wp-json\/wp\/v2\/posts\/136359","targetHints":{"allow":["GET"]}}],"collection":[{"href":"https:\/\/rdnews.al\/index.php\/wp-json\/wp\/v2\/posts"}],"about":[{"href":"https:\/\/rdnews.al\/index.php\/wp-json\/wp\/v2\/types\/post"}],"author":[{"embeddable":true,"href":"https:\/\/rdnews.al\/index.php\/wp-json\/wp\/v2\/users\/4"}],"replies":[{"embeddable":true,"href":"https:\/\/rdnews.al\/index.php\/wp-json\/wp\/v2\/comments?post=136359"}],"version-history":[{"count":1,"href":"https:\/\/rdnews.al\/index.php\/wp-json\/wp\/v2\/posts\/136359\/revisions"}],"predecessor-version":[{"id":136361,"href":"https:\/\/rdnews.al\/index.php\/wp-json\/wp\/v2\/posts\/136359\/revisions\/136361"}],"wp:featuredmedia":[{"embeddable":true,"href":"https:\/\/rdnews.al\/index.php\/wp-json\/wp\/v2\/media\/136360"}],"wp:attachment":[{"href":"https:\/\/rdnews.al\/index.php\/wp-json\/wp\/v2\/media?parent=136359"}],"wp:term":[{"taxonomy":"category","embeddable":true,"href":"https:\/\/rdnews.al\/index.php\/wp-json\/wp\/v2\/categories?post=136359"},{"taxonomy":"post_tag","embeddable":true,"href":"https:\/\/rdnews.al\/index.php\/wp-json\/wp\/v2\/tags?post=136359"}],"curies":[{"name":"wp","href":"https:\/\/api.w.org\/{rel}","templated":true}]}}