{"id":136362,"date":"2026-02-18T12:46:57","date_gmt":"2026-02-18T12:46:57","guid":{"rendered":"https:\/\/rdnews.al\/?p=136362"},"modified":"2026-02-18T12:46:57","modified_gmt":"2026-02-18T12:46:57","slug":"bordi-i-paqes-berisha-ftesa-ka-lidhje-me-shqiperine-dhe-nuk-ka-asnje-lidhje-me-personin-e-shperfytyruar-qe-eshte-edi-rama","status":"publish","type":"post","link":"https:\/\/rdnews.al\/index.php\/2026\/02\/18\/bordi-i-paqes-berisha-ftesa-ka-lidhje-me-shqiperine-dhe-nuk-ka-asnje-lidhje-me-personin-e-shperfytyruar-qe-eshte-edi-rama\/","title":{"rendered":"Bordi i Paqes\/ Berisha: Ftesa ka lidhje me Shqip\u00ebrin\u00eb dhe nuk ka asnj\u00eb lidhje me personin e shp\u00ebrfytyruar, q\u00eb \u00ebsht\u00eb Edi Rama"},"content":{"rendered":"<p>Kryetari i PD, Sali Berisha, gjat\u00eb mbledhjes s\u00eb grupit parlamentar tha se, ftesa p\u00ebr n\u00eb Bordin e Paqes lidhet me Shqip\u00ebrin\u00eb dhe jo me kryeministrin Edi Rama.<br \/>\nAi u b\u00ebri thirrje qytetar\u00ebve t\u00eb marrin n\u00eb dor\u00eb fatin e vendit dhe k\u00ebrkoi dor\u00ebheqjen e menj\u00ebhershme t\u00eb Ram\u00ebs, duke e akuzuar p\u00ebr p\u00ebrgjegj\u00ebsi n\u00eb p\u00ebrshkall\u00ebzimin e situat\u00ebs dhe dhun\u00ebn ndaj protestuesve.<\/p>\n<p>Sipas tij, p\u00ebrfaq\u00ebsimi n\u00eb Bordin e Paqes \u00ebsht\u00eb \u00e7\u00ebshtje e shtetit shqiptar dhe jo e individ\u00ebve t\u00eb ve\u00e7ant\u00eb.<\/p>\n<p>Berisha: Prandaj dhe sot qytetar\u00ebt duhet t\u00eb marrin n\u00eb dor\u00eb fatin e vet, fatin e Shqip\u00ebris\u00eb.<\/p>\n<p>Lopa e \u00e7mendur duhet t\u00eb p\u00ebrcillet ku e ka vendin.<\/p>\n<p>Ky po sillet n\u00eb k\u00ebt\u00eb m\u00ebnyr\u00eb, tejkalon \u00e7do lloj&#8230; n\u00eb vend se t\u00eb jap\u00eb dor\u00ebheqjen menj\u00ebher\u00eb, t\u00eb largohet urgjentisht nga pushteti, po b\u00ebn gjith\u00e7ka, edhe plumbat mbi demonstruesit jan\u00eb me urdh\u00ebr t\u00eb tij.<\/p>\n<p>Se t\u00eb q\u00ebllosh n\u00eb ball\u00eb, t\u00eb q\u00ebllosh n\u00eb kafk\u00eb, ke vet\u00ebm q\u00ebllim q\u00eb t\u2019i l\u00ebsh t\u00eb vrar\u00eb n\u00eb vend.<\/p>\n<p>Un\u00eb i them Edi Ram\u00ebs, jep dor\u00ebheqjen se absolutisht nuk ka forc\u00eb n\u00eb bot\u00eb q\u00eb t\u00eb pengoj\u00eb shqiptar\u00ebt pa t\u00eb larguar ty se po sillesh n\u00eb m\u00ebnyr\u00ebn m\u00eb t\u00eb pakonceptueshme.<\/p>\n<p>Ishte e leht\u00eb ajo q\u00eb thash\u00eb lop\u00eb e \u00e7mendur, por je nj\u00eb armik i urryer i shqiptar\u00ebve me k\u00ebto q\u00eb b\u00ebn dhe q\u00eb ke b\u00ebr\u00eb.<\/p>\n<p>Tani, sot niset dhe ai do p\u00ebrpiqet n\u00eb propagand\u00eb.<\/p>\n<p>T\u00eb dashur qytetar\u00eb dhe qytetare, Shqip\u00ebria \u00ebsht\u00eb an\u00ebtare e Bordit t\u00eb Paqes, e cila \u00ebsht\u00eb themeluar nga presidenti Trump.<\/p>\n<p>Natyrisht, do ket\u00eb nj\u00eb p\u00ebrfaq\u00ebsues.<\/p>\n<p>Po shkoi ky, apo do shkonte Harami, t\u00eb dy nj\u00eb fatkeq\u00ebsi komb\u00ebtare. Dhe k\u00ebshtu si\u00e7 shkon, do kthehet.<\/p>\n<p>Shkon hajdut kudo q\u00eb shkon, kthehet hajdut kudo q\u00eb t\u00eb kthehet.<\/p>\n<p>Ndaj dhe u siguroj se ftesa ka lidhje me Shqip\u00ebrin\u00eb dhe nuk ka asnj\u00eb lidhje n\u00eb m\u00ebnyr\u00eb absolute me personin e shp\u00ebrfytyruar q\u00eb \u00ebsht\u00eb Edi Rama sot.<\/p>\n","protected":false},"excerpt":{"rendered":"<p>Kryetari i PD, Sali Berisha, gjat\u00eb mbledhjes s\u00eb grupit parlamentar tha se, ftesa p\u00ebr n\u00eb Bordin e Paqes lidhet me Shqip\u00ebrin\u00eb dhe jo me kryeministrin Edi Rama. Ai u b\u00ebri thirrje qytetar\u00ebve t\u00eb marrin n\u00eb dor\u00eb fatin e vendit dhe k\u00ebrkoi dor\u00ebheqjen e menj\u00ebhershme t\u00eb Ram\u00ebs, duke e akuzuar p\u00ebr p\u00ebrgjegj\u00ebsi n\u00eb p\u00ebrshkall\u00ebzimin e situat\u00ebs &hellip;<\/p>\n","protected":false},"author":4,"featured_media":136363,"comment_status":"closed","ping_status":"closed","sticky":false,"template":"","format":"standard","meta":{"footnotes":""},"categories":[37],"tags":[],"class_list":["post-136362","post","type-post","status-publish","format-standard","has-post-thumbnail","","category-politike"],"_links":{"self":[{"href":"https:\/\/rdnews.al\/index.php\/wp-json\/wp\/v2\/posts\/136362","targetHints":{"allow":["GET"]}}],"collection":[{"href":"https:\/\/rdnews.al\/index.php\/wp-json\/wp\/v2\/posts"}],"about":[{"href":"https:\/\/rdnews.al\/index.php\/wp-json\/wp\/v2\/types\/post"}],"author":[{"embeddable":true,"href":"https:\/\/rdnews.al\/index.php\/wp-json\/wp\/v2\/users\/4"}],"replies":[{"embeddable":true,"href":"https:\/\/rdnews.al\/index.php\/wp-json\/wp\/v2\/comments?post=136362"}],"version-history":[{"count":1,"href":"https:\/\/rdnews.al\/index.php\/wp-json\/wp\/v2\/posts\/136362\/revisions"}],"predecessor-version":[{"id":136364,"href":"https:\/\/rdnews.al\/index.php\/wp-json\/wp\/v2\/posts\/136362\/revisions\/136364"}],"wp:featuredmedia":[{"embeddable":true,"href":"https:\/\/rdnews.al\/index.php\/wp-json\/wp\/v2\/media\/136363"}],"wp:attachment":[{"href":"https:\/\/rdnews.al\/index.php\/wp-json\/wp\/v2\/media?parent=136362"}],"wp:term":[{"taxonomy":"category","embeddable":true,"href":"https:\/\/rdnews.al\/index.php\/wp-json\/wp\/v2\/categories?post=136362"},{"taxonomy":"post_tag","embeddable":true,"href":"https:\/\/rdnews.al\/index.php\/wp-json\/wp\/v2\/tags?post=136362"}],"curies":[{"name":"wp","href":"https:\/\/api.w.org\/{rel}","templated":true}]}}