{"id":136365,"date":"2026-02-18T17:13:45","date_gmt":"2026-02-18T17:13:45","guid":{"rendered":"https:\/\/rdnews.al\/?p=136365"},"modified":"2026-02-18T17:13:45","modified_gmt":"2026-02-18T17:13:45","slug":"berisha-pret-eurodeputetin-gahler-skandali-balluku-po-perdoret-nga-rama-kunder-integrimit-akshi-me-e-rende-se-afera-epstein","status":"publish","type":"post","link":"https:\/\/rdnews.al\/index.php\/2026\/02\/18\/berisha-pret-eurodeputetin-gahler-skandali-balluku-po-perdoret-nga-rama-kunder-integrimit-akshi-me-e-rende-se-afera-epstein\/","title":{"rendered":"Berisha pret eurodeputetin Gahler: \u2018Skandali Balluku\u2019 po p\u00ebrdoret nga Rama kund\u00ebr integrimit, AKSHI m\u00eb e r\u00ebnd\u00eb se afera Epstein"},"content":{"rendered":"<p>Kryetari i Partis\u00eb Demokratike, Sali Berisha, priti sot n\u00eb nj\u00eb takim n\u00eb selin\u00eb e PD, eurodeputetin Michael Gahler, koordinator i Grupit Parlamentar t\u00eb Partis\u00eb Popullore n\u00eb Parlamentin Europian.<br \/>\nGjat\u00eb takimit, q\u00eb u p\u00ebrshkua nga nj\u00eb frym\u00eb mirkuptimi z. Berisha i shprehu p\u00ebrfaq\u00ebsuesit t\u00eb lart\u00eb europian shqet\u00ebsimet e opozit\u00ebs p\u00ebr \u201cafer\u00ebn Balluku\u201d dhe AKSHI-t, si dhe p\u00ebrpjekjet e Edi Ram\u00ebs p\u00ebr t\u00eb nd\u00ebrhyr\u00eb n\u00eb legjislacion, me q\u00ebllim krijimin e nj\u00eb mburoje p\u00ebr korrupsionin e tij dhe t\u00eb ministrave.<\/p>\n<p>Berisha theksoi se amendamentet ligjore q\u00eb synon Rama d\u00ebmtojn\u00eb, jo vet\u00ebm luft\u00ebn e drejt\u00ebsis\u00eb kund\u00ebr korrupsionit, por edhe procesin e integrimit europian. Sipas kryetarit t\u00eb PD, opozita e mb\u00ebshtet pa kushte procesin e itengrimit n\u00eb BE, por k\u00ebrkon q\u00eb ky proces t\u00eb jet\u00eb gjith\u00ebp\u00ebrfshir\u00ebs, i bazuar n\u00eb merit\u00eb, dhe t\u00eb mos p\u00ebrdoret p\u00ebr q\u00ebllime propagandistike nga qeveria.<\/p>\n<p>Berisha b\u00ebri edhe nj\u00eb panoram\u00eb t\u00eb thelluar t\u00eb skandalit t\u00eb AKSHI-t dhe p\u00ebrfshirjen e Kryeministrit vet\u00eb dhe me familjar\u00eb t\u00eb tij n\u00eb k\u00ebt\u00eb afer\u00eb t\u00eb r\u00ebnd\u00eb, e cila per Shqiperine tejkalon \u2018afer\u00ebn Epstein\u2019, jo vet\u00ebm si akt korruptiv, por edhe sepse prek nj\u00eb pjes\u00eb themelore t\u00eb superstruktur\u00ebs shtet\u00ebrore, p\u00ebrfshir\u00eb k\u00ebtu sigurin\u00eb kibernetike.<\/p>\n<p>Berisha dhe Gahler u ndal\u00ebn edhe te zgjedhjet e fundit n\u00eb Shqip\u00ebri, dhe kryetari i Partis\u00eb Demokratike u shpreh i k\u00ebnaqur me faktin se nj\u00eb mison v\u00ebzhgues u d\u00ebrgua nga Parlamenti Europian, dhe eurodeputeti ishte pjes\u00eb e tij dhe mundi t\u00eb shihte vet\u00eb ato shkelje t\u00eb r\u00ebnda q\u00eb thekson raporti i OSBE, por edhe 7 rezoluta nd\u00ebrkom\u00ebbtare, q\u00eb i kan\u00eb d\u00ebnuar hapur zgjedhjet e manipuluara shqiptare.<br \/>\nLidhjet e Edi Ram\u00ebs me Kartelet e drog\u00ebs ishte gjithashtu nj\u00eb \u00e7\u00ebshtje qe u diskutua gjer\u00ebsisht.<\/p>\n<figure class=\"wp-block-gallery has-nested-images columns-default is-cropped wp-block-gallery-1 is-layout-flex wp-block-gallery-is-layout-flex\">\n<figure class=\"wp-block-image size-large\"><img loading=\"lazy\" decoding=\"async\" class=\"wp-image-25401\" src=\"https:\/\/pd.al\/wp-content\/uploads\/2026\/02\/1f7f47b0-83b9-42d0-aa45-09b87913f5b7-1024x682.jpeg\" sizes=\"auto, (max-width: 1024px) 100vw, 1024px\" srcset=\"https:\/\/pd.al\/wp-content\/uploads\/2026\/02\/1f7f47b0-83b9-42d0-aa45-09b87913f5b7-1024x682.jpeg 1024w, https:\/\/pd.al\/wp-content\/uploads\/2026\/02\/1f7f47b0-83b9-42d0-aa45-09b87913f5b7-300x200.jpeg 300w, https:\/\/pd.al\/wp-content\/uploads\/2026\/02\/1f7f47b0-83b9-42d0-aa45-09b87913f5b7-768x511.jpeg 768w, https:\/\/pd.al\/wp-content\/uploads\/2026\/02\/1f7f47b0-83b9-42d0-aa45-09b87913f5b7.jpeg 1280w\" alt=\"\" width=\"1024\" height=\"682\" data-id=\"25401\" \/><\/figure>\n<\/figure>\n","protected":false},"excerpt":{"rendered":"<p>Kryetari i Partis\u00eb Demokratike, Sali Berisha, priti sot n\u00eb nj\u00eb takim n\u00eb selin\u00eb e PD, eurodeputetin Michael Gahler, koordinator i Grupit Parlamentar t\u00eb Partis\u00eb Popullore n\u00eb Parlamentin Europian. Gjat\u00eb takimit, q\u00eb u p\u00ebrshkua nga nj\u00eb frym\u00eb mirkuptimi z. Berisha i shprehu p\u00ebrfaq\u00ebsuesit t\u00eb lart\u00eb europian shqet\u00ebsimet e opozit\u00ebs p\u00ebr \u201cafer\u00ebn Balluku\u201d dhe AKSHI-t, si dhe &hellip;<\/p>\n","protected":false},"author":4,"featured_media":136366,"comment_status":"closed","ping_status":"closed","sticky":false,"template":"","format":"standard","meta":{"footnotes":""},"categories":[37],"tags":[],"class_list":["post-136365","post","type-post","status-publish","format-standard","has-post-thumbnail","","category-politike"],"_links":{"self":[{"href":"https:\/\/rdnews.al\/index.php\/wp-json\/wp\/v2\/posts\/136365","targetHints":{"allow":["GET"]}}],"collection":[{"href":"https:\/\/rdnews.al\/index.php\/wp-json\/wp\/v2\/posts"}],"about":[{"href":"https:\/\/rdnews.al\/index.php\/wp-json\/wp\/v2\/types\/post"}],"author":[{"embeddable":true,"href":"https:\/\/rdnews.al\/index.php\/wp-json\/wp\/v2\/users\/4"}],"replies":[{"embeddable":true,"href":"https:\/\/rdnews.al\/index.php\/wp-json\/wp\/v2\/comments?post=136365"}],"version-history":[{"count":1,"href":"https:\/\/rdnews.al\/index.php\/wp-json\/wp\/v2\/posts\/136365\/revisions"}],"predecessor-version":[{"id":136367,"href":"https:\/\/rdnews.al\/index.php\/wp-json\/wp\/v2\/posts\/136365\/revisions\/136367"}],"wp:featuredmedia":[{"embeddable":true,"href":"https:\/\/rdnews.al\/index.php\/wp-json\/wp\/v2\/media\/136366"}],"wp:attachment":[{"href":"https:\/\/rdnews.al\/index.php\/wp-json\/wp\/v2\/media?parent=136365"}],"wp:term":[{"taxonomy":"category","embeddable":true,"href":"https:\/\/rdnews.al\/index.php\/wp-json\/wp\/v2\/categories?post=136365"},{"taxonomy":"post_tag","embeddable":true,"href":"https:\/\/rdnews.al\/index.php\/wp-json\/wp\/v2\/tags?post=136365"}],"curies":[{"name":"wp","href":"https:\/\/api.w.org\/{rel}","templated":true}]}}