{"id":136376,"date":"2026-02-18T17:41:20","date_gmt":"2026-02-18T17:41:20","guid":{"rendered":"https:\/\/rdnews.al\/?p=136376"},"modified":"2026-02-18T22:29:14","modified_gmt":"2026-02-18T22:29:14","slug":"parlamenti-europian-e-konsideron-ceshtjen-balluku-si-test-kritik-ne-luften-anti-korrupsion","status":"publish","type":"post","link":"https:\/\/rdnews.al\/index.php\/2026\/02\/18\/parlamenti-europian-e-konsideron-ceshtjen-balluku-si-test-kritik-ne-luften-anti-korrupsion\/","title":{"rendered":"Parlamenti Europian e konsideron \u00e7\u00ebshtjen \u2018Balluku\u2019 si test kritik n\u00eb luft\u00ebn anti-korrupsion"},"content":{"rendered":"<h2 style=\"line-height: 16.8pt; background: white; vertical-align: baseline; box-sizing: border-box; font-variant-ligatures: normal; font-variant-caps: normal; font-variant-numeric: inherit; font-variant-east-asian: inherit; font-variant-alternates: inherit; font-variant-position: inherit; font-variant-emoji: inherit; font-weight: inherit; font-stretch: inherit; font-optical-sizing: inherit; font-size-adjust: inherit; font-kerning: inherit; font-feature-settings: inherit; font-variation-settings: inherit; font-language-override: inherit; text-rendering: optimizelegibility; orphans: 2; text-align: start; widows: 2; -webkit-text-stroke-width: 0px; text-decoration-thickness: initial; text-decoration-style: initial; text-decoration-color: initial; word-spacing: 0px; margin: 9.95pt 0in 15.0pt 0in;\"><span lang=\"EN-US\" style=\"font-size: 15.0pt; font-family: 'Helvetica',sans-serif; color: #a0a0a0;\">Kryetari i Komisionit t\u00eb Jasht\u00ebm t\u00eb Parlamentit Europian, David McAllister, gjat\u00eb nj\u00eb vizit\u00eb t\u00eb m\u00ebrkur\u00ebn n\u00eb Tiran\u00eb, duke folur p\u00ebr procesin e Integrimit Europian e konsideroi \u00e7\u00ebshtjen e hetimit ndaj zv.kryeministres Belinda Balluku si nj\u00eb \u201ctest kritik\u201d n\u00eb luft\u00ebn anti-korrupsion t\u00eb Shqip\u00ebris\u00eb.<b><\/b><\/span><\/h2>\n<p>Mbrojtja publike dhe ligjore e kryeministrit Edi Rama dhe mazhoranc\u00ebs parlamentare ndaj zv.kryeministres dhe ministres s\u00eb Infrastruktur\u00ebs dhe Energjis\u00eb, Belinda Balluku, e akuzuar p\u00ebr vepr\u00ebn penale t\u00eb shkeljes s\u00eb barazis\u00eb n\u00eb tendera me vler\u00eb qindramilion\u00eb euro, ka shqet\u00ebsuar Parlamentin Europian.<\/p>\n<p>Kryetari i Komisionit t\u00eb Jasht\u00ebm t\u00eb Parlamentit Europian, David McAllister, tha t\u00eb m\u00ebrkur\u00ebn gjat\u00eb nj\u00eb konference p\u00ebr shtyp n\u00eb Tiran\u00eb, se kjo \u00e7\u00ebshtje p\u00ebrb\u00ebn nj\u00eb test kritik p\u00ebr vendin.<\/p>\n<p>\u201cNuk jam n\u00eb pozicion t\u00eb komentoj n\u00eb holl\u00ebsi raste individuale, por do t\u00eb them se \u00e7\u00ebshtja q\u00eb p\u00ebrfshin zv\/kryeministren Balluku \u00ebsht\u00eb test kritik p\u00ebr Shqip\u00ebrin\u00eb n\u00eb luft\u00ebn e saj kund\u00ebr korrupsionit\u201d, u shpreh ai i pyetur nga gazetar\u00ebt p\u00ebr ofensiv\u00ebn ligjore t\u00eb nd\u00ebrmarr\u00eb nga Rama p\u00ebr t\u00eb mbrojtur veten dhe kabinetin qeveritar nga vendimet e pezullimit t\u00eb gjykatave.<\/p>\n<p>I pyetur n\u00ebse refuzimi i parlamentit p\u00ebr t\u00eb hequr imunitetin e Ballukut p\u00ebrball\u00eb k\u00ebrkes\u00ebs s\u00eb Prokuroris\u00eb s\u00eb Posa\u00e7me, SPAK, p\u00ebr arrestimin e saj, do t\u00eb rrezikonte procesin e integrimit McAllister rip\u00ebrs\u00ebriti q\u00ebndrimin nd\u00ebrsa b\u00ebri t\u00eb ditur se \u00e7\u00ebshtja kishte qen\u00eb nj\u00eb tem\u00eb diskutimi me autoritetet shqiptare.<\/p>\n<p>\u201cI kam th\u00ebn\u00eb t\u00eb gjitha q\u00eb jan\u00eb p\u00ebr t\u00eb th\u00ebn\u00eb p\u00ebr k\u00ebt\u00eb \u00e7\u00ebshtje, ajo duhet t\u00eb hetohet thell\u00ebsisht, e kemi adresuar k\u00ebt\u00eb \u00e7\u00ebshtje n\u00eb bisedat e brendshme, por nuk kam \u00e7far\u00eb t\u00eb shtoj m\u00eb shum\u00eb\u201d- tha ai.<\/p>\n<p>Pasi b\u00ebri nj\u00eb betej\u00eb ligjore n\u00eb Gjykat\u00ebn Kushtetuese p\u00ebr t\u00eb rr\u00ebzuar nj\u00eb vendim t\u00eb Gjykat\u00ebs s\u00eb Posa\u00e7me q\u00eb pezullonte nga detyra Ballukun, kryeministri Edi Rama dor\u00ebzoi n\u00eb Kuvend me firm\u00ebn e tij nj\u00eb projektligj p\u00ebr ndryshimin e nenit 242 t\u00eb Kodit t\u00eb Procedur\u00ebs Penale, sipas t\u00eb cilit kryeministri dhe kabineti i tij qeveritar nuk preken nga masa e pezullimit nga detyra si pjes\u00eb e nj\u00eb procedimi penal.<\/p>\n<p>Amendamenti i Ram\u00ebs po monitorohet nga af\u00ebr nga Bashkimi Europian, i cili pret q\u00eb \u00e7do nism\u00eb legjislative q\u00eb lidhet me gjyq\u00ebsorin t\u00eb jet\u00eb n\u00eb p\u00ebrputhje me acquis e BE-s\u00eb dhe standardet europiane.<\/p>\n<p>Delegacioni i BE-s\u00eb n\u00eb Shqip\u00ebri i tha BIRN-it t\u00eb mart\u00ebn se monitorimi p\u00ebrfshin edhe zbatimin e reform\u00ebs n\u00eb drejt\u00ebsi t\u00eb vitit 2016 n\u00eb kuad\u00ebr t\u00eb negociatave t\u00eb an\u00ebtar\u00ebsimit, p\u00ebr shkak se \u201cshteti i s\u00eb drejt\u00ebs dhe pavar\u00ebsia, llogaridh\u00ebnia dhe efikasiteti i gjyq\u00ebsorit n\u00eb Shqip\u00ebri jan\u00eb elemente themelore t\u00eb procesit t\u00eb zgjerimit t\u00eb BE-s\u00eb\u201d.<\/p>\n<p>Gjat\u00eb daljes p\u00ebr mediat p\u00ebrfaq\u00ebsuesi i Parlamentit Europian p\u00ebrcolli gjithashtu disa mesazhe q\u00eb lidhen me pritshm\u00ebrit\u00eb e BE-s\u00eb ndaj Shqip\u00ebris\u00eb n\u00eb procesin e negociatave p\u00ebr integrim, duke v\u00ebn\u00eb theksin tek nj\u00eb reform\u00eb zgjedhore gjithp\u00ebrfshir\u00ebse dhe liria e shprehjes, nd\u00ebrsa theksoi se p\u00ebr p\u00ebrafrimin e legjislacionit nuk mjafton vet\u00ebm miratimi i ligjeve, por zbatimi i reformave.<\/p>\n<p>\u201cIntegrimi \u00ebsht\u00eb nj\u00eb proces q\u00eb mb\u00ebshtetet n\u00eb merita, por jemi t\u00eb shqet\u00ebsuar sa i takon polarizimit politik n\u00eb Shqip\u00ebri, inkurajojm\u00eb stabilitet politik dhe dialog\u201d- tha nd\u00ebr t\u00eb tjera ai.<\/p>\n<p>Para deklarat\u00ebs p\u00ebr mediat McAllister u takua me Kryeministrin, Ministren e Jashtme, Kryetarin e Kuvendit dhe p\u00ebrfaq\u00ebsues t\u00eb opozit\u00ebs e mazhoranc\u00ebs n\u00eb parlament.\/ BIRN<\/p>\n","protected":false},"excerpt":{"rendered":"<p>Kryetari i Komisionit t\u00eb Jasht\u00ebm t\u00eb Parlamentit Europian, David McAllister, gjat\u00eb nj\u00eb vizit\u00eb t\u00eb m\u00ebrkur\u00ebn n\u00eb Tiran\u00eb, duke folur p\u00ebr procesin e Integrimit Europian e konsideroi \u00e7\u00ebshtjen e hetimit ndaj zv.kryeministres Belinda Balluku si nj\u00eb \u201ctest kritik\u201d n\u00eb luft\u00ebn anti-korrupsion t\u00eb Shqip\u00ebris\u00eb. Mbrojtja publike dhe ligjore e kryeministrit Edi Rama dhe mazhoranc\u00ebs parlamentare ndaj zv.kryeministres &hellip;<\/p>\n","protected":false},"author":4,"featured_media":136377,"comment_status":"closed","ping_status":"closed","sticky":false,"template":"","format":"standard","meta":{"footnotes":""},"categories":[40,37],"tags":[],"class_list":["post-136376","post","type-post","status-publish","format-standard","has-post-thumbnail","","category-aktualitet","category-politike"],"_links":{"self":[{"href":"https:\/\/rdnews.al\/index.php\/wp-json\/wp\/v2\/posts\/136376","targetHints":{"allow":["GET"]}}],"collection":[{"href":"https:\/\/rdnews.al\/index.php\/wp-json\/wp\/v2\/posts"}],"about":[{"href":"https:\/\/rdnews.al\/index.php\/wp-json\/wp\/v2\/types\/post"}],"author":[{"embeddable":true,"href":"https:\/\/rdnews.al\/index.php\/wp-json\/wp\/v2\/users\/4"}],"replies":[{"embeddable":true,"href":"https:\/\/rdnews.al\/index.php\/wp-json\/wp\/v2\/comments?post=136376"}],"version-history":[{"count":1,"href":"https:\/\/rdnews.al\/index.php\/wp-json\/wp\/v2\/posts\/136376\/revisions"}],"predecessor-version":[{"id":136378,"href":"https:\/\/rdnews.al\/index.php\/wp-json\/wp\/v2\/posts\/136376\/revisions\/136378"}],"wp:featuredmedia":[{"embeddable":true,"href":"https:\/\/rdnews.al\/index.php\/wp-json\/wp\/v2\/media\/136377"}],"wp:attachment":[{"href":"https:\/\/rdnews.al\/index.php\/wp-json\/wp\/v2\/media?parent=136376"}],"wp:term":[{"taxonomy":"category","embeddable":true,"href":"https:\/\/rdnews.al\/index.php\/wp-json\/wp\/v2\/categories?post=136376"},{"taxonomy":"post_tag","embeddable":true,"href":"https:\/\/rdnews.al\/index.php\/wp-json\/wp\/v2\/tags?post=136376"}],"curies":[{"name":"wp","href":"https:\/\/api.w.org\/{rel}","templated":true}]}}