{"id":136379,"date":"2026-02-18T17:44:33","date_gmt":"2026-02-18T17:44:33","guid":{"rendered":"https:\/\/rdnews.al\/?p=136379"},"modified":"2026-02-18T17:44:33","modified_gmt":"2026-02-18T17:44:33","slug":"skandali-i-vjedhjes-brukseli-nuk-ka-folur-si-genjen-ministri-i-rames-me-afatet-per-ipard-iii","status":"publish","type":"post","link":"https:\/\/rdnews.al\/index.php\/2026\/02\/18\/skandali-i-vjedhjes-brukseli-nuk-ka-folur-si-genjen-ministri-i-rames-me-afatet-per-ipard-iii\/","title":{"rendered":"Skandali i vjedhjes\/ Brukseli nuk ka folur, si g\u00ebnjen ministri i Ram\u00ebs me afatet p\u00ebr IPARD III"},"content":{"rendered":"<p>Bujq\u00ebsia shqiptare ka hyr\u00eb n\u00eb vitin e tret\u00eb t\u00eb pezullimit t\u00eb fondeve IPARD III nga Bashkimi Evropian p\u00ebr shkak t\u00eb dyshimeve p\u00ebr korrupsion.<\/p>\n<p>Q\u00eb nga\u00a0korriku\u00a0i vitit 2023, kur Komisioni Evropian nd\u00ebrpreu rimbursimet p\u00ebr IPARD II dhe pezulloi IPARD III, qeveria shqiptare ka paralajm\u00ebruar disa her\u00eb rikthimin e af\u00ebrt t\u00eb financimeve.<\/p>\n<p>S\u00eb fundmi, ministri i Bujq\u00ebsis\u00eb dhe Zhvillimit Rural, Andis Salla, deklaroi se fondet do t\u00eb \u00e7elen brenda 6-mujorit t\u00eb par\u00eb t\u00eb vitit.<\/p>\n<p><em>\u201cNe i kemi b\u00ebr\u00eb detyrat tona, \u00e7far\u00eb na \u00ebsht\u00eb k\u00ebrkuar nga Bashkimi Evropian. Jemi n\u00eb dat\u00ebn 9 mars (Bruksel), p\u00ebr t\u00eb vazhduar hapat e m\u00ebtejsh\u00ebm q\u00eb ne brenda 6 mujorit t\u00eb par\u00eb t\u00eb kemi IPARD III,\u201d<\/em>\u00a0\u00a0u shpreh\u00a0Salla.<\/p>\n<p>Por a ekziston nj\u00eb vendim zyrtar nga Komisioni Evropian q\u00eb konfirmon k\u00ebt\u00eb afat?<\/p>\n<div class=\"jnews_inline_related_post_wrapper left\">\n<div class=\"jnews_inline_related_post\">\n<div class=\"jeg_postblock_29 jeg_postblock jeg_module_hook jeg_pagination_disable jeg_col_2o3 jnews_module_1662702_1_6995f66e8292a   \" data-unique=\"jnews_module_1662702_1_6995f66e8292a\">\n<div class=\"jeg_block_heading jeg_block_heading_6 jeg_subcat_right\"><\/div>\n<\/div>\n<\/div>\n<\/div>\n<div class=\"jeg_ad jeg_ad_article jnews_content_inline_2_ads  \">\n<div class=\"ads-wrapper align-center \">\n<div class=\"ads_code\">Qeveria shqiptare ka deklaruar disa her\u00eb se fondet IPARD do t\u00eb rihapen \u201cs\u00eb shpejti\u201d apo brenda nj\u00eb afati t\u00eb caktuar. N\u00eb \u00e7do rast t\u00eb m\u00ebparsh\u00ebm, Komisioni Evropian ka sqaruar se procedura ishte ende n\u00eb proces dhe se nuk kishte nj\u00eb dat\u00eb t\u00eb p\u00ebrcaktuar.<\/div>\n<\/div>\n<\/div>\n<p>Edhe sot, pas deklarat\u00ebs s\u00eb ministrit Salla, nuk ka nj\u00eb konfirmim publik nga Komisioni Evropian p\u00ebr hapjen e IPARD III brenda 6-mujorit t\u00eb par\u00eb apo p\u00ebr disbursimin e miliona eurove k\u00ebt\u00eb vit.<\/p>\n<p><strong>\u00c7far\u00eb dihet deri tani?<\/strong><\/p>\n<p>Komisioni Evropian ka p\u00ebrs\u00ebritur vazhdimisht se rifillimi i fondeve p\u00ebr bujq\u00ebsin\u00eb shqiptare varet nga p\u00ebrmbushja e masave korrigjuese dhe garantimi i mbrojtjes s\u00eb interesave financiare t\u00eb BE-s\u00eb. Nd\u00ebrkoh\u00eb,\u00a0hetimi\u00a0penal n\u00eb Shqip\u00ebri, i trajtuar nga SPAK, vijon prej vitesh pa rezultate konkrete.<\/p>\n<p>Programi IPARD III parashikon rreth 146 milion\u00eb euro p\u00ebr bujq\u00ebsin\u00eb shqiptare. Por pezullimi i tij \u00ebsht\u00eb nj\u00eb vendim formal i Komisionit Evropian dhe vet\u00ebm nj\u00eb vendim tjet\u00ebr formal mund ta heq\u00eb at\u00eb.<\/p>\n<p>Deri m\u00eb tani, nuk ka nj\u00eb njoftim zyrtar nga Brukseli q\u00eb:<\/p>\n<p>konfirmon p\u00ebrfundimin e procedur\u00ebs,<\/p>\n<p>shpall heqjen e pezullimit,<\/p>\n<p>apo n\u00ebnshkrimin p\u00ebrfundimtar t\u00eb Marr\u00ebveshjes s\u00eb Financimit.<\/p>\n<p><strong>Premtime t\u00eb p\u00ebrs\u00ebritura<\/strong><\/p>\n<p>Kjo nuk \u00ebsht\u00eb hera e par\u00eb q\u00eb\u00a0autoritetet\u00a0shqiptare shpallin nj\u00eb\u00a0afat\u00a0p\u00ebr hapjen e IPARD III.<\/p>\n<p>N\u00eb korrik 2023, ministrja e at\u00ebhershme e Bujq\u00ebsis\u00eb, Frida Krifca, e cil\u00ebsoi pezullimin si \u201cprocedur\u00eb administrative normale\u201d, duke sugjeruar se raste t\u00eb ngjashme kishin ndodhur edhe n\u00eb vende t\u00eb tjera t\u00eb BE-s\u00eb. Por Komisioni Evropian reagoi p\u00ebr Faktoje.al se \u201cnuk ka pasur raste t\u00eb ngjashme\u201d, duke e cil\u00ebsuar mas\u00ebn ndaj Shqip\u00ebris\u00eb si t\u00eb paprecedent\u00eb.<\/p>\n<p>N\u00eb maj 2024, z\u00ebvend\u00ebsministri i bujq\u00ebsis\u00eb Dhimit\u00ebr Kote deklaroi se IPARD III do t\u00eb ishte funksional n\u00eb vitin 2025. Edhe kjo deklarat\u00eb u p\u00ebrg\u00ebnjeshtrua nga Komisioni Evropian, i cili sqaroi se procedura ishte ende n\u00eb vazhdim dhe nuk kishte nj\u00eb dat\u00eb p\u00ebr rikthimin e fondeve. Z\u00ebdh\u00ebn\u00ebsi p\u00ebr tregtin\u00eb dhe bujq\u00ebsin\u00eb pran\u00eb KE-s\u00eb, Olof Gill, theksoi se nd\u00ebrprerja e rimbursimeve mbetej n\u00eb fuqi deri n\u00eb nj\u00eb njoftim tjet\u00ebr.<\/p>\n<p>N\u00eb vitin 2025, kryeministri Edi Rama deklaroi se b\u00ebhej fjal\u00eb vet\u00ebm p\u00ebr \u201cparregullsi\u201d dhe jo p\u00ebr dyshime korrupsioni. Por dokumentet dhe p\u00ebrgjigjet zyrtare t\u00eb KE-s\u00eb kan\u00eb theksuar se pezullimi u bazua n\u00eb informacion t\u00eb marr\u00eb n\u00eb kuad\u00ebr t\u00eb nj\u00eb hetimi t\u00eb OLAF, jo thjesht n\u00eb auditime rutin\u00eb.<\/p>\n<p><strong>P\u00ebrfundim<\/strong><img loading=\"lazy\" decoding=\"async\" src=\"https:\/\/ads.adsense.al\/www\/delivery\/lg.php?bannerid=0&amp;campaignid=0&amp;zoneid=138&amp;loc=https%3A%2F%2Fboldnews.al%2F2026%2F02%2F18%2Fskandali-i-vjedhjes-brukseli-nuk-ka-folur-si-genjen-ministri-salla-me-afatet-per-ipard-iii%2F&amp;referer=https%3A%2F%2Fboldnews.al%2Fcategory%2Faktualitet%2Fpage%2F2%2F&amp;cb=0595964121\" alt=\"\" width=\"0\" height=\"0\" \/><\/p>\n<p>Programi i mb\u00ebshtetjes n\u00eb bujq\u00ebsi\u00a0IPARD\u00a0ofron grante n\u00eb ndihm\u00eb t\u00eb sektorit bujq\u00ebsor p\u00ebr t\u00eb gjitha vendet q\u00eb jan\u00eb n\u00eb proces an\u00ebtar\u00ebsimi me Bashkimin Evropian. Shqip\u00ebria \u00ebsht\u00eb nj\u00eb prej pes\u00eb vendeve p\u00ebrfituese t\u00eb mb\u00ebshtetjes me grante. P\u00ebrmes programit IPARD II, i cili u zbatua gjat\u00eb viteve 2014 dhe 2020, Shqip\u00ebria p\u00ebrfitoi mbi 71 milion\u00eb euro fonde. Dhe teksa vendi priste t\u00eb niste mb\u00ebshtetjen n\u00eb bujq\u00ebsi p\u00ebrmes IPARD III me 146 milion\u00eb euro grante, Komisioni Evropian vendosi pezullimin bazuar n\u00eb dyshimet p\u00ebr korrupsion.<\/p>\n<p>Pa nj\u00eb vendim zyrtar nga Komisioni Evropian, deklaratat p\u00ebr \u00e7eljen e fondeve IPARD III mbeten premtime politike t\u00eb nj\u00ebanshme.<\/p>\n<p>Deri n\u00eb momentin q\u00eb Brukseli t\u00eb shpall\u00eb zyrtarisht heqjen e pezullimit, \u00e7do afat i shpallur nga qeveria shqiptare p\u00ebr rikthimin e fondeve \u00ebsht\u00eb i pakonfirmuar dhe, bazuar n\u00eb precedent\u00ebt e viteve t\u00eb fundit, rrezikon t\u00eb mbetet thjesht propagand\u00eb.\u00a0<a href=\"https:\/\/faktoje.al\/qeveria-premton-celjen-e-ipard-iii-por-brukseli-nuk-ka-folur\/\" target=\"_blank\" rel=\"noopener\">\/Faktoje.al\/<\/a><\/p>\n","protected":false},"excerpt":{"rendered":"<p>Bujq\u00ebsia shqiptare ka hyr\u00eb n\u00eb vitin e tret\u00eb t\u00eb pezullimit t\u00eb fondeve IPARD III nga Bashkimi Evropian p\u00ebr shkak t\u00eb dyshimeve p\u00ebr korrupsion. Q\u00eb nga\u00a0korriku\u00a0i vitit 2023, kur Komisioni Evropian nd\u00ebrpreu rimbursimet p\u00ebr IPARD II dhe pezulloi IPARD III, qeveria shqiptare ka paralajm\u00ebruar disa her\u00eb rikthimin e af\u00ebrt t\u00eb financimeve. S\u00eb fundmi, ministri i Bujq\u00ebsis\u00eb &hellip;<\/p>\n","protected":false},"author":4,"featured_media":136380,"comment_status":"closed","ping_status":"closed","sticky":false,"template":"","format":"standard","meta":{"footnotes":""},"categories":[37],"tags":[],"class_list":["post-136379","post","type-post","status-publish","format-standard","has-post-thumbnail","","category-politike"],"_links":{"self":[{"href":"https:\/\/rdnews.al\/index.php\/wp-json\/wp\/v2\/posts\/136379","targetHints":{"allow":["GET"]}}],"collection":[{"href":"https:\/\/rdnews.al\/index.php\/wp-json\/wp\/v2\/posts"}],"about":[{"href":"https:\/\/rdnews.al\/index.php\/wp-json\/wp\/v2\/types\/post"}],"author":[{"embeddable":true,"href":"https:\/\/rdnews.al\/index.php\/wp-json\/wp\/v2\/users\/4"}],"replies":[{"embeddable":true,"href":"https:\/\/rdnews.al\/index.php\/wp-json\/wp\/v2\/comments?post=136379"}],"version-history":[{"count":1,"href":"https:\/\/rdnews.al\/index.php\/wp-json\/wp\/v2\/posts\/136379\/revisions"}],"predecessor-version":[{"id":136381,"href":"https:\/\/rdnews.al\/index.php\/wp-json\/wp\/v2\/posts\/136379\/revisions\/136381"}],"wp:featuredmedia":[{"embeddable":true,"href":"https:\/\/rdnews.al\/index.php\/wp-json\/wp\/v2\/media\/136380"}],"wp:attachment":[{"href":"https:\/\/rdnews.al\/index.php\/wp-json\/wp\/v2\/media?parent=136379"}],"wp:term":[{"taxonomy":"category","embeddable":true,"href":"https:\/\/rdnews.al\/index.php\/wp-json\/wp\/v2\/categories?post=136379"},{"taxonomy":"post_tag","embeddable":true,"href":"https:\/\/rdnews.al\/index.php\/wp-json\/wp\/v2\/tags?post=136379"}],"curies":[{"name":"wp","href":"https:\/\/api.w.org\/{rel}","templated":true}]}}