{"id":136382,"date":"2026-02-18T17:49:57","date_gmt":"2026-02-18T17:49:57","guid":{"rendered":"https:\/\/rdnews.al\/?p=136382"},"modified":"2026-02-18T17:49:57","modified_gmt":"2026-02-18T17:49:57","slug":"stafa-rama-po-qeveris-si-diktator-me-20-shkurt-te-gjithe-ne-proteste-per-ta-rrezuar","status":"publish","type":"post","link":"https:\/\/rdnews.al\/index.php\/2026\/02\/18\/stafa-rama-po-qeveris-si-diktator-me-20-shkurt-te-gjithe-ne-proteste-per-ta-rrezuar\/","title":{"rendered":"Stafa: Rama po qeveris si diktator, m\u00eb 20 shkurt t\u00eb gjith\u00eb n\u00eb protest\u00eb p\u00ebr ta rr\u00ebzuar!"},"content":{"rendered":"<p>Kryetari i deg\u00ebs s\u00eb PD Sukth, Osman Stafa n\u00eb fjal\u00ebn e tij gjat\u00eb Foltores s\u00eb PD t\u00eb mbajtur sot n\u00eb Sukth, u shpreh se qeveria e Edi Ram\u00ebs \u00ebsht\u00eb nj\u00eb \u201cdiktatur\u00eb kriminale\u201d dhe b\u00ebri thirrje p\u00ebr nj\u00eb protest\u00eb masive komb\u00ebtare m\u00eb 20 shkurt p\u00ebr ta rr\u00ebzuar at\u00eb.<\/p>\n<p>Ai akuzoi kryeministrin se po p\u00ebrdor metoda presioni dhe shantazhi ndaj qytetar\u00ebve dhe paralajm\u00ebroi se situata politike n\u00eb vend \u00ebsht\u00eb e nj\u00ebjt\u00eb si gjat\u00eb regjimit komunist, ku qytetar\u00ebt duhet t\u00eb rezistojn\u00eb dhe t\u00eb p\u00ebrballojn\u00eb pushtetin autoritar.<\/p>\n<p>Ai u b\u00ebri thirrje qytetar\u00ebt t\u00eb b\u00ebhen pjes\u00eb e PD-s\u00eb dhe t\u00eb v\u00ebrshojn\u00eb n\u00eb protest\u00ebn e 20 shkurtit, duke n\u00ebnvizuar se vet\u00ebm p\u00ebrmes pjes\u00ebmarrjes direkte mund t\u00eb rr\u00ebzohet ky regjim.<\/p>\n<p><strong>Fjala e Staf\u00ebs<\/strong><\/p>\n<p>Nj\u00eb falenderim t\u00eb ve\u00e7ant\u00eb kam p\u00ebr ju, qytetar\u00eb t\u00eb k\u00ebsaj zone, t\u00eb Bashkis\u00eb Sukth, t\u00eb Komun\u00ebs s\u00eb Ishmit, t\u00eb ish-Bashkis\u00eb Manz\u00eb, dhe n\u00eb m\u00ebnyr\u00eb t\u00eb ve\u00e7ant\u00eb p\u00ebr zon\u00ebn e Rrushkullit dhe t\u00eb Hidrovorit. Nj\u00eb vler\u00ebsim maksimal p\u00ebr ju. Doktor Berisha, mir\u00eb se erdhe. K\u00ebnaq\u00ebsi p\u00ebr ne. \u00cbsht\u00eb nj\u00eb vler\u00ebsim, \u00ebsht\u00eb nj\u00eb respekt n\u00eb lidhje me sfidat q\u00eb kemi p\u00ebrballuar bashk\u00ebrisht si deg\u00eb e Partis\u00eb Demokratike.<\/p>\n<p>T\u00eb nderuar miqt\u00eb e mi, un\u00eb do t\u00eb jem i drejtp\u00ebrdrejt\u00eb n\u00eb k\u00ebt\u00eb komunikim me ju. Ndjej k\u00ebnaq\u00ebsi, respekt dhe vler\u00ebsim nga ju, p\u00ebr gjith\u00e7ka kemi b\u00ebr\u00eb gjat\u00eb k\u00ebtyre viteve bashk\u00ebrisht. Kemi kaluar beteja t\u00eb v\u00ebshtira. Jemi p\u00ebrballur me nj\u00eb sekt, me nj\u00eb diktator, me nj\u00eb diktatur\u00eb kriminale, ku \u00e7do dit\u00eb shqiptar\u00ebt po e provojn\u00eb dhimbjen mbi shpin\u00ebn e tyre dhe ku \u00e7do familje shqiptare \u00ebsht\u00eb pjes\u00eb e viktim\u00ebs s\u00eb k\u00ebtij pushteti kriminal.<\/p>\n<p>Un\u00eb, n\u00eb komunikimin tim me ju, sot do t\u00eb kujtoj dy episode. Nuk do t\u00eb flas si kryetar i Partis\u00eb Demokratike; un\u00eb do t\u00eb flas si student i dhjetorit. Do t&#8217;ju kujtoj dy episode t\u00eb cil\u00ebt lidhen me at\u00eb \u00e7far\u00eb kemi b\u00ebr\u00eb ne n\u00eb vitin 1990 dhe 1991. Kam qen\u00eb kryetar i l\u00ebvizjes studentore t\u00eb Universitetit Bujq\u00ebsor t\u00eb Kamz\u00ebs. Kam qen\u00eb kryetar i l\u00ebvizjes q\u00eb ka filluar m\u00eb 4 shkurt deri n\u00eb dit\u00ebn e rr\u00ebzimit t\u00eb bustit t\u00eb diktatorit.<\/p>\n<p>Dikush do t\u00eb m\u00eb pyes\u00eb pse e lidh miku jon\u00eb dhe pse na e kujton nj\u00eb ngjarje. Nga data 12 apo 13 shkurt, ish-regjimi, ish-kryeministri Adil \u00c7ar\u00e7ani, thirri nj\u00eb p\u00ebrfaq\u00ebsi ku un\u00eb isha kryetar i asaj p\u00ebrfaq\u00ebsie. Ai ushtronte presion, trysni dhe oferta komprometuese p\u00ebr t\u00eb kompromentuar at\u00eb l\u00ebvizje. Ne i q\u00ebndruam dhe p\u00ebrfundimi ishte fillimi i grev\u00ebs s\u00eb uris\u00eb dhe rr\u00ebzimi i bustit t\u00eb diktatorit.<\/p>\n<p>Pse e lidha un\u00eb nj\u00eb ngjarje t\u00eb till\u00eb? Para pak dit\u00ebsh, kryeministri Rama ishte n\u00eb nj\u00eb takim n\u00eb Durr\u00ebs. K\u00ebt\u00eb takim e organizoi me shum\u00eb dinak\u00ebri, sepse ai \u00ebsht\u00eb pjell\u00eb e nj\u00eb pushteti dhe e nj\u00eb dinak\u00ebrie p\u00ebr t\u00eb manipuluar qytetar\u00ebt durrsak\u00eb, pasi b\u00ebri nj\u00eb projekt p\u00ebr interesa t\u00eb miqve t\u00eb tij, pa u konsultuar aspak me banor\u00ebt dhe qytetar\u00ebt, t\u00eb cil\u00ebt, p\u00ebr hir t\u00eb v\u00ebrtet\u00ebs, jan\u00eb zemra e qytetit. Nga aty e dy lagje t\u00eb tjera ka filluar lindja e k\u00ebtij qyteti t\u00eb mrekulluesh\u00ebm si\u00e7 \u00ebsht\u00eb Durr\u00ebsi.<\/p>\n<p>Ai tentoi t\u2019i kompromentoj\u00eb, t\u2019i ofroj\u00eb, t\u2019i shantazhoj\u00eb. N\u00eb dalje, nj\u00eb qytetar durrsak, nj\u00eb z\u00eb i lir\u00eb, i kujtoi se ku e kishte l\u00ebn\u00eb Agasin e famsh\u00ebm, dhe n\u00eb m\u00ebnyr\u00eb t\u00eb paskrupullt, pra vet\u00eb kryeministri drejtp\u00ebrdrejt, urdh\u00ebroi arrestimin dhe shoq\u00ebrimin e k\u00ebtij qytetari, t\u00eb k\u00ebtij z\u00ebri t\u00eb lir\u00eb.<\/p>\n<p>Kjo ishte arsyeja q\u00eb un\u00eb e kujtova dhe hapa k\u00ebt\u00eb lloj bashk\u00ebbisedimi me ju, p\u00ebr t\u2019ju kujtuar se diktaturat kan\u00eb t\u00eb nj\u00ebjt\u00ebn form\u00eb, t\u00eb nj\u00ebjt\u00ebn ngjyr\u00eb, dhe k\u00ebrkojn\u00eb p\u00ebrballje dhe rezistenc\u00eb.<\/p>\n<p>I dashur doktor Berisha, un\u00eb e di mir\u00eb q\u00eb k\u00ebto miq, bashk\u00ebpun\u00ebtor\u00eb dhe qytetar\u00eb, t\u00ebr\u00eb v\u00ebmendjen sot e kan\u00eb tek ju. Por, para se t\u2019ia kaloj fjal\u00ebn juve, un\u00eb dua q\u00eb k\u00ebtyre miqve t\u00eb mi t\u2019ju kujtoj disa gj\u00ebra.<\/p>\n<p>Doktor Berisha, kjo \u00ebsht\u00eb nj\u00eb zon\u00eb q\u00eb, p\u00ebr hir t\u00eb v\u00ebrtet\u00ebs, pushteti q\u00ebndror dhe lokal nuk ka b\u00ebr\u00eb asnj\u00eb investim. Jan\u00eb p\u00ebrmbytur, doktor Berisha. Nuk jan\u00eb d\u00ebmshp\u00ebrblyer, doktor Berisha. Jan\u00eb d\u00ebmtuar nga t\u00ebrmeti, doktor Berisha. Por ata q\u00eb jan\u00eb d\u00ebmtuar, \u00ebsht\u00eb v\u00ebshtir\u00eb t\u00eb ken\u00eb marr\u00eb para. Parat\u00eb i kan\u00eb marr\u00eb bashk\u00ebpun\u00ebtor\u00ebt e pushtetit, jo nj\u00ebher\u00eb, doktor, por dy, tri dhe kat\u00ebr her\u00eb.<\/p>\n<p>I nj\u00ebjti skenar po vazhdon sot dhe me p\u00ebrmbytjet. \u00cbsht\u00eb nj\u00eb zon\u00eb q\u00eb nuk ka asnj\u00eb investim, doktor Berisha. Investimet e fundit ndoshta i p\u00ebrkasin vitit t\u00eb larg\u00ebt 2013. Kjo \u00ebsht\u00eb p\u00ebr t\u00eb ardhur keq. Pse i kujtova k\u00ebto? I kujtova, doktor, sepse kjo \u00ebsht\u00eb zemra e Partis\u00eb Demokratike dhe ne jemi borxhli k\u00ebtyre banor\u00ebve, k\u00ebtyre qytetar\u00ebve. Dhe k\u00ebta kan\u00eb nevoj\u00eb p\u00ebr mb\u00ebshtetje, p\u00ebr p\u00ebrkrahje.<\/p>\n<p>Miqt\u00eb e mi, para se ta mbyll fjal\u00ebn, dua t\u2019ju them di\u00e7ka. Ky takim ka nj\u00eb r\u00ebnd\u00ebsi t\u00eb jasht\u00ebzakonshme. Data 20 shkurt \u00ebsht\u00eb nj\u00eb dat\u00eb e jasht\u00ebzakonshme, jo vet\u00ebm p\u00ebr demokrat\u00ebt, jo vet\u00ebm p\u00ebr Partin\u00eb Demokratike, por p\u00ebr gjith\u00eb Shqip\u00ebrin\u00eb. Dhe me dat\u00ebn 20 shkurt, jo vet\u00ebm ne q\u00eb jemi k\u00ebtu, bashk\u00eb me familjar\u00ebt tan\u00eb, duhet t\u00eb v\u00ebrshojm\u00eb drejt Tiran\u00ebs, sepse Shqip\u00ebria \u00ebsht\u00eb n\u00eb momentet e fundit. Diktatura \u00ebsht\u00eb instaluar, ne duhet ta pranojm\u00eb.<\/p>\n<p>Miqt\u00eb e mi, ne sot jetojm\u00eb n\u00eb diktatur\u00eb. Thjesht ka emrin pluraliz\u00ebm, por s\u2019ka aspak lidhje me demokracin\u00eb. Ne jetojm\u00eb n\u00eb diktatur\u00eb dhe kemi nj\u00eb detyr\u00eb dhe nj\u00eb mision t\u00eb gjith\u00eb bashk\u00ebrisht, me doktor Berish\u00ebn n\u00eb krye, t\u00eb rr\u00ebzojm\u00eb diktatur\u00ebn. Ky \u00ebsht\u00eb misioni dhe kauza jon\u00eb. Nuk ka alternativ\u00eb tjet\u00ebr.<\/p>\n<p>N\u00eb mbyllje, kam nj\u00eb koment shum\u00eb t\u00eb shkurt\u00ebr p\u00ebr ata q\u00eb na sugjerojn\u00eb dhe japin k\u00ebshilla, por nuk b\u00ebhen pjes\u00eb e l\u00ebvizjes. Na sugjerojn\u00eb q\u00eb duhet t\u00eb ndryshoj\u00eb Partia Demokratike. T\u00eb nderuar qytetar\u00eb, kudo q\u00eb jeni, dhe ju q\u00eb na ndiqni nga kafeneja apo nga sht\u00ebpia, un\u00eb kam nj\u00eb thirrje p\u00ebr ju: p\u00ebr t\u00eb ndryshuar duhet t\u00eb marr\u00ebsh pjes\u00eb.<\/p>\n<p>E p\u00ebrs\u00ebris, p\u00ebr t\u00eb ndryshuar di\u00e7ka, duhet t\u00eb b\u00ebhesh pjes\u00eb. Ky regjim ndryshon duke u b\u00ebr\u00eb pjes\u00eb, duke u v\u00ebrshuar t\u00eb gjith\u00eb bashk\u00eb n\u00eb shesh, jo duke komentuar nga kafeneja apo nga sht\u00ebpia. N\u00ebp\u00ebrmjet q\u00ebndrimit ton\u00eb pasiv, ky regjim nuk rr\u00ebzohet.<\/p>\n<p>Un\u00eb ju p\u00ebrsh\u00ebndes, ju falenderoj. \u00cbsht\u00eb k\u00ebnaq\u00ebsi p\u00ebr mua t\u00eb jem nj\u00eb nga bashk\u00ebpun\u00ebtor\u00ebt tuaj. P\u00ebrkulem para jush, miq. Jeni t\u00eb mrekulluesh\u00ebm. Zoti ju bekoft\u00eb, Zoti bekoft\u00eb Shqip\u00ebrin\u00eb, Zoti bekoft\u00eb Partin\u00eb Demokratike.<\/p>\n<p>Dhe e fundit, meq\u00ebn\u00ebse nes\u00ebr fillon muaji i madh i Ramazanit, p\u00ebr t\u00eb gjith\u00eb agj\u00ebruesit, uroj agj\u00ebrim t\u00eb mbar\u00eb dhe t\u00eb pranuar. Zoti e shp\u00ebtoft\u00eb Shqip\u00ebrin\u00eb. Ju faleminderit t\u00eb gjith\u00ebve.<\/p>\n","protected":false},"excerpt":{"rendered":"<p>Kryetari i deg\u00ebs s\u00eb PD Sukth, Osman Stafa n\u00eb fjal\u00ebn e tij gjat\u00eb Foltores s\u00eb PD t\u00eb mbajtur sot n\u00eb Sukth, u shpreh se qeveria e Edi Ram\u00ebs \u00ebsht\u00eb nj\u00eb \u201cdiktatur\u00eb kriminale\u201d dhe b\u00ebri thirrje p\u00ebr nj\u00eb protest\u00eb masive komb\u00ebtare m\u00eb 20 shkurt p\u00ebr ta rr\u00ebzuar at\u00eb. Ai akuzoi kryeministrin se po p\u00ebrdor metoda presioni &hellip;<\/p>\n","protected":false},"author":4,"featured_media":136383,"comment_status":"closed","ping_status":"closed","sticky":false,"template":"","format":"standard","meta":{"footnotes":""},"categories":[37],"tags":[],"class_list":["post-136382","post","type-post","status-publish","format-standard","has-post-thumbnail","","category-politike"],"_links":{"self":[{"href":"https:\/\/rdnews.al\/index.php\/wp-json\/wp\/v2\/posts\/136382","targetHints":{"allow":["GET"]}}],"collection":[{"href":"https:\/\/rdnews.al\/index.php\/wp-json\/wp\/v2\/posts"}],"about":[{"href":"https:\/\/rdnews.al\/index.php\/wp-json\/wp\/v2\/types\/post"}],"author":[{"embeddable":true,"href":"https:\/\/rdnews.al\/index.php\/wp-json\/wp\/v2\/users\/4"}],"replies":[{"embeddable":true,"href":"https:\/\/rdnews.al\/index.php\/wp-json\/wp\/v2\/comments?post=136382"}],"version-history":[{"count":1,"href":"https:\/\/rdnews.al\/index.php\/wp-json\/wp\/v2\/posts\/136382\/revisions"}],"predecessor-version":[{"id":136384,"href":"https:\/\/rdnews.al\/index.php\/wp-json\/wp\/v2\/posts\/136382\/revisions\/136384"}],"wp:featuredmedia":[{"embeddable":true,"href":"https:\/\/rdnews.al\/index.php\/wp-json\/wp\/v2\/media\/136383"}],"wp:attachment":[{"href":"https:\/\/rdnews.al\/index.php\/wp-json\/wp\/v2\/media?parent=136382"}],"wp:term":[{"taxonomy":"category","embeddable":true,"href":"https:\/\/rdnews.al\/index.php\/wp-json\/wp\/v2\/categories?post=136382"},{"taxonomy":"post_tag","embeddable":true,"href":"https:\/\/rdnews.al\/index.php\/wp-json\/wp\/v2\/tags?post=136382"}],"curies":[{"name":"wp","href":"https:\/\/api.w.org\/{rel}","templated":true}]}}