{"id":136385,"date":"2026-02-18T17:56:39","date_gmt":"2026-02-18T17:56:39","guid":{"rendered":"https:\/\/rdnews.al\/?p=136385"},"modified":"2026-02-18T17:56:39","modified_gmt":"2026-02-18T17:56:39","slug":"berisha-uron-besimtaret-myslimane-ne-prag-te-nisjes-se-ramazanit-zoti-ua-pranofte-dhe-agjerim-te-lehte","status":"publish","type":"post","link":"https:\/\/rdnews.al\/index.php\/2026\/02\/18\/berisha-uron-besimtaret-myslimane-ne-prag-te-nisjes-se-ramazanit-zoti-ua-pranofte-dhe-agjerim-te-lehte\/","title":{"rendered":"Berisha uron besimtar\u00ebt mysliman\u00eb n\u00eb prag t\u00eb nisjes s\u00eb Ramazanit: Zoti ua pranoft\u00eb dhe agj\u00ebrim t\u00eb leht\u00eb"},"content":{"rendered":"<p>Nga Sukthi ku ka zhvilluar \u2018Foltore\u2019 me banor\u00ebt e k\u00ebsaj zone, kryetari i Partis\u00eb Demokratike, Sali Berisha ka uruar besimtar\u00ebt mysliman\u00eb p\u00ebr muajin e Madh\u00ebruesh\u00ebm t\u00eb Ramazanit q\u00eb nis dit\u00ebn e nes\u00ebrme.<\/p>\n<p>\u2018T\u00eb dashur demokrate e demokrat\u00eb, qytetare e qytetar\u00eb t\u00eb Sukthit, zonave p\u00ebrreth, i nderuar zoti kryetar i deg\u00ebs, t\u00eb nderuar zot\u00ebrinj deputet\u00eb, veprimtar\u00eb, kandidat\u00eb p\u00ebr deputet\u00eb, veprimtar\u00eb t\u00eb PD.<\/p>\n<p>S\u00eb pari, duhet ta filloj fjal\u00ebn time me nj\u00eb urim nga zemra p\u00ebr t\u00eb gjith\u00eb ata, t\u00eb cil\u00ebt nisin nes\u00ebr muajin e madhnuesh\u00ebm t\u00eb Ramazanit, urimi im \u00ebsht\u00eb:<\/p>\n<p>Zoti ua pranoft\u00eb dhe agj\u00ebrim t\u00eb leht\u00eb\u2019,\u00a0u shpreh Berisha.<\/p>\n","protected":false},"excerpt":{"rendered":"<p>Nga Sukthi ku ka zhvilluar \u2018Foltore\u2019 me banor\u00ebt e k\u00ebsaj zone, kryetari i Partis\u00eb Demokratike, Sali Berisha ka uruar besimtar\u00ebt mysliman\u00eb p\u00ebr muajin e Madh\u00ebruesh\u00ebm t\u00eb Ramazanit q\u00eb nis dit\u00ebn e nes\u00ebrme. \u2018T\u00eb dashur demokrate e demokrat\u00eb, qytetare e qytetar\u00eb t\u00eb Sukthit, zonave p\u00ebrreth, i nderuar zoti kryetar i deg\u00ebs, t\u00eb nderuar zot\u00ebrinj deputet\u00eb, veprimtar\u00eb, &hellip;<\/p>\n","protected":false},"author":4,"featured_media":136386,"comment_status":"closed","ping_status":"closed","sticky":false,"template":"","format":"standard","meta":{"footnotes":""},"categories":[37],"tags":[],"class_list":["post-136385","post","type-post","status-publish","format-standard","has-post-thumbnail","","category-politike"],"_links":{"self":[{"href":"https:\/\/rdnews.al\/index.php\/wp-json\/wp\/v2\/posts\/136385","targetHints":{"allow":["GET"]}}],"collection":[{"href":"https:\/\/rdnews.al\/index.php\/wp-json\/wp\/v2\/posts"}],"about":[{"href":"https:\/\/rdnews.al\/index.php\/wp-json\/wp\/v2\/types\/post"}],"author":[{"embeddable":true,"href":"https:\/\/rdnews.al\/index.php\/wp-json\/wp\/v2\/users\/4"}],"replies":[{"embeddable":true,"href":"https:\/\/rdnews.al\/index.php\/wp-json\/wp\/v2\/comments?post=136385"}],"version-history":[{"count":1,"href":"https:\/\/rdnews.al\/index.php\/wp-json\/wp\/v2\/posts\/136385\/revisions"}],"predecessor-version":[{"id":136387,"href":"https:\/\/rdnews.al\/index.php\/wp-json\/wp\/v2\/posts\/136385\/revisions\/136387"}],"wp:featuredmedia":[{"embeddable":true,"href":"https:\/\/rdnews.al\/index.php\/wp-json\/wp\/v2\/media\/136386"}],"wp:attachment":[{"href":"https:\/\/rdnews.al\/index.php\/wp-json\/wp\/v2\/media?parent=136385"}],"wp:term":[{"taxonomy":"category","embeddable":true,"href":"https:\/\/rdnews.al\/index.php\/wp-json\/wp\/v2\/categories?post=136385"},{"taxonomy":"post_tag","embeddable":true,"href":"https:\/\/rdnews.al\/index.php\/wp-json\/wp\/v2\/tags?post=136385"}],"curies":[{"name":"wp","href":"https:\/\/api.w.org\/{rel}","templated":true}]}}