{"id":136388,"date":"2026-02-18T18:02:18","date_gmt":"2026-02-18T18:02:18","guid":{"rendered":"https:\/\/rdnews.al\/?p=136388"},"modified":"2026-02-18T18:02:18","modified_gmt":"2026-02-18T18:02:18","slug":"berisha-portin-e-durresit-e-kontrollojne-troplinet-portin-e-peshkatareve-e-ka-marre-trafikanti-luca","status":"publish","type":"post","link":"https:\/\/rdnews.al\/index.php\/2026\/02\/18\/berisha-portin-e-durresit-e-kontrollojne-troplinet-portin-e-peshkatareve-e-ka-marre-trafikanti-luca\/","title":{"rendered":"Berisha: Portin e Durr\u00ebsit e kontrollojn\u00eb Troplin\u00ebt, portin e peshkatar\u00ebve e ka marr\u00eb trafikanti Luca"},"content":{"rendered":"<p>Kryetari i PD, Sali Berisha gjat\u00eb fjal\u00ebs s\u00eb mbajtur n\u00eb Sukth denoncoi faktin se, kontrollin e portit t\u00eb Durr\u00ebsit nga familjet Troplin dhe marrjen e portit t\u00eb peshkatar\u00ebve nga Gjergj Luca q\u00eb sipas tij, \u00ebsht\u00eb n\u00eb k\u00ebrkim nga disa shtete p\u00ebr trafik droge.<\/p>\n<p>Berisha e solli k\u00ebt\u00eb si shembull t\u00eb shkat\u00ebrrimit t\u00eb shtetit dhe t\u00eb vjedhjes s\u00eb pasurive publike, duke argumentuar se investimet nuk sh\u00ebrbejn\u00eb p\u00ebr popullin, por p\u00ebr llogarit\u00eb e individ\u00ebve t\u00eb lidhur me krimin e organizuar.<\/p>\n<p><strong>Berisha: <\/strong>T\u00eb dashur miq, ne jemi sot n\u00eb nj\u00eb situat\u00eb m\u00eb kritike se asnj\u00eb her\u00eb tjet\u00ebr.<\/p>\n<p>E keqja m\u00eb e madhe e njeriut, p\u00ebr njeriun dhe shoq\u00ebrin\u00eb, \u00ebsht\u00eb ajo e cila gradualisht pushton qenien t\u00ebnde apo pushton shoq\u00ebrin\u00eb.<\/p>\n<p>Dhe e v\u00ebrteta \u00ebsht\u00eb se k\u00ebto 12 vite, po b\u00ebhet viti i 13, n\u00eb nj\u00eb aspekt, shqiptar\u00ebt dhe Shqip\u00ebria nuk kan\u00eb pasur kurr\u00eb nj\u00eb t\u00eb keqe si kjo, n\u00eb kuptimin, nuk po t\u00eb them t\u00eb shfarosjes, por n\u00eb kuptimin e zbrazjes, boshatisjes s\u00eb k\u00ebtij vendi t\u00eb bekuar m\u00eb shum\u00eb se n\u00eb \u00e7do koh\u00eb tjet\u00ebr q\u00eb nga vitet 1300, vitet e Murtaj\u00ebs s\u00eb Zez\u00eb, q\u00eb p\u00ebrgjysmuan Europ\u00ebn.<\/p>\n<p>Miq, ne vijm\u00eb sot si nj\u00eb komb pa t\u00eb ardhme.<\/p>\n<p>Realisht, nuk ka t\u00eb ardhme kombi q\u00eb mplaket me shpejt\u00ebsi t\u00eb madhe.<\/p>\n<p>Nuk ka t\u00eb ardhme kombi q\u00eb humbet rinin\u00eb me shpejt\u00ebsi t\u00eb rrufeshme.<\/p>\n<p>Un\u00eb do t\u2019u jap vet\u00ebm dy shifra.<\/p>\n<p>Nga viti 1990 gjer sot, lindjet n\u00eb Shqip\u00ebri jan\u00eb ulur 74 p\u00ebrqind. N\u00eb nj\u00eb gjenerat\u00eb pra.<\/p>\n<p>Nga viti 2014 deri n\u00eb vitin 2023, n\u00eb 10 vite, nga Sukthi, Durr\u00ebsi, Tirana, Shqip\u00ebria, u larguan vet\u00ebm n\u00eb hap\u00ebsir\u00ebn e Shengenit 1 milion\u00eb e 100 mij\u00eb shqiptar\u00eb.<\/p>\n<p>N\u00eb qoft\u00eb se shtojm\u00eb ata q\u00eb shkuan n\u00eb Kanada, Meksik\u00eb, SHBA, vende t\u00eb tjera, b\u00ebhet m\u00eb shum\u00eb se 45 p\u00ebrqind e popullsis\u00eb.<\/p>\n<p>Nga k\u00ebta u larguan p\u00ebr n\u00eb BE, 720 mij\u00eb jan\u00eb t\u00eb mosh\u00ebs nd\u00ebn 40 vje\u00e7.<\/p>\n<p>\u00c7far\u00eb ndodh? Pse kjo braktisje dhe boshatisje masive?<\/p>\n<p>Kjo nuk ndodh kurr\u00eb pa shkaqe.<\/p>\n<p>Askush nuk lind me d\u00ebshir\u00ebn p\u00ebr t\u00eb ikur nga vendi i tij.<\/p>\n<p>Ndodh sepse s\u00eb pari mund\u00ebsia ekonomike vjen gjithnj\u00eb duke u zvog\u00ebluar. Hap\u00ebsirat ekonomike vijn\u00eb gjithnj\u00eb duke u ngushtuar.<\/p>\n<p>Nga viti 2013 gjer sot, \u00e7do pensionist n\u00eb \u00e7do vend tjet\u00ebr p\u00ebrve\u00e7 Shqip\u00ebris\u00eb do t\u00eb merrte tre her\u00eb m\u00eb shum\u00eb.<\/p>\n<p>\u00c7do rrog\u00ebtar, nuk po them kat\u00ebr, se ka edhe kat\u00ebr mund\u00ebsi, por po them, \u00e7do rrog\u00ebtar duhet t\u00eb merrte t\u00eb pakt\u00ebn tre her\u00eb m\u00eb shum\u00eb.<\/p>\n<p>\u00c7far\u00eb ka ndodhur?<\/p>\n<p>Ka ndodhur q\u00eb rrogat, pensionet, ndihma ekonomike jan\u00eb rritur shum\u00eb m\u00eb pak se \u00e7mimet.<\/p>\n<p>\u00c7mimet jan\u00eb rritur, n\u00eb Shqip\u00ebri \u00e7mimi i ushqimeve baz\u00eb \u00ebsht\u00eb 17 p\u00ebrqind m\u00eb i lart\u00eb se n\u00eb mesataren e vendeve t\u00eb BE.<\/p>\n<p>Pra, kjo \u00ebsht\u00eb.<\/p>\n<p>Dhe \u00e7far\u00eb ka sjell\u00eb?<\/p>\n<p>Ka sjell\u00eb zhytjen e ngadalt\u00eb t\u00eb shqiptar\u00ebve n\u00eb varf\u00ebri.<\/p>\n<p>At\u00ebher\u00eb ik bir, ik bij\u00eb, gjej fatin t\u00ebnd rrug\u00ebve t\u00eb bot\u00ebs se k\u00ebtu nuk e shtyjm\u00eb dot, k\u00ebtu nuk ushqehemi dot, k\u00ebtu nuk jetojm\u00eb dot.<\/p>\n<p>Pse kjo?<\/p>\n<p>Absolutisht vet\u00ebm p\u00ebr nj\u00eb arsye kryesore, sepse kjo qeveri ka vjedhur n\u00eb m\u00ebnyr\u00ebn m\u00eb t\u00eb pap\u00ebrmbajtur.<\/p>\n<p>Ka vjedhur n\u00eb m\u00ebnyr\u00ebn m\u00eb t\u00eb pakufishme pasurit\u00eb tuaja.<\/p>\n<p>Taksat q\u00eb ju paguani n\u00eb \u00e7do got\u00eb uj\u00eb q\u00eb pini.<\/p>\n<p>Ka vjedhur n\u00eb m\u00ebnyr\u00ebn m\u00eb t\u00eb pakufishme pasurit\u00eb tuaja publike.<\/p>\n<p>Vet\u00ebm porti i Durr\u00ebsit, meq\u00eb e kemi k\u00ebtu af\u00ebr, ka nj\u00eb vler\u00eb prej rreth 4 miliard\u00eb euro me truall dhe t\u00eb gjitha.<\/p>\n<p>\u00c7\u2019po ndodh me portin e Durr\u00ebsit?<\/p>\n<p>Portin e Durr\u00ebsit si port, prej 5 vitesh e kan\u00eb Troplin\u00ebt.<\/p>\n<p>Portin e peshkatar\u00ebve, q\u00eb e nd\u00ebrtuam me taksat tuaja, e mori Luca, nj\u00eb trafikant q\u00eb ndiqej nga 5 shtete p\u00ebr trafik.<\/p>\n<p>Bashk\u00eb me nj\u00eb Dorian Beu a si quhet.<\/p>\n<p>E nd\u00ebrton shteti, u jepet trafikant\u00ebve. Merreni tani edhe portin e peshkimit.<\/p>\n<p>Portet me radh\u00eb.<\/p>\n<p>6 milion\u00eb met\u00ebr katror\u00eb bajloz\u00ebve t\u00eb drog\u00ebs.<\/p>\n<p>Investimet, 90 deri n\u00eb 100 p\u00ebrqind e investimeve zhduken dhe nuk kryhen.<\/p>\n<p>Kjo do t\u00eb thot\u00eb se vendi shkat\u00ebrrohet.<\/p>\n<p>Kjo do t\u00eb thot\u00eb se ato para t\u00eb p\u00ebrcaktuara p\u00ebr investime, nuk prodhojn\u00eb pun\u00ebsim, ato p\u00ebrfundojn\u00eb n\u00eb kontot e qeveritar\u00ebve.<\/p>\n<p>P\u00ebrfytyroni p\u00ebr nj\u00eb moment, ku \u00ebsht\u00eb djeg\u00ebsi i Tiran\u00ebs?<\/p>\n<p>Asnj\u00eb tull\u00eb nuk ekziston aty.<\/p>\n<p>130 milion\u00eb euro keni dh\u00ebn\u00eb ju p\u00ebr t\u00eb.<\/p>\n<p>Po nuk \u00ebsht\u00eb vet\u00ebm djeg\u00ebsi, jan\u00eb k\u00ebshtu t\u00eb gjitha investimet, t\u00eb cilat jan\u00eb vjedhur n\u00eb mas\u00ebn 90 gjer 100 p\u00ebrqind.<\/p>\n<p>Jan\u00eb vjedhur edhe ato punime q\u00eb jan\u00eb b\u00ebr\u00eb. Ju e shihni sikur jan\u00eb rrug\u00eb kartoni, sikur jan\u00eb mure kartoni.<\/p>\n<p>Bien t\u00eb gjitha, rrug\u00ebt shemben.<\/p>\n","protected":false},"excerpt":{"rendered":"<p>Kryetari i PD, Sali Berisha gjat\u00eb fjal\u00ebs s\u00eb mbajtur n\u00eb Sukth denoncoi faktin se, kontrollin e portit t\u00eb Durr\u00ebsit nga familjet Troplin dhe marrjen e portit t\u00eb peshkatar\u00ebve nga Gjergj Luca q\u00eb sipas tij, \u00ebsht\u00eb n\u00eb k\u00ebrkim nga disa shtete p\u00ebr trafik droge. Berisha e solli k\u00ebt\u00eb si shembull t\u00eb shkat\u00ebrrimit t\u00eb shtetit dhe t\u00eb &hellip;<\/p>\n","protected":false},"author":4,"featured_media":136389,"comment_status":"closed","ping_status":"closed","sticky":false,"template":"","format":"standard","meta":{"footnotes":""},"categories":[37],"tags":[],"class_list":["post-136388","post","type-post","status-publish","format-standard","has-post-thumbnail","","category-politike"],"_links":{"self":[{"href":"https:\/\/rdnews.al\/index.php\/wp-json\/wp\/v2\/posts\/136388","targetHints":{"allow":["GET"]}}],"collection":[{"href":"https:\/\/rdnews.al\/index.php\/wp-json\/wp\/v2\/posts"}],"about":[{"href":"https:\/\/rdnews.al\/index.php\/wp-json\/wp\/v2\/types\/post"}],"author":[{"embeddable":true,"href":"https:\/\/rdnews.al\/index.php\/wp-json\/wp\/v2\/users\/4"}],"replies":[{"embeddable":true,"href":"https:\/\/rdnews.al\/index.php\/wp-json\/wp\/v2\/comments?post=136388"}],"version-history":[{"count":1,"href":"https:\/\/rdnews.al\/index.php\/wp-json\/wp\/v2\/posts\/136388\/revisions"}],"predecessor-version":[{"id":136390,"href":"https:\/\/rdnews.al\/index.php\/wp-json\/wp\/v2\/posts\/136388\/revisions\/136390"}],"wp:featuredmedia":[{"embeddable":true,"href":"https:\/\/rdnews.al\/index.php\/wp-json\/wp\/v2\/media\/136389"}],"wp:attachment":[{"href":"https:\/\/rdnews.al\/index.php\/wp-json\/wp\/v2\/media?parent=136388"}],"wp:term":[{"taxonomy":"category","embeddable":true,"href":"https:\/\/rdnews.al\/index.php\/wp-json\/wp\/v2\/categories?post=136388"},{"taxonomy":"post_tag","embeddable":true,"href":"https:\/\/rdnews.al\/index.php\/wp-json\/wp\/v2\/tags?post=136388"}],"curies":[{"name":"wp","href":"https:\/\/api.w.org\/{rel}","templated":true}]}}