{"id":136397,"date":"2026-02-18T18:16:58","date_gmt":"2026-02-18T18:16:58","guid":{"rendered":"https:\/\/rdnews.al\/?p=136397"},"modified":"2026-02-18T18:16:58","modified_gmt":"2026-02-18T18:16:58","slug":"berisha-kane-depozituar-ne-durres-mijera-tonelata-helme-me-te-rrezikshme-per-qytetaret","status":"publish","type":"post","link":"https:\/\/rdnews.al\/index.php\/2026\/02\/18\/berisha-kane-depozituar-ne-durres-mijera-tonelata-helme-me-te-rrezikshme-per-qytetaret\/","title":{"rendered":"Berisha: Kan\u00eb depozituar n\u00eb Durr\u00ebs mij\u00ebra tonelata helme m\u00eb t\u00eb rrezikshme p\u00ebr qytetar\u00ebt"},"content":{"rendered":"<p>Kryetari i PD, Sali Berisha, duke folur para banor\u00ebve dhe simpatizant\u00ebve n\u00eb Sukth tha se, jan\u00eb depozituar mij\u00ebra ton helme t\u00eb rrezikshme, dhe n\u00eb k\u00ebt\u00eb m\u00ebnyr\u00eb ka denoncuar munges\u00ebn e p\u00ebrgjegj\u00ebsis\u00eb t\u00eb autoriteteve dhe keqqeverisjen e qeveris\u00eb. Berisha paralajm\u00ebroi \u00a0rrezikun p\u00ebr qytetar\u00ebt dhe k\u00ebrkoi nga ata t\u00eb reagojn\u00eb.<\/p>\n<p>Berisha tha se, kan\u00eb depozituar n\u00eb Durr\u00ebs mij\u00ebra tonelata helme m\u00eb t\u00eb rrezikshme p\u00ebr qytetar\u00ebt e Durr\u00ebsit.\u00a0 U b\u00ebn\u00eb analizat n\u00eb Itali. \u00c7far\u00eb doni? Doli helme nga m\u00eb t\u00eb rrezikshmet dhe prokurori veproi.<\/p>\n<p><strong>Berisha: <\/strong>Miq, dy jav\u00ebt e fundit, k\u00ebrkesa ultimative, largo Lubi Ballukun, hiqi imunitetin dhe t\u00eb shkoj\u00eb atje ku e ka vendin.<\/p>\n<p>Jo, se \u00ebsht\u00eb vet\u00eb.<\/p>\n<p>A mund t\u00eb imagjinoni ju nj\u00eb njeri q\u00eb depersonalizohet n\u00eb shkall\u00eb ekstreme vet\u00ebm e vet\u00ebm si t\u00eb mund t\u00eb bind\u00eb njeri se Lubi Balluku \u00ebsht\u00eb e ndershme, \u00ebsht\u00eb korrekte.<\/p>\n<p>Dhe \u00e7do fjal\u00eb q\u00eb thot\u00eb, ata q\u00eb e d\u00ebgjojn\u00eb, e kuptojn\u00eb q\u00eb ky \u00ebsht\u00eb vet\u00eb Lubi Balluku se Lubia \u00ebsht\u00eb thjesht nj\u00eb sh\u00ebrb\u00ebtore e tij q\u00eb ka zbatuar urdhrat.<\/p>\n<p>Po, po.<\/p>\n<p>Nuk shkoi n\u00eb Mynih, nuk shkoi se mesazhi \u00ebsht\u00eb nj\u00eb, largo, mos pengo drejt\u00ebsin\u00eb, largo Ballukun.<\/p>\n<p>Kan\u00eb depozituar n\u00eb Durr\u00ebs mij\u00ebra tonelata helme m\u00eb t\u00eb rrezikshme p\u00ebr qytetar\u00ebt e Durr\u00ebsit.<\/p>\n<p>U b\u00ebn\u00eb analizat n\u00eb Itali.<\/p>\n<p>\u00c7far\u00eb doni? Doli helme nga m\u00eb t\u00eb rrezikshmet dhe prokurori veproi.<\/p>\n<p>Nd\u00ebrhyri sikur t\u00eb ishin grur\u00eb apo tulla.<\/p>\n<p>I pap\u00ebrgjegjsh\u00ebm, pa asnj\u00eb interes tjet\u00ebr p\u00ebrve\u00e7 pasurimit t\u00eb tij.<\/p>\n<p>Ndaj dhe 20 shkurti \u00ebsht\u00eb dita jon\u00eb.<\/p>\n<p>\u00cbsht\u00eb dita n\u00eb t\u00eb cil\u00ebn shqiptar\u00ebt kan\u00eb triumfuar duke zvarritur figur\u00ebn m\u00eb t\u00eb urryer t\u00eb historis\u00eb s\u00eb tyre komb\u00ebtare, Enver Hoxh\u00ebn.<\/p>\n<p>Edi Ram\u00ebn nuk e kan\u00eb p\u00ebr asgj\u00eb.<\/p>\n<p>Edi Rama nuk ka t\u00eb ardhme.<\/p>\n<p>Fatin e tij do t\u00eb p\u00ebsoj\u00eb.<\/p>\n","protected":false},"excerpt":{"rendered":"<p>Kryetari i PD, Sali Berisha, duke folur para banor\u00ebve dhe simpatizant\u00ebve n\u00eb Sukth tha se, jan\u00eb depozituar mij\u00ebra ton helme t\u00eb rrezikshme, dhe n\u00eb k\u00ebt\u00eb m\u00ebnyr\u00eb ka denoncuar munges\u00ebn e p\u00ebrgjegj\u00ebsis\u00eb t\u00eb autoriteteve dhe keqqeverisjen e qeveris\u00eb. Berisha paralajm\u00ebroi \u00a0rrezikun p\u00ebr qytetar\u00ebt dhe k\u00ebrkoi nga ata t\u00eb reagojn\u00eb. Berisha tha se, kan\u00eb depozituar n\u00eb Durr\u00ebs &hellip;<\/p>\n","protected":false},"author":4,"featured_media":136398,"comment_status":"closed","ping_status":"closed","sticky":false,"template":"","format":"standard","meta":{"footnotes":""},"categories":[37],"tags":[],"class_list":["post-136397","post","type-post","status-publish","format-standard","has-post-thumbnail","","category-politike"],"_links":{"self":[{"href":"https:\/\/rdnews.al\/index.php\/wp-json\/wp\/v2\/posts\/136397","targetHints":{"allow":["GET"]}}],"collection":[{"href":"https:\/\/rdnews.al\/index.php\/wp-json\/wp\/v2\/posts"}],"about":[{"href":"https:\/\/rdnews.al\/index.php\/wp-json\/wp\/v2\/types\/post"}],"author":[{"embeddable":true,"href":"https:\/\/rdnews.al\/index.php\/wp-json\/wp\/v2\/users\/4"}],"replies":[{"embeddable":true,"href":"https:\/\/rdnews.al\/index.php\/wp-json\/wp\/v2\/comments?post=136397"}],"version-history":[{"count":1,"href":"https:\/\/rdnews.al\/index.php\/wp-json\/wp\/v2\/posts\/136397\/revisions"}],"predecessor-version":[{"id":136399,"href":"https:\/\/rdnews.al\/index.php\/wp-json\/wp\/v2\/posts\/136397\/revisions\/136399"}],"wp:featuredmedia":[{"embeddable":true,"href":"https:\/\/rdnews.al\/index.php\/wp-json\/wp\/v2\/media\/136398"}],"wp:attachment":[{"href":"https:\/\/rdnews.al\/index.php\/wp-json\/wp\/v2\/media?parent=136397"}],"wp:term":[{"taxonomy":"category","embeddable":true,"href":"https:\/\/rdnews.al\/index.php\/wp-json\/wp\/v2\/categories?post=136397"},{"taxonomy":"post_tag","embeddable":true,"href":"https:\/\/rdnews.al\/index.php\/wp-json\/wp\/v2\/tags?post=136397"}],"curies":[{"name":"wp","href":"https:\/\/api.w.org\/{rel}","templated":true}]}}