{"id":136400,"date":"2026-02-18T18:34:26","date_gmt":"2026-02-18T18:34:26","guid":{"rendered":"https:\/\/rdnews.al\/?p=136400"},"modified":"2026-02-18T18:34:26","modified_gmt":"2026-02-18T18:34:26","slug":"berisha-protestat-tona-ia-kane-shpetuar-faqen-kombit-me-20-shkurt-do-te-permbushim-misionin-tone","status":"publish","type":"post","link":"https:\/\/rdnews.al\/index.php\/2026\/02\/18\/berisha-protestat-tona-ia-kane-shpetuar-faqen-kombit-me-20-shkurt-do-te-permbushim-misionin-tone\/","title":{"rendered":"Berisha: Protestat tona ia kan\u00eb shp\u00ebtuar faqen kombit! M\u00eb 20 shkurt do t\u00eb p\u00ebrmbushim misionin ton\u00eb"},"content":{"rendered":"<p>Kryetari i PD, Sali Berisha u ka b\u00ebr\u00eb thirrje banor\u00ebve t\u00eb Sukthit dhe Durr\u00ebsit q\u00eb ti bashkohen protest\u00ebs s\u00eb 20 shkurtit.<\/p>\n<p>Gjat\u00eb fjal\u00ebs s\u00eb tij, ai u shpreh se, protesta e Partis\u00eb Demokratike dhe opozit\u00ebs i kan\u00eb shp\u00ebtuar faqen kombit shqiptar.<\/p>\n<p><strong>Berisha: <\/strong>T\u00eb dashur miq, protestat tuaja gjat\u00eb jav\u00ebve t\u00eb fundit kan\u00eb qen\u00eb protestat m\u00eb t\u00eb r\u00ebnd\u00ebsishme q\u00eb kemi b\u00ebr\u00eb ndonj\u00ebher\u00eb.<\/p>\n<p>N\u00eb qoft\u00eb se ka pasur protesta p\u00ebr t\u2019i shp\u00ebtuar faqen k\u00ebtij kombi, n\u00eb qoft\u00eb se ka pasur protesta ndonj\u00ebher\u00eb p\u00ebr t\u00eb mbrojtur dinjitetin e k\u00ebtij kombi, kan\u00eb qen\u00eb protestat q\u00eb ne b\u00ebm\u00eb jav\u00ebt e fundit.<\/p>\n<p>Dhe ua them k\u00ebtu, jan\u00eb p\u00ebrcjell\u00eb me admirimin dhe dashamir\u00ebsin\u00eb m\u00eb t\u00eb madhe, m\u00eb t\u00eb jasht\u00ebzakonshme.<\/p>\n<p>Pra, e drejta \u00ebsht\u00eb me ne.<\/p>\n<p>Shqiptar\u00ebt n\u00eb Shqip\u00ebri dhe kudo q\u00eb jan\u00eb presin nga demokrat\u00ebt t\u00eb p\u00ebrmbushin misionin e tyre.<\/p>\n<p>Presin nga opozitar\u00ebt t\u00eb p\u00ebrmbushin misionin e tyre.<\/p>\n<p>Por edhe njer\u00ebzit e lir\u00eb n\u00eb mbar\u00eb bot\u00ebn, p\u00ebr t\u00eb cil\u00ebt qeveri legjitime nuk ka pa vot\u00eb t\u00eb lir\u00eb, p\u00ebr t\u00eb cil\u00ebt qeveria legjitime nuk ka kur mbron korrupsionin, jan\u00eb me ne dhe presin fitoren ton\u00eb.<\/p>\n<p>Ndaj dhe u ftoj t\u00eb vazhdojm\u00eb k\u00ebt\u00eb betej\u00eb, t\u00eb vazhdojm\u00eb misionin ton\u00eb, duke pasur vet\u00ebdijen e plot\u00eb se \u00ebsht\u00eb misioni m\u00eb i r\u00ebnd\u00ebsish\u00ebm i jet\u00ebs ton\u00eb.<\/p>\n<p>Se \u00ebsht\u00eb misioni i shp\u00ebtimit t\u00eb Shqip\u00ebris\u00eb.<\/p>\n","protected":false},"excerpt":{"rendered":"<p>Kryetari i PD, Sali Berisha u ka b\u00ebr\u00eb thirrje banor\u00ebve t\u00eb Sukthit dhe Durr\u00ebsit q\u00eb ti bashkohen protest\u00ebs s\u00eb 20 shkurtit. Gjat\u00eb fjal\u00ebs s\u00eb tij, ai u shpreh se, protesta e Partis\u00eb Demokratike dhe opozit\u00ebs i kan\u00eb shp\u00ebtuar faqen kombit shqiptar. Berisha: T\u00eb dashur miq, protestat tuaja gjat\u00eb jav\u00ebve t\u00eb fundit kan\u00eb qen\u00eb protestat m\u00eb &hellip;<\/p>\n","protected":false},"author":4,"featured_media":136401,"comment_status":"closed","ping_status":"closed","sticky":false,"template":"","format":"standard","meta":{"footnotes":""},"categories":[37],"tags":[],"class_list":["post-136400","post","type-post","status-publish","format-standard","has-post-thumbnail","","category-politike"],"_links":{"self":[{"href":"https:\/\/rdnews.al\/index.php\/wp-json\/wp\/v2\/posts\/136400","targetHints":{"allow":["GET"]}}],"collection":[{"href":"https:\/\/rdnews.al\/index.php\/wp-json\/wp\/v2\/posts"}],"about":[{"href":"https:\/\/rdnews.al\/index.php\/wp-json\/wp\/v2\/types\/post"}],"author":[{"embeddable":true,"href":"https:\/\/rdnews.al\/index.php\/wp-json\/wp\/v2\/users\/4"}],"replies":[{"embeddable":true,"href":"https:\/\/rdnews.al\/index.php\/wp-json\/wp\/v2\/comments?post=136400"}],"version-history":[{"count":1,"href":"https:\/\/rdnews.al\/index.php\/wp-json\/wp\/v2\/posts\/136400\/revisions"}],"predecessor-version":[{"id":136402,"href":"https:\/\/rdnews.al\/index.php\/wp-json\/wp\/v2\/posts\/136400\/revisions\/136402"}],"wp:featuredmedia":[{"embeddable":true,"href":"https:\/\/rdnews.al\/index.php\/wp-json\/wp\/v2\/media\/136401"}],"wp:attachment":[{"href":"https:\/\/rdnews.al\/index.php\/wp-json\/wp\/v2\/media?parent=136400"}],"wp:term":[{"taxonomy":"category","embeddable":true,"href":"https:\/\/rdnews.al\/index.php\/wp-json\/wp\/v2\/categories?post=136400"},{"taxonomy":"post_tag","embeddable":true,"href":"https:\/\/rdnews.al\/index.php\/wp-json\/wp\/v2\/tags?post=136400"}],"curies":[{"name":"wp","href":"https:\/\/api.w.org\/{rel}","templated":true}]}}