{"id":136403,"date":"2026-02-18T21:36:33","date_gmt":"2026-02-18T21:36:33","guid":{"rendered":"https:\/\/rdnews.al\/?p=136403"},"modified":"2026-02-18T21:39:39","modified_gmt":"2026-02-18T21:39:39","slug":"ambasada-amerikane-jehone-protestes-se-20-shkurtit-protesta-mund-te-zgjerohet","status":"publish","type":"post","link":"https:\/\/rdnews.al\/index.php\/2026\/02\/18\/ambasada-amerikane-jehone-protestes-se-20-shkurtit-protesta-mund-te-zgjerohet\/","title":{"rendered":"Ambasada amerikane jehon\u00eb protest\u00ebs s\u00eb 20 shkurtit\/ &#8220;Protesta mund t\u00eb zgjerohet&#8230;&#8221;"},"content":{"rendered":"<p>Ambasada amerikane i ka b\u00ebr\u00eb jehon\u00eb protest\u00ebs s\u00eb 20 shkurtit t\u00eb opozit\u00ebs duke njoftuar se mund t\u00eb ket\u00eb bllokime t\u00eb nd\u00ebrtesave qeveritare si dhe kryq\u00ebzimeve. Ambasada i k\u00ebrkon personelit t\u00eb saj t\u00eb shmangin vendin ku do zhvillohet protesta.<\/p>\n<p><strong>Njoftimi zyrtar<\/strong><\/p>\n<p><strong>Data\/Ora: <\/strong>\u00a0E premte, 20 shkurt 2026, ora 18:00<\/p>\n<p><strong>Ngjarja:<\/strong>\u00a0\u00a0\u00a0Nj\u00eb demonstrat\u00eb \u00ebsht\u00eb planifikuar t\u00eb zhvillohet t\u00eb premten, m\u00eb 20 shkurt 2026, n\u00eb or\u00ebn 18:00. Protestuesit planifikojn\u00eb t\u00eb mblidhen te nd\u00ebrtesa e Kryeministrit, e vendosur n\u00eb Bulevardin D\u00ebshmor\u00ebt e Kombit midis Sheshit N\u00ebn\u00eb Tereza dhe Sheshit Sk\u00ebnderbej. Pritet prani e shtuar e policis\u00eb, mbyllje rrug\u00ebsh dhe nd\u00ebrprerje t\u00eb trafikut n\u00eb or\u00ebt para dhe gjat\u00eb protestave. Policia e Shtetit Shqiptar ka njoftuar se protestuesit mund t\u00eb bllokojn\u00eb kryq\u00ebzimet n\u00eb pjes\u00eb t\u00eb ndryshme t\u00eb qendr\u00ebs s\u00eb qytetit. Personelit t\u00eb Ambasad\u00ebs Amerikane \u00ebsht\u00eb k\u00ebshilluar t\u00eb shmang\u00eb demonstrat\u00ebn. Monitoroni median lokale dhe ndiqni udh\u00ebzimet e autoriteteve lokale t\u00eb zbatimit t\u00eb ligjit p\u00ebr informacionet m\u00eb t\u00eb fundit.<\/p>\n<p>Nd\u00ebrkoh\u00eb q\u00eb protestat dhe tubimet e m\u00ebdha shpesh fillojn\u00eb n\u00eb m\u00ebnyr\u00eb paq\u00ebsore, situatat mund t\u00eb ndryshojn\u00eb shpejt. Protesta mund t\u00eb zgjerohet n\u00eb blloqet dhe nd\u00ebrtesat qeveritare aty pran\u00eb, duke shkaktuar potencialisht nd\u00ebrprerje t\u00eb trafikut, devijime dhe mbyllje rrug\u00ebsh. Udh\u00ebzimi yn\u00eb i p\u00ebrhersh\u00ebm \u00ebsht\u00eb t\u00eb shmangni zonat e protestave. N\u00ebse jeni n\u00eb qytet, ju lutemi q\u00ebndroni vigjilent\u00eb dhe jepini p\u00ebrpar\u00ebsi siguris\u00eb suaj personale. Forconi q\u00ebndrimin tuaj t\u00eb siguris\u00eb duke praktikuar zakonet e m\u00ebposhtme:<\/p>\n","protected":false},"excerpt":{"rendered":"<p>Ambasada amerikane i ka b\u00ebr\u00eb jehon\u00eb protest\u00ebs s\u00eb 20 shkurtit t\u00eb opozit\u00ebs duke njoftuar se mund t\u00eb ket\u00eb bllokime t\u00eb nd\u00ebrtesave qeveritare si dhe kryq\u00ebzimeve. Ambasada i k\u00ebrkon personelit t\u00eb saj t\u00eb shmangin vendin ku do zhvillohet protesta. Njoftimi zyrtar Data\/Ora: \u00a0E premte, 20 shkurt 2026, ora 18:00 Ngjarja:\u00a0\u00a0\u00a0Nj\u00eb demonstrat\u00eb \u00ebsht\u00eb planifikuar t\u00eb zhvillohet t\u00eb &hellip;<\/p>\n","protected":false},"author":3,"featured_media":134379,"comment_status":"closed","ping_status":"closed","sticky":false,"template":"","format":"standard","meta":{"footnotes":""},"categories":[37],"tags":[],"class_list":["post-136403","post","type-post","status-publish","format-standard","has-post-thumbnail","","category-politike"],"_links":{"self":[{"href":"https:\/\/rdnews.al\/index.php\/wp-json\/wp\/v2\/posts\/136403","targetHints":{"allow":["GET"]}}],"collection":[{"href":"https:\/\/rdnews.al\/index.php\/wp-json\/wp\/v2\/posts"}],"about":[{"href":"https:\/\/rdnews.al\/index.php\/wp-json\/wp\/v2\/types\/post"}],"author":[{"embeddable":true,"href":"https:\/\/rdnews.al\/index.php\/wp-json\/wp\/v2\/users\/3"}],"replies":[{"embeddable":true,"href":"https:\/\/rdnews.al\/index.php\/wp-json\/wp\/v2\/comments?post=136403"}],"version-history":[{"count":2,"href":"https:\/\/rdnews.al\/index.php\/wp-json\/wp\/v2\/posts\/136403\/revisions"}],"predecessor-version":[{"id":136405,"href":"https:\/\/rdnews.al\/index.php\/wp-json\/wp\/v2\/posts\/136403\/revisions\/136405"}],"wp:featuredmedia":[{"embeddable":true,"href":"https:\/\/rdnews.al\/index.php\/wp-json\/wp\/v2\/media\/134379"}],"wp:attachment":[{"href":"https:\/\/rdnews.al\/index.php\/wp-json\/wp\/v2\/media?parent=136403"}],"wp:term":[{"taxonomy":"category","embeddable":true,"href":"https:\/\/rdnews.al\/index.php\/wp-json\/wp\/v2\/categories?post=136403"},{"taxonomy":"post_tag","embeddable":true,"href":"https:\/\/rdnews.al\/index.php\/wp-json\/wp\/v2\/tags?post=136403"}],"curies":[{"name":"wp","href":"https:\/\/api.w.org\/{rel}","templated":true}]}}