{"id":136416,"date":"2026-02-19T09:39:19","date_gmt":"2026-02-19T09:39:19","guid":{"rendered":"https:\/\/rdnews.al\/?p=136416"},"modified":"2026-02-19T09:39:19","modified_gmt":"2026-02-19T09:39:19","slug":"tensione-ne-kuvend-bardhi-hiqni-imunitetin-ballukut-jeni-kthyer-ne-mburoje","status":"publish","type":"post","link":"https:\/\/rdnews.al\/index.php\/2026\/02\/19\/tensione-ne-kuvend-bardhi-hiqni-imunitetin-ballukut-jeni-kthyer-ne-mburoje\/","title":{"rendered":"Tensione n\u00eb Kuvend, Bardhi: Hiqni imunitetin Ballukut, jeni kthyer n\u00eb mburoj\u00eb!"},"content":{"rendered":"<p>Kuvendi ka nisur me debate p\u00ebr \u00e7\u00ebshtjen e Belinda Ballukut. Kreu i grupit t\u00eb PD, Gazment Bardhi k\u00ebrkoi q\u00eb t\u2019i hiqet imuniteti Belinda Ballukut, duke akuzuar mazhoranc\u00ebn se \u00ebsht\u00eb kthyer n\u00eb mburoj\u00eb t\u00eb saj dhe se kan\u00eb penguar SPAK.<\/p>\n<p>Ai u shpreh se, pas vendimit t\u00eb Gjykat\u00ebs Kushtetuese, nuk ka m\u00eb asnj\u00eb penges\u00eb q\u00eb di\u00e7ka e till\u00eb t\u00eb ndodh\u00eb, nd\u00ebrsa ka akuzuar mazhoranc\u00ebn se jan\u00eb b\u00ebr\u00eb penges\u00eb p\u00ebr hetime n\u00eb lidhje me korrupsionin.<\/p>\n<p>Sipas tij, mazhoranca prej dy muajsh po e zvarrit k\u00ebt\u00eb \u00e7\u00ebshtje, duke e shnd\u00ebrruar institucionin m\u00eb t\u00eb lart\u00eb ligjv\u00ebn\u00ebs n\u00eb nj\u00eb \u201cbunker p\u00ebr zyrtar\u00ebt e korruptuar\u201d.<\/p>\n<p>Gazment Bardhi: Zoti kryetar i kuvendit, kuvendi i Shqip\u00ebris\u00eb n\u00eb axhend\u00ebn e tij duhet t\u00eb ket\u00eb vet\u00ebm nj\u00eb pik\u00eb q\u00eb ju keni dy muaj q\u00eb e mbani zvarr\u00eb e t\u00ebrhiqni zvarr\u00eb, duke e kthyer kuvendin e Shqip\u00ebris\u00eb institucionin e vet\u00ebm n\u00eb bot\u00eb q\u00eb b\u00ebhet bunker ndaj zyrtar\u00ebve t\u00eb korruptuar. Dhe kjo \u00e7\u00ebshtje \u00ebsht\u00eb futja me urgjenc\u00eb n\u00eb rend dite e k\u00ebrkes\u00ebs s\u00eb prokuroris\u00eb p\u00ebr t\u00eb hequr imunitetin e z\u00ebvend\u00ebskryeministres Belinda Balluku. E justifikuat shtyrjen fillimisht me koh\u00ebn q\u00eb k\u00ebrkoi avokati mbrojt\u00ebs tre jav\u00eb p\u00ebr t\u00eb mbrojtur korrupsionin e Belinda Ballukut.<\/p>\n<p>Na that\u00eb, pasi skadoi tre jav\u00ebt e k\u00ebrkuara, q\u00eb do t\u00eb presim vendimin e Gjykat\u00ebs Kushtetuese. P\u00ebr dy muaj i mbush\u00ebt kok\u00ebn shqiptar\u00ebve q\u00eb nj\u00eb z\u00ebvend\u00ebskryeminist\u00ebr apo minist\u00ebr nuk mund t\u00eb pezullohet se g\u00ebzon imunitetin e deputetit. Mor\u00ebm p\u00ebrgjigje nga Gjykata Kushtetuese q\u00eb pezullimi nga detyra, 8 me 0 madje, nuk hyn fare n\u00eb \u00e7\u00ebshtjen e imunitetit as t\u00eb deputet\u00ebve, as t\u00eb ministrave. Pas vendimit t\u00eb Gjykat\u00ebs Kushtetuese, nxorr\u00ebt nj\u00eb tjet\u00ebr justifikim, do presim t\u00eb zbardhet vendimi i Gjykat\u00ebs Kushtetuese.<\/p>\n<p>Dhe p\u00ebr dy muaj jeni b\u00ebr\u00eb penges\u00eb p\u00ebr hetimin e korrupsionit ndaj zyrtar\u00ebve t\u00eb lart\u00eb. Prandaj dhe nuk duhet t\u00eb b\u00ebhemi hipokrit\u00eb zoti kryetar. Miratojm\u00eb kalendare e program pune ku ky kuvend ka d\u00ebshtuar p\u00ebr dy muaj t\u00eb p\u00ebrmbush\u00eb nj\u00eb funksion kushtetues n\u00eb interes t\u00eb qytetar\u00ebve, si\u00e7 \u00ebsht\u00eb pranimi i k\u00ebrkes\u00ebs p\u00ebr heqjen e imunitetit t\u00eb Belinda Ballukut. Prandaj dhe deri n\u00eb at\u00eb moment, ky kuvend nuk mund as t\u00eb funksionoj\u00eb normalisht, as t\u00eb b\u00ebj\u00eb sikur ajo \u00e7\u00ebshtje nuk ndodhet k\u00ebtu, dhe as t\u00eb na njoftoni q\u00eb p\u00ebrmes nj\u00eb ligji keni vendosur t&#8217;i jepni mbrojtje politike kryeministrit dhe ministrave nga veprimet hetimore t\u00eb prokuroris\u00eb s\u00eb posa\u00e7me.<\/p>\n<p>Jeni i vetmi vend n\u00eb bot\u00eb q\u00eb miratoni nj\u00eb ligj p\u00ebr t\u00eb mbrojtur veten. Dhe \u00ebsht\u00eb n\u00eb turpin e k\u00ebtij kuvendi, por dhe t\u00eb koleg\u00ebve t\u00eb mi t\u00eb mazhoranc\u00ebs, nj\u00eb pjes\u00eb prej tyre nuk kan\u00eb asnj\u00eb lidhje me korrupsionin dhe nuk duhet t\u00eb pranojn\u00eb kurr\u00eb q\u00eb t\u00eb shnd\u00ebrrojn\u00eb k\u00ebt\u00eb sall\u00eb n\u00eb mburoj\u00eb p\u00ebr t\u00eb korruptuarit. Prandaj zoti kryetar, n\u00eb kalendar do t\u00eb duhet t\u00eb fusni me urgjenc\u00eb heqjen e imunitetit t\u00eb z\u00ebvend\u00ebskryeministres, t&#8217;i hapni rrug\u00eb hetimeve t\u00eb prokuroris\u00eb, t&#8217;i hapni rrug\u00eb \u00e7do mase q\u00eb k\u00ebrkon prokuroria ndaj cilitdo q\u00eb t\u00eb shkoj\u00eb dhe t\u00eb p\u00ebrballet si i barabart\u00eb p\u00ebrpara ligjit p\u00ebr \u00e7do akuz\u00eb q\u00eb ngrihet nga Prokuroria e Posa\u00e7me\u2026<\/p>\n","protected":false},"excerpt":{"rendered":"<p>Kuvendi ka nisur me debate p\u00ebr \u00e7\u00ebshtjen e Belinda Ballukut. Kreu i grupit t\u00eb PD, Gazment Bardhi k\u00ebrkoi q\u00eb t\u2019i hiqet imuniteti Belinda Ballukut, duke akuzuar mazhoranc\u00ebn se \u00ebsht\u00eb kthyer n\u00eb mburoj\u00eb t\u00eb saj dhe se kan\u00eb penguar SPAK. Ai u shpreh se, pas vendimit t\u00eb Gjykat\u00ebs Kushtetuese, nuk ka m\u00eb asnj\u00eb penges\u00eb q\u00eb di\u00e7ka &hellip;<\/p>\n","protected":false},"author":4,"featured_media":84495,"comment_status":"closed","ping_status":"closed","sticky":false,"template":"","format":"standard","meta":{"footnotes":""},"categories":[37],"tags":[],"class_list":["post-136416","post","type-post","status-publish","format-standard","has-post-thumbnail","","category-politike"],"_links":{"self":[{"href":"https:\/\/rdnews.al\/index.php\/wp-json\/wp\/v2\/posts\/136416","targetHints":{"allow":["GET"]}}],"collection":[{"href":"https:\/\/rdnews.al\/index.php\/wp-json\/wp\/v2\/posts"}],"about":[{"href":"https:\/\/rdnews.al\/index.php\/wp-json\/wp\/v2\/types\/post"}],"author":[{"embeddable":true,"href":"https:\/\/rdnews.al\/index.php\/wp-json\/wp\/v2\/users\/4"}],"replies":[{"embeddable":true,"href":"https:\/\/rdnews.al\/index.php\/wp-json\/wp\/v2\/comments?post=136416"}],"version-history":[{"count":1,"href":"https:\/\/rdnews.al\/index.php\/wp-json\/wp\/v2\/posts\/136416\/revisions"}],"predecessor-version":[{"id":136417,"href":"https:\/\/rdnews.al\/index.php\/wp-json\/wp\/v2\/posts\/136416\/revisions\/136417"}],"wp:featuredmedia":[{"embeddable":true,"href":"https:\/\/rdnews.al\/index.php\/wp-json\/wp\/v2\/media\/84495"}],"wp:attachment":[{"href":"https:\/\/rdnews.al\/index.php\/wp-json\/wp\/v2\/media?parent=136416"}],"wp:term":[{"taxonomy":"category","embeddable":true,"href":"https:\/\/rdnews.al\/index.php\/wp-json\/wp\/v2\/categories?post=136416"},{"taxonomy":"post_tag","embeddable":true,"href":"https:\/\/rdnews.al\/index.php\/wp-json\/wp\/v2\/tags?post=136416"}],"curies":[{"name":"wp","href":"https:\/\/api.w.org\/{rel}","templated":true}]}}