{"id":136423,"date":"2026-02-19T09:59:35","date_gmt":"2026-02-19T09:59:35","guid":{"rendered":"https:\/\/rdnews.al\/?p=136423"},"modified":"2026-02-19T10:18:22","modified_gmt":"2026-02-19T10:18:22","slug":"eshte-koha-te-ndahemi-nje-here-e-mire-me-te-keqen","status":"publish","type":"post","link":"https:\/\/rdnews.al\/index.php\/2026\/02\/19\/eshte-koha-te-ndahemi-nje-here-e-mire-me-te-keqen\/","title":{"rendered":"\u00cbsht\u00eb koha t\u00eb ndahemi nj\u00eb her\u00eb e mir\u00eb me t\u00eb keqen!"},"content":{"rendered":"<p><strong>Nga Bislim AHMETAJ<\/strong><\/p>\n<p>35 vite m\u00eb par\u00eb, pik\u00ebrisht me 18 Shkurt t\u00eb vitit 1991, sakt\u00ebsisht rreth k\u00ebsaj ore, bashk\u00eb me dhjetra student\u00eb dhe pedagog kishim marr\u00eb vendimin sublim p\u00ebr tu ngujuar n\u00eb nj\u00eb grev\u00eb urie, t\u00eb cil\u00ebs nuk i dihej fundi.<br \/>\nIshim t\u00eb ri n\u00eb mosh\u00eb, por krejt\u00ebsisht koshient p\u00ebr veprimet q\u00eb po nd\u00ebrmerrnim.<br \/>\nNj\u00eb dit\u00eb m\u00eb par\u00eb un\u00eb dhe shok\u00ebt e mi kishim mbyllur grev\u00ebn n\u00eb Insitutin e Lart\u00eb Bujq\u00ebsor, q\u00eb pas asaj dite do t\u00eb ishte Universiteti Bujq\u00ebsor i Tiran\u00ebs ( nj\u00ebra prej k\u00ebrkesave).<br \/>\nI kishim kthyer &#8220;borxhin&#8221; e 8 Dhjetorit koleg\u00ebve tan\u00eb student t\u00eb Universitetit t\u00eb Tiran\u00ebs, me t\u00eb cil\u00ebt qem\u00eb solidarizuar q\u00eb nat\u00ebn e par\u00eb t\u00eb 8 Dhjetorit.<br \/>\nT\u00eb nj\u00ebjt\u00ebn gj\u00eb b\u00ebn\u00eb edhe ata me ne, me 5 Shkurt kur nd\u00ebrprem\u00eb m\u00ebsimin dhe shpall\u00ebm grev\u00eb pa afat.<br \/>\nUT-ja akoma vazhdonte t\u00eb mbante emrin e diktatorit Enver Hoxha edhe pse ishte legalizuar pluralizmi politik.<br \/>\nVendi po p\u00ebrjetonte nj\u00eb realitet absurdi kafkian.<br \/>\nPluraliz\u00ebm n\u00ebn hijen e busteve t\u00eb diktatorit, historia e Partis\u00eb s\u00eb Pun\u00ebs, filozofia Marksist-Leniniste vazhdonin t\u00eb ishin l\u00ebnd\u00eb thelb\u00ebsore n\u00ebp\u00ebr t\u00eb gjitha shkollat e sistemit, dhjetra vepra industriale, deri edhe organizata e pionerit vazhdonin t\u00eb mbanin emrin e diktatorit Hoxha.<br \/>\nNe q\u00eb i kishim dhuruar vendit dy muaj m\u00eb par\u00eb pluralizmin politik, duke i dh\u00ebn\u00eb fund sundimit t\u00eb sistemit diktatorjal nj\u00eb partiak, nuk mund ta lejonim q\u00eb shqiptar\u00ebt t\u00eb jetonim n\u00eb k\u00ebt\u00eb absurditet, ndaj edhe kishim vendosur t\u00eb sakrifikoheshim edhe nj\u00eb her\u00eb p\u00ebr lirin\u00eb, p\u00ebr demokracin\u00eb, p\u00ebr vendin ton\u00eb.<br \/>\nK\u00ebrkesa p\u00ebr heqjen e emrit t\u00eb diktatorit nga UT lindi n\u00eb ILB, bashk\u00eb me thirrjen &#8220;O shkoll\u00ebn e partis\u00eb, o dor\u00ebheqjen e qeveris\u00eb&#8221;.<br \/>\n\u00cbsht\u00eb fakt historik q\u00eb qeveria e Adil \u00c7ar\u00e7anit ra pik\u00ebrisht pas rr\u00ebzimit t\u00eb bustit t\u00eb diktatorit Hoxha me 20 Shkurt t\u00eb &#8217;91-it.<br \/>\nNe q\u00ebndruam dhe ja dol\u00ebm n\u00eb at\u00eb grev\u00eb urie, t\u00eb par\u00ebn legale t\u00eb mbajtur n\u00eb Shqip\u00ebri, e them legale pasi n\u00ebp\u00ebr burgjet e diktatur\u00ebs ishin mbajtur me dhjetra t\u00eb tilla, por q\u00eb ishin shtypur dhunsh\u00ebm duke prodhuar denime t\u00eb st\u00ebrgjatura, tortura dhe pushkatime t\u00eb organizator\u00ebve.<br \/>\nDhe jo vet\u00ebm t\u00eb par\u00ebn legale, por edhe t\u00eb vetmen, q\u00eb i arriti n\u00eb m\u00ebnyr\u00eb shterruese q\u00ebllimet dhe k\u00ebrkesat e saj, pasi m\u00eb von\u00eb jan\u00eb mbajtur me dhjetra greva urie p\u00ebr gjithfar\u00eb q\u00ebllimesh dhe k\u00ebrkesash, por asnj\u00ebra prej tyre s&#8217;ka pas suksesin dhe lavdin\u00eb e asaj t\u00eb student\u00ebve t\u00eb 18-20 Shkurtit 1991.<br \/>\nPo pse ja dol\u00ebm ne brezi 90-91 ?!?<br \/>\nSepse besonim fort tek liria, pasi ishim lindur dhe rritur me munges\u00ebn e plot\u00eb t\u00eb saj.<br \/>\nSepse marr\u00ebdheniet me nj\u00ebri tjetrin i kishim nd\u00ebrtuar mbi besimin, dashurin\u00eb dhe sinqeritetin e nd\u00ebrsjellt\u00eb.<br \/>\nSepse ne u mb\u00ebshtet\u00ebn nga pedagog\u00ebt tan\u00eb, prind\u00ebrit tan\u00eb dhe n\u00eb shumic\u00eb d\u00ebrmuese nga qytetar\u00ebt e Tiran\u00ebs, Shkodr\u00ebs, Kavaj\u00ebs dhe m\u00eb pas t\u00eb gjith\u00eb Shqip\u00ebris\u00eb.<br \/>\nPo sot&#8230;<br \/>\nFatkeq\u00ebsisht Shqip\u00ebria pas 35 vitesh \u00ebsht\u00eb rikthyer n\u00eb po t\u00eb nj\u00ebjtat pozita absurdi dhe mjerimi ekonomik, politik dhe social.<br \/>\n\u27a1\ufe0fN\u00eb Shqip\u00ebri \u00ebsht\u00eb shkat\u00ebrruar dhe nuk egziston m\u00eb, ajo q\u00eb lindi dhe po rritej ngadal\u00eb, shtresa e mesme, shtylla v\u00ebrtebrore e nj\u00eb shoq\u00ebrie t\u00eb sh\u00ebndetshme.<br \/>\nSot 3% e shoq\u00ebris\u00eb zot\u00ebrojn\u00eb 95% t\u00eb ekonomis\u00eb s\u00eb vendit, pjesa tjet\u00ebr ose ka zgjedhur emigracionin, ose varf\u00ebrin\u00eb dhe n\u00ebnshtrimin.<br \/>\n\u27a1\ufe0fPluralizmi politik ngjet me &#8220;pluralizmin e mendimit&#8221; q\u00eb pat induktuar Ramiz Alia n\u00eb vitet e fundit t\u00eb regjimit, q\u00eb sot mund t\u00eb quhet &#8220;pluralizmi i rrjeteve sociale&#8221;.<br \/>\n83+3+ X mandate kan\u00eb prodhuar nj\u00eb autokraci mbyt\u00ebse duke e asgj\u00ebsuar thuajse p\u00ebrfundimisht pluralizmin politik t\u00eb vendit.<br \/>\n\u27a1\ufe0fN\u00eb aspektin social shoq\u00ebria \u00ebsht\u00eb shnd\u00ebrruar n\u00eb nj\u00eb guack\u00eb t\u00eb akullt, ku askush nuk pyet p\u00ebr ask\u00ebnd, ku se njeh f\u00ebmija prindin dhe anasjelltas.<br \/>\nShqip\u00ebria e vitit 2026 \u00ebsht\u00eb pa asnj\u00eb dilem\u00eb azili m\u00eb i madh n\u00eb bot\u00eb i banuar prej mosh\u00ebs s\u00eb tret\u00eb, n\u00eb raport me numrin total t\u00eb popullsis\u00eb. (Mbi 700 mij\u00eb pensionist, kur popullsia aktive \u00ebsht\u00eb pak m\u00eb shum\u00eb se gjysma e k\u00ebtij numri.)<br \/>\nP\u00ebrve\u00e7 k\u00ebsaj nj\u00eb azil ku humanizmi, kujdesi sh\u00ebndet\u00ebsor dhe trajtimi ekonomik krahasohen me vendet e fundit t\u00eb Afrik\u00ebs.<br \/>\nPo \u00e7ka duhet b\u00ebr\u00eb?<br \/>\n\u00c7do gj\u00eb e ligjshme dhe e mundur q\u00eb do ta \u00e7lironte vendin nga prangat e autokracis\u00eb politike, varf\u00ebris\u00eb ekonomike dhe degradimit social n\u00eb t\u00eb cil\u00ebn \u00ebsht\u00eb zhytur dhe po mbytet Shqip\u00ebria.<br \/>\nNihilist\u00ebt q\u00eb ankohen p\u00ebr defi\u00e7encat e opozit\u00ebs, t\u00eb cilat ekzistojn\u00eb, le ta kishin krijuar, apo ta krijon\u00eb nj\u00eb opozit\u00eb t\u00eb fort\u00eb dhe efi\u00e7ente, pik\u00ebrisht at\u00eb q\u00eb sipas tyre i mungon dhe i duhet vendit.<br \/>\nOse n\u00eb t\u00eb kund\u00ebrt le ti bashkohen k\u00ebsaj opozite q\u00eb \u00ebsht\u00eb sot, e cila mir\u00eb keq po q\u00ebndron &#8220;dh\u00ebmb\u00eb p\u00ebr dh\u00ebmb\u00eb&#8221; me autokracin\u00eb e cila \u00ebsht\u00eb ulur k\u00ebmb\u00ebkryq, n\u00eb \u00e7do segment t\u00eb shtetit n\u00eb funksion t\u00eb pushtetit t\u00eb 3%-it.<br \/>\nNdaj un\u00eb si an\u00ebtar themelues i pluralizmit politik shqiptar n\u00eb Dhjetor t\u00eb &#8220;90-\u00ebs, si pjes\u00ebmarr\u00ebs n\u00eb Grev\u00ebn e Uris\u00eb s\u00eb 18-20 Shkurtit &#8220;91, i b\u00ebj thirrje \u00e7do shqiptari:<br \/>\nQoft\u00eb ai i ri apo pensionist, i pun\u00ebsuar n\u00eb sektorin publik apo at\u00eb privat, sip\u00ebrmarr\u00ebs apo i pa pun\u00eb, me shkoll\u00eb apo pa t\u00eb,<br \/>\ni majt\u00eb apo i djatht\u00eb, dilni me<br \/>\n20 Shkurt dhe ta rr\u00ebzojm\u00eb k\u00ebt\u00eb autokarci q\u00eb po na vjedh, po na degradon, po na shet dhe po na zhb\u00ebn si komb.<br \/>\nLe ti japim vendit nj\u00eb qeveri kalimtare, gjasht\u00eb mujore apo edhe nj\u00eb vje\u00e7are, pastaj secili prej nesh le t\u00eb zgjedh\u00eb n\u00eb m\u00ebnyr\u00eb t\u00eb lir\u00eb dhe t\u00eb ndershme k\u00eb ti doj\u00eb &#8220;zogu i qefit&#8221;.<br \/>\nPik\u00eb.<br \/>\n<strong><em>Tiran\u00eb me 18 Shkurt 2026<\/em><\/strong><\/p>\n","protected":false},"excerpt":{"rendered":"<p>Nga Bislim AHMETAJ 35 vite m\u00eb par\u00eb, pik\u00ebrisht me 18 Shkurt t\u00eb vitit 1991, sakt\u00ebsisht rreth k\u00ebsaj ore, bashk\u00eb me dhjetra student\u00eb dhe pedagog kishim marr\u00eb vendimin sublim p\u00ebr tu ngujuar n\u00eb nj\u00eb grev\u00eb urie, t\u00eb cil\u00ebs nuk i dihej fundi. Ishim t\u00eb ri n\u00eb mosh\u00eb, por krejt\u00ebsisht koshient p\u00ebr veprimet q\u00eb po nd\u00ebrmerrnim. Nj\u00eb &hellip;<\/p>\n","protected":false},"author":4,"featured_media":136424,"comment_status":"closed","ping_status":"closed","sticky":false,"template":"","format":"standard","meta":{"footnotes":""},"categories":[37],"tags":[],"class_list":["post-136423","post","type-post","status-publish","format-standard","has-post-thumbnail","","category-politike"],"_links":{"self":[{"href":"https:\/\/rdnews.al\/index.php\/wp-json\/wp\/v2\/posts\/136423","targetHints":{"allow":["GET"]}}],"collection":[{"href":"https:\/\/rdnews.al\/index.php\/wp-json\/wp\/v2\/posts"}],"about":[{"href":"https:\/\/rdnews.al\/index.php\/wp-json\/wp\/v2\/types\/post"}],"author":[{"embeddable":true,"href":"https:\/\/rdnews.al\/index.php\/wp-json\/wp\/v2\/users\/4"}],"replies":[{"embeddable":true,"href":"https:\/\/rdnews.al\/index.php\/wp-json\/wp\/v2\/comments?post=136423"}],"version-history":[{"count":2,"href":"https:\/\/rdnews.al\/index.php\/wp-json\/wp\/v2\/posts\/136423\/revisions"}],"predecessor-version":[{"id":136427,"href":"https:\/\/rdnews.al\/index.php\/wp-json\/wp\/v2\/posts\/136423\/revisions\/136427"}],"wp:featuredmedia":[{"embeddable":true,"href":"https:\/\/rdnews.al\/index.php\/wp-json\/wp\/v2\/media\/136424"}],"wp:attachment":[{"href":"https:\/\/rdnews.al\/index.php\/wp-json\/wp\/v2\/media?parent=136423"}],"wp:term":[{"taxonomy":"category","embeddable":true,"href":"https:\/\/rdnews.al\/index.php\/wp-json\/wp\/v2\/categories?post=136423"},{"taxonomy":"post_tag","embeddable":true,"href":"https:\/\/rdnews.al\/index.php\/wp-json\/wp\/v2\/tags?post=136423"}],"curies":[{"name":"wp","href":"https:\/\/api.w.org\/{rel}","templated":true}]}}