{"id":136428,"date":"2026-02-19T10:31:17","date_gmt":"2026-02-19T10:31:17","guid":{"rendered":"https:\/\/rdnews.al\/?p=136428"},"modified":"2026-02-19T10:31:17","modified_gmt":"2026-02-19T10:31:17","slug":"berisha-avoketerit-e-lubise-e-kycin-gojen-para-te-huajve-madje-u-peshperitin-se-do-ia-heqin-imunitetin","status":"publish","type":"post","link":"https:\/\/rdnews.al\/index.php\/2026\/02\/19\/berisha-avoketerit-e-lubise-e-kycin-gojen-para-te-huajve-madje-u-peshperitin-se-do-ia-heqin-imunitetin\/","title":{"rendered":"Berisha: Avoket\u00ebrit e Lubis\u00eb e ky\u00e7in goj\u00ebn para t\u00eb huajve, madje u p\u00ebshp\u00ebritin se do ia heqin imunitetin"},"content":{"rendered":"<p>Kryetari i PD, Sali Berisha, gjat\u00eb fjal\u00ebs s\u00eb tij n\u00eb Kuvend tha se, mazhoranca po tenton t\u00eb mbroj\u00eb me ndryshime ligjore at\u00eb q\u00eb ai e cil\u00ebsoi si afer\u00eb t\u00eb r\u00ebnd\u00eb korruptive, duke k\u00ebrkuar heqjen urgjente t\u00eb imunitetit t\u00eb kryeministrit Edi Rama.<\/p>\n<p>Berisha tha se deputet\u00ebt socialist\u00eb se po veprojn\u00eb p\u00ebr t\u00eb mbrojtur interesat e qeveris\u00eb dhe t\u00eb z\u00ebvend\u00ebskryeministres Belinda Balluku, nd\u00ebrsa p\u00ebrfaq\u00ebsues t\u00eb mazhoranc\u00ebs mbajn\u00eb q\u00ebndrim t\u00eb ndrysh\u00ebm n\u00eb prani t\u00eb nd\u00ebrkomb\u00ebtar\u00ebve.<\/p>\n<p><strong>Berisha:<\/strong> Sot, mbar\u00eb shqiptar\u00ebt dhe komuniteti nd\u00ebrkomb\u00ebtar pret nga ky parlament heqjen me urgjenc\u00eb t\u00eb imunitetit t\u00eb Edi Ram\u00ebs, n\u00eb fakt, por n\u00eb letra t\u00eb Lubi Ballukut.<\/p>\n<p>Ju keni marr\u00eb nj\u00eb mision t\u00eb pamundur.<\/p>\n<p>K\u00ebt\u00eb q\u00eb po b\u00ebni ju, nuk e ka b\u00ebr\u00eb kush kurr\u00eb.<\/p>\n<p>Ju jeni t\u00eb gatsh\u00ebm t\u00eb ndryshoni ligje p\u00ebr t\u00eb mbrojtur nj\u00eb hajdut q\u00eb \u00ebsht\u00eb damkosur para mbar\u00eb shqiptar\u00ebve si hajduti kryesor n\u00eb historin\u00eb e kombit, dhe nj\u00eb nga m\u00eb kryesor\u00ebt n\u00eb historin\u00eb e Europ\u00ebs.<\/p>\n<p>Ai po u p\u00ebrdor ju si lolo, ai u po p\u00ebrdor ju jo si zare, por si kukulla t\u00eb v\u00ebrteta.<\/p>\n<p>Ai po u keqp\u00ebrdor ju n\u00eb shkall\u00ebn m\u00eb ekstreme.<\/p>\n<p>Dhe ju q\u00eb m\u00eb shihni si me inat gjoja, ja t\u2019u them un\u00eb, se k\u00ebta avoket\u00ebrit e Lubis\u00eb n\u00eb sall\u00eb, kur ndodhen para t\u00eb huajve, e ky\u00e7in goj\u00ebn. Nuk thon\u00eb asnj\u00eb fjal\u00eb n\u00eb mbrojtje t\u00eb saj.<\/p>\n<p>Hajde t\u00eb jap regjistrimet po deshe.<\/p>\n<p>Nuk thon\u00eb nj\u00eb fjal\u00eb, rrin\u00eb si pula.<\/p>\n<p>Kurse k\u00ebtu u nxisin ju drejt nj\u00eb krimi t\u00eb v\u00ebrtet\u00eb, drejt nj\u00eb krimi n\u00eb vazhdim.<\/p>\n<p>Ja k\u00ebta q\u00eb u dalin ju para, pyesni pak \u00e7far\u00eb than\u00eb dje e pardje, \u00e7far\u00eb thon\u00eb n\u00eb pranin\u00eb e t\u00eb huajve?<\/p>\n<p>Asnj\u00eb fjal\u00eb p\u00ebr Lubin\u00eb, p\u00ebrkundrazi u p\u00ebshp\u00ebritin n\u00eb vesh se do ia heqim, do e b\u00ebjm\u00eb.<\/p>\n","protected":false},"excerpt":{"rendered":"<p>Kryetari i PD, Sali Berisha, gjat\u00eb fjal\u00ebs s\u00eb tij n\u00eb Kuvend tha se, mazhoranca po tenton t\u00eb mbroj\u00eb me ndryshime ligjore at\u00eb q\u00eb ai e cil\u00ebsoi si afer\u00eb t\u00eb r\u00ebnd\u00eb korruptive, duke k\u00ebrkuar heqjen urgjente t\u00eb imunitetit t\u00eb kryeministrit Edi Rama. Berisha tha se deputet\u00ebt socialist\u00eb se po veprojn\u00eb p\u00ebr t\u00eb mbrojtur interesat e qeveris\u00eb &hellip;<\/p>\n","protected":false},"author":4,"featured_media":136429,"comment_status":"closed","ping_status":"closed","sticky":false,"template":"","format":"standard","meta":{"footnotes":""},"categories":[37],"tags":[],"class_list":["post-136428","post","type-post","status-publish","format-standard","has-post-thumbnail","","category-politike"],"_links":{"self":[{"href":"https:\/\/rdnews.al\/index.php\/wp-json\/wp\/v2\/posts\/136428","targetHints":{"allow":["GET"]}}],"collection":[{"href":"https:\/\/rdnews.al\/index.php\/wp-json\/wp\/v2\/posts"}],"about":[{"href":"https:\/\/rdnews.al\/index.php\/wp-json\/wp\/v2\/types\/post"}],"author":[{"embeddable":true,"href":"https:\/\/rdnews.al\/index.php\/wp-json\/wp\/v2\/users\/4"}],"replies":[{"embeddable":true,"href":"https:\/\/rdnews.al\/index.php\/wp-json\/wp\/v2\/comments?post=136428"}],"version-history":[{"count":1,"href":"https:\/\/rdnews.al\/index.php\/wp-json\/wp\/v2\/posts\/136428\/revisions"}],"predecessor-version":[{"id":136430,"href":"https:\/\/rdnews.al\/index.php\/wp-json\/wp\/v2\/posts\/136428\/revisions\/136430"}],"wp:featuredmedia":[{"embeddable":true,"href":"https:\/\/rdnews.al\/index.php\/wp-json\/wp\/v2\/media\/136429"}],"wp:attachment":[{"href":"https:\/\/rdnews.al\/index.php\/wp-json\/wp\/v2\/media?parent=136428"}],"wp:term":[{"taxonomy":"category","embeddable":true,"href":"https:\/\/rdnews.al\/index.php\/wp-json\/wp\/v2\/categories?post=136428"},{"taxonomy":"post_tag","embeddable":true,"href":"https:\/\/rdnews.al\/index.php\/wp-json\/wp\/v2\/tags?post=136428"}],"curies":[{"name":"wp","href":"https:\/\/api.w.org\/{rel}","templated":true}]}}