{"id":136506,"date":"2026-02-20T11:03:43","date_gmt":"2026-02-20T11:03:43","guid":{"rendered":"https:\/\/rdnews.al\/?p=136506"},"modified":"2026-02-20T11:03:43","modified_gmt":"2026-02-20T11:03:43","slug":"regjimi-ne-panik-rama-nuk-jep-leje-per-zhvillimin-e-protestes","status":"publish","type":"post","link":"https:\/\/rdnews.al\/index.php\/2026\/02\/20\/regjimi-ne-panik-rama-nuk-jep-leje-per-zhvillimin-e-protestes\/","title":{"rendered":"Regjimi n\u00eb panik\/ Rama nuk jep leje p\u00ebr zhvillimin e protest\u00ebs"},"content":{"rendered":"<p>Policia e Tiran\u00ebs i ka b\u00ebr\u00eb me dije PD-s\u00eb se nuk e marrin p\u00ebrsip\u00ebr zhvillimin e tubimit t\u00eb sot\u00ebm bazuar n\u00eb analiz\u00ebn e riskut, por po ashtu thuhet se jan\u00eb marr\u00eb masat p\u00ebr garantimin e rendit dhe siguris\u00eb n\u00eb protest\u00eb.<\/p>\n<p>Policia e Tiran\u00ebs nuk i ka dh\u00ebn\u00eb leje PD p\u00ebr protest\u00ebn e radh\u00ebs q\u00eb zhvillohet sot n\u00eb or\u00ebn 18:00.<\/p>\n<p>N\u00eb nj\u00eb p\u00ebrgjigje nga Policia e Tiran\u00ebs, thuhet: \u201cPo do t\u00eb sigurojm\u00eb mbar\u00ebvajtjen pavar\u00ebsisht refuzimit. L\u00ebvizjen e lir\u00eb. Do t\u00eb mbrojm\u00eb institucionet, jet\u00ebn e qytetar\u00ebve si \u00e7do aktivitet masiv&#8221;.<\/p>\n<p>Sakaq, disa rrug\u00eb kryesore q\u00eb lidhen me bulevardin \u201cD\u00ebshmor\u00ebt e Kombit\u201d, ku do t\u00eb grumbullohen protestuesit, jan\u00eb bllokuar.<\/p>\n<p><strong>Njoftimi i plot\u00eb<\/strong><\/p>\n<p>Tiran\u00eb\/P\u00ebrfaq\u00ebsues t\u00eb subjektit politik Partia Demokratike e Shqip\u00ebris\u00eb kan\u00eb njoftuar Policin\u00eb e Tiran\u00ebs, p\u00ebr zhvillimin e nj\u00eb tubimi, m\u00eb dat\u00eb 20.02.2026, n\u00eb or\u00ebn 18:00, para Kryeministris\u00eb.<\/p>\n<p>Bazuar n\u00eb analiz\u00ebn e riskut dhe duke marr\u00eb parasysh faktin q\u00eb n\u00eb protest\u00ebn e kaluar ka patur shtetas t\u00eb maskuar t\u00eb cil\u00ebt kan\u00eb hedhur bomba molotov dhe l\u00ebnd\u00eb piroteknike duke d\u00ebmtuar punonj\u00ebs policie, si dhe nga informacionet e marra se mund t\u00eb ket\u00eb veprime t\u00eb dhunshme n\u00eb protest\u00ebn e sotme, Policia e Tiran\u00ebs i ka kthyer p\u00ebrgjigje subjektit politik, se nuk e merr p\u00ebrsip\u00ebr zhvillimin e tubimit.<\/p>\n<p>Pavar\u00ebsisht k\u00ebsaj, Policia e Tiran\u00ebs ka nd\u00ebrmarr\u00eb t\u00eb gjitha masat, n\u00eb baz\u00eb t\u00eb ligjit \u201cP\u00ebr tubimet\u201d, me q\u00ebllim garantimin e rendit dhe siguris\u00eb, n\u00eb rast se do t\u00eb zhvillohet tubimi.<\/p>\n<p>N\u00eb zbatim t\u00eb k\u00ebtyre masave, dit\u00ebn e sotme, do t\u00eb kufizohet l\u00ebvizja n\u00eb disa akse\/segmente rrugore, konkretisht:<\/p>\n<p>-Nga ora 15:00 e dat\u00ebs 20.02.2026, deri n\u00eb p\u00ebrfundim t\u00eb tubimit, do t\u00eb ket\u00eb bllokim t\u00eb l\u00ebvizjes s\u00eb automjeteve n\u00eb bulevardin \u201cD\u00ebshmor\u00ebt e Kombit\u201d, nga kryq\u00ebzimi af\u00ebr Ministris\u00eb s\u00eb Brendshme deri te sheshi \u201cN\u00ebn\u00eb Tereza\u201d, si dhe n\u00eb rrug\u00ebt \u201cUkraina e Lir\u00eb\u201d, \u201cPapa Gjon Pali II\u201d dhe \u201cIsmail Qemali\u201d.<\/p>\n<p>N\u00eb var\u00ebsi t\u00eb zhvillimit t\u00eb tubimit, mund t\u00eb ket\u00eb kufizime t\u00eb qarkullimit t\u00eb automjeteve edhe n\u00eb akse t\u00eb tjera rrugore. N\u00eb rast bllokimi, p\u00ebr t\u00eb ndihmuar qytetar\u00ebt q\u00eb do t\u00eb qarkullojn\u00eb n\u00eb k\u00ebto akse, Policia e Tiran\u00ebs ka marr\u00eb masa p\u00ebr ta devijuar qarkullimin e automjeteve n\u00eb rrug\u00eb alternative.<\/p>\n<p>Policia e Tiran\u00ebs apelon p\u00ebr qytetar\u00ebt q\u00eb t\u00eb shmangin l\u00ebvizjen me automjete n\u00eb akset rrugore q\u00eb do t\u00eb bllokohen dhe t\u00eb p\u00ebrdorin rrug\u00eb alternative si dhe t\u00eb\u00a0 distancohen e t\u00eb denoncojn\u00eb n\u00eb rast se ndeshen me veprime t\u00eb dhunshme apo me \u00e7do paligjshm\u00ebri tjet\u00ebr.<\/p>\n","protected":false},"excerpt":{"rendered":"<p>Policia e Tiran\u00ebs i ka b\u00ebr\u00eb me dije PD-s\u00eb se nuk e marrin p\u00ebrsip\u00ebr zhvillimin e tubimit t\u00eb sot\u00ebm bazuar n\u00eb analiz\u00ebn e riskut, por po ashtu thuhet se jan\u00eb marr\u00eb masat p\u00ebr garantimin e rendit dhe siguris\u00eb n\u00eb protest\u00eb. Policia e Tiran\u00ebs nuk i ka dh\u00ebn\u00eb leje PD p\u00ebr protest\u00ebn e radh\u00ebs q\u00eb zhvillohet &hellip;<\/p>\n","protected":false},"author":3,"featured_media":134379,"comment_status":"closed","ping_status":"closed","sticky":false,"template":"","format":"standard","meta":{"footnotes":""},"categories":[37],"tags":[],"class_list":["post-136506","post","type-post","status-publish","format-standard","has-post-thumbnail","","category-politike"],"_links":{"self":[{"href":"https:\/\/rdnews.al\/index.php\/wp-json\/wp\/v2\/posts\/136506","targetHints":{"allow":["GET"]}}],"collection":[{"href":"https:\/\/rdnews.al\/index.php\/wp-json\/wp\/v2\/posts"}],"about":[{"href":"https:\/\/rdnews.al\/index.php\/wp-json\/wp\/v2\/types\/post"}],"author":[{"embeddable":true,"href":"https:\/\/rdnews.al\/index.php\/wp-json\/wp\/v2\/users\/3"}],"replies":[{"embeddable":true,"href":"https:\/\/rdnews.al\/index.php\/wp-json\/wp\/v2\/comments?post=136506"}],"version-history":[{"count":1,"href":"https:\/\/rdnews.al\/index.php\/wp-json\/wp\/v2\/posts\/136506\/revisions"}],"predecessor-version":[{"id":136507,"href":"https:\/\/rdnews.al\/index.php\/wp-json\/wp\/v2\/posts\/136506\/revisions\/136507"}],"wp:featuredmedia":[{"embeddable":true,"href":"https:\/\/rdnews.al\/index.php\/wp-json\/wp\/v2\/media\/134379"}],"wp:attachment":[{"href":"https:\/\/rdnews.al\/index.php\/wp-json\/wp\/v2\/media?parent=136506"}],"wp:term":[{"taxonomy":"category","embeddable":true,"href":"https:\/\/rdnews.al\/index.php\/wp-json\/wp\/v2\/categories?post=136506"},{"taxonomy":"post_tag","embeddable":true,"href":"https:\/\/rdnews.al\/index.php\/wp-json\/wp\/v2\/tags?post=136506"}],"curies":[{"name":"wp","href":"https:\/\/api.w.org\/{rel}","templated":true}]}}