{"id":136513,"date":"2026-02-20T12:04:08","date_gmt":"2026-02-20T12:04:08","guid":{"rendered":"https:\/\/rdnews.al\/?p=136513"},"modified":"2026-02-20T12:04:08","modified_gmt":"2026-02-20T12:04:08","slug":"berisha-te-bashkohemi-ne-ora-1800-per-te-firmosur-fundin-e-ketij-regjimi-dhe-fitoren-e-te-ardhmes-sone","status":"publish","type":"post","link":"https:\/\/rdnews.al\/index.php\/2026\/02\/20\/berisha-te-bashkohemi-ne-ora-1800-per-te-firmosur-fundin-e-ketij-regjimi-dhe-fitoren-e-te-ardhmes-sone\/","title":{"rendered":"Berisha: T\u00eb bashkohemi n\u00eb ora 18:00 p\u00ebr t\u00eb firmosur fundin e k\u00ebtij regjimi dhe fitoren e t\u00eb ardhmes son\u00eb!"},"content":{"rendered":"<p>Kryetari i PD, Sali Berisha, n\u00eb nj\u00eb konferenc\u00eb p\u00ebr gazetar\u00ebt ftoi qytetar\u00ebt t\u00eb marrin pjes\u00eb n\u00eb protest\u00ebn e sotme n\u00eb or\u00ebn 18:00.<\/p>\n<p>Ai e cil\u00ebsoi 20 shkurtin 2026 si nj\u00eb dit\u00eb historike, duke e krahasuar me 20 shkurtin e vitit 1991 q\u00eb, sipas tij, solli pranver\u00ebn e demokracis\u00eb n\u00eb Shqip\u00ebri.<\/p>\n<p>Berisha tha se kjo dat\u00eb do t\u00eb sh\u00ebnoj\u00eb pranver\u00ebn e re dhe p\u00ebrmbysjen e regjimit aktual. Ai theksoi se protesta synon t\u00eb firmos\u00eb fundin e k\u00ebtij regjimi dhe fitoren e t\u00eb ardhmes son\u00eb.<\/p>\n<p><strong>Berisha:<\/strong> Sot \u00ebsht\u00eb dita e historis\u00eb, jo vet\u00ebm e 20 shkurtit t\u00eb vitit 1991, por po kaq e 20 shkurtit t\u00eb vitit 2026.<\/p>\n<p>20 shkurti i vitit 1991 solli pranver\u00ebn e demokracis\u00eb.<\/p>\n<p>Solli \u00e7lirimin e Shqip\u00ebris\u00eb nga kulti m\u00eb mizor q\u00eb shqiptar\u00ebt kishin njohur n\u00eb t\u00ebr\u00eb historin\u00eb e tyre.<\/p>\n<p>20 shkurti i vitit 2026 do t\u00eb sjell\u00eb pranver\u00ebn e re, do t\u00eb sjell\u00eb p\u00ebrmbysjen e hajdutit m\u00eb t\u00eb keq, m\u00eb t\u00eb pam\u00ebshir\u00eb q\u00eb shqiptar\u00ebt kan\u00eb njohur n\u00eb t\u00ebr\u00eb historin\u00eb e tyre.<\/p>\n<p>Ndaj dhe jam k\u00ebtu p\u00ebr t\u00eb ftuar \u00e7do qytetar shqiptar, \u00e7do opozitar, qytetar\u00eb t\u00eb t\u00eb gjitha bindjeve, t\u00eb t\u00eb gjitha besimeve, pavar\u00ebsisht se \u00e7far\u00eb mendimesh, opinionesh, kritikash, pak\u00ebnaq\u00ebsirash, objeksionesh q\u00eb mund t\u00eb kemi p\u00ebr nj\u00ebri-tjetrin, t\u00eb bashkohemi t\u00eb gjith\u00eb kund\u00ebr k\u00ebsaj t\u00eb keqe q\u00eb po shterron l\u00ebnd\u00ebn ton\u00eb komb\u00ebtare, kombin ton\u00eb.<\/p>\n<p>Po shkat\u00ebrron Shqip\u00ebrin\u00eb.<\/p>\n<p>Sot \u00ebsht\u00eb nj\u00eb dit\u00eb q\u00eb \u00e7do qytetar t\u00eb shpreh\u00eb zem\u00ebrimin e tij n\u00eb sheshin e dinjitetit, e guximit, e misionit.<\/p>\n<p>Ndaj dhe edhe nj\u00ebher\u00eb, ftesa ime p\u00ebr mbar\u00eb shqiptar\u00ebt, n\u00eb nj\u00eb uragan t\u00eb fuqish\u00ebm q\u00eb Tirana nuk e ka par\u00eb nga viti 1991, t\u00eb bashkohemi p\u00ebr t\u00eb firmosur s\u00eb bashku fundin e k\u00ebtij regjimi dhe fitoren e t\u00eb ardhmes ton\u00eb.<\/p>\n<p>Fitoren ton\u00eb!<\/p>\n","protected":false},"excerpt":{"rendered":"<p>Kryetari i PD, Sali Berisha, n\u00eb nj\u00eb konferenc\u00eb p\u00ebr gazetar\u00ebt ftoi qytetar\u00ebt t\u00eb marrin pjes\u00eb n\u00eb protest\u00ebn e sotme n\u00eb or\u00ebn 18:00. Ai e cil\u00ebsoi 20 shkurtin 2026 si nj\u00eb dit\u00eb historike, duke e krahasuar me 20 shkurtin e vitit 1991 q\u00eb, sipas tij, solli pranver\u00ebn e demokracis\u00eb n\u00eb Shqip\u00ebri. Berisha tha se kjo dat\u00eb &hellip;<\/p>\n","protected":false},"author":4,"featured_media":136514,"comment_status":"closed","ping_status":"closed","sticky":false,"template":"","format":"standard","meta":{"footnotes":""},"categories":[37],"tags":[],"class_list":["post-136513","post","type-post","status-publish","format-standard","has-post-thumbnail","","category-politike"],"_links":{"self":[{"href":"https:\/\/rdnews.al\/index.php\/wp-json\/wp\/v2\/posts\/136513","targetHints":{"allow":["GET"]}}],"collection":[{"href":"https:\/\/rdnews.al\/index.php\/wp-json\/wp\/v2\/posts"}],"about":[{"href":"https:\/\/rdnews.al\/index.php\/wp-json\/wp\/v2\/types\/post"}],"author":[{"embeddable":true,"href":"https:\/\/rdnews.al\/index.php\/wp-json\/wp\/v2\/users\/4"}],"replies":[{"embeddable":true,"href":"https:\/\/rdnews.al\/index.php\/wp-json\/wp\/v2\/comments?post=136513"}],"version-history":[{"count":1,"href":"https:\/\/rdnews.al\/index.php\/wp-json\/wp\/v2\/posts\/136513\/revisions"}],"predecessor-version":[{"id":136515,"href":"https:\/\/rdnews.al\/index.php\/wp-json\/wp\/v2\/posts\/136513\/revisions\/136515"}],"wp:featuredmedia":[{"embeddable":true,"href":"https:\/\/rdnews.al\/index.php\/wp-json\/wp\/v2\/media\/136514"}],"wp:attachment":[{"href":"https:\/\/rdnews.al\/index.php\/wp-json\/wp\/v2\/media?parent=136513"}],"wp:term":[{"taxonomy":"category","embeddable":true,"href":"https:\/\/rdnews.al\/index.php\/wp-json\/wp\/v2\/categories?post=136513"},{"taxonomy":"post_tag","embeddable":true,"href":"https:\/\/rdnews.al\/index.php\/wp-json\/wp\/v2\/tags?post=136513"}],"curies":[{"name":"wp","href":"https:\/\/api.w.org\/{rel}","templated":true}]}}