{"id":136516,"date":"2026-02-20T12:10:37","date_gmt":"2026-02-20T12:10:37","guid":{"rendered":"https:\/\/rdnews.al\/?p=136516"},"modified":"2026-02-20T12:41:46","modified_gmt":"2026-02-20T12:41:46","slug":"berisha-protesta-do-jete-paqesore-narkopolicia-te-ruaje-zyrtaret-qe-po-arratisen-agaci-ia-ka-mbathur","status":"publish","type":"post","link":"https:\/\/rdnews.al\/index.php\/2026\/02\/20\/berisha-protesta-do-jete-paqesore-narkopolicia-te-ruaje-zyrtaret-qe-po-arratisen-agaci-ia-ka-mbathur\/","title":{"rendered":"Arratiset Sekretari i Ram\u00ebs\/ Zhduket Belinda Balluku"},"content":{"rendered":"<p>Kryetari i PD, Sali Berisha deklaroi se protesta e paralajm\u00ebruar do t\u00eb jet\u00eb paq\u00ebsore, nd\u00ebrsa akuzoi Policin\u00eb e Shtetit p\u00ebr provokime dhe tentativ\u00eb p\u00ebr t\u00eb frik\u00ebsuar qytetar\u00ebt p\u00ebrpara tubimit.<\/p>\n<p>N\u00eb konferenc\u00ebn p\u00ebr mediat, Berisha tha se, narkopolicia t\u00eb ruaj\u00eb zyrtar\u00ebt q\u00eb po arratisen. Aga\u00e7i ia ka mbathur<\/p>\n<p>I pyetur n\u00ebse do t\u00eb ket\u00eb ngujim n\u00eb shesh apo element\u00eb t\u00eb dhunsh\u00ebm gjat\u00eb tubimit, Berisha u shpreh se skenari do t\u00eb b\u00ebhet i qart\u00eb gjat\u00eb zhvillimit t\u00eb protest\u00ebs, duke theksuar se risit\u00eb do t\u00eb shihen nga qytetar\u00ebt dhe mediat n\u00eb terren.<\/p>\n<p><strong>Elda Menga: Z. Berisha, pak or\u00eb para tubimit, Policia e Shtetit ka njoftuar se nuk e merr p\u00ebrsip\u00ebr zhvillimin e tubimit p\u00ebr shkak se mund t\u00eb ket\u00eb akte dhune. A keni ndonj\u00eb koment? Dhe a mund t\u00eb na zbuloni n\u00eb k\u00ebt\u00eb dit\u00eb simbolike t\u00eb fort\u00eb p\u00ebr PD, a do ket\u00eb ngujim n\u00eb shesh?<\/strong><\/p>\n<p><strong>Sali Berisha:<\/strong> Komenti im \u00ebsht\u00eb ky, narkopolicia t\u00eb kryej\u00eb detyrat sepse zyrtar\u00ebt po arratisen, po ia mbathin si minjt\u00eb.<br \/>\n\u00c7far\u00eb mendoni, se \u00ebsht\u00eb arratisur vet\u00ebm Aga\u00e7i? Jan\u00eb arratisur dhjet\u00ebra t\u00eb tjer\u00eb. Nj\u00eb komshi e Lubis\u00eb m\u00eb thot\u00eb ka tre dit\u00eb nuk vjen n\u00eb sht\u00ebpi, nuk them se \u00ebsht\u00eb arratisur, por komshia shpreh shqet\u00ebsim, ku \u00ebsht\u00eb, thot\u00eb.<br \/>\nPo, po, absolutisht.<br \/>\nPra, ky \u00ebsht\u00eb preokupimi.<br \/>\nSidoqoft\u00eb, i b\u00ebj thirrje organit t\u00eb akuz\u00ebs t\u00eb bllokoj\u00eb provizorisht t\u00eb gjith\u00eb pasaportat e zyrtar\u00ebve q\u00eb kan\u00eb dosje n\u00eb SKAP, pa p\u00ebrjashtim, se largimi, absolutisht kudo q\u00eb t\u00eb shkojn\u00eb, do i gjejm\u00eb. Por \u00ebsht\u00eb nj\u00eb akt shum\u00eb, shum\u00eb i turpsh\u00ebm.<br \/>\nIa mbathi Aga\u00e7i, ia mbathi Agasi, drejtor\u00ebt q\u00eb nuk ua di emrat.<br \/>\nKa nj\u00eb fug\u00eb masive nga administrata.<br \/>\nP\u00ebr sa i p\u00ebrket asaj q\u00eb thon\u00eb ata, rendin, protesta \u00ebsht\u00eb paq\u00ebsore.<br \/>\nNe organizojm\u00eb vet\u00ebm protesta paq\u00ebsore. Dhe ne e kemi platform\u00eb k\u00ebt\u00eb, se po t\u00eb mos donim ne, nuk thoshim ne protest\u00eb paq\u00ebsore.<br \/>\nE keni d\u00ebgjuar n\u00eb takime, m\u00eb thon\u00eb pse thua paq\u00ebsore. E them se e kemi platform\u00eb at\u00eb, e kam bindje, ne jemi opozit\u00eb demokratike.<br \/>\nOpozita nuk ka bandit\u00eb, si\u00e7 ka t\u00eb tipit Proda dhe Sokol Bizhga.<br \/>\nNuk ka n\u00eb gjirin e saj kriminel\u00eb si ata, trafikant\u00eb, vras\u00ebs, ndaj dhe ky \u00ebsht\u00eb nj\u00eb akt provokacioni i r\u00ebnd\u00eb i tyre q\u00eb nuk ka asnj\u00eb impresion.<br \/>\nOpozita do t\u00eb vazhdoj\u00eb gjer n\u00eb fitore t\u00eb plot\u00eb dhe k\u00ebta minj q\u00eb po ikin, do kapen kudo q\u00eb t\u00eb jen\u00eb.<br \/>\nUa them un\u00eb.<br \/>\nSe t\u00eb vjedh\u00ebsh 13 vite qytetar\u00ebt shqiptar\u00eb dhe momentin kur merr vesh se \u00ebsht\u00eb l\u00ebshuar urdh\u00ebrarresti, ia mbath dhe ik\u00ebn, absolutisht s\u00eb pari korrupsioni do shpallet krimi i r\u00ebnd\u00eb.<br \/>\nS\u00eb dyti, largimi do t\u00eb shpallet nj\u00eb krim q\u00eb dyfishon d\u00ebnimin, n\u00eb mos trefishon d\u00ebnimin. \u00c7ka do t\u00eb thot\u00eb se do kalben n\u00eb fyt.<\/p>\n<p><strong>-Nuk mora p\u00ebrgjigjem, do ngujoheni sot n\u00eb shesh?<\/strong><\/p>\n<p><strong>Sali Berisha:<\/strong> Skenari \u00ebsht\u00eb atje, do jeni aty dhe do ta ndiqni me shum\u00eb v\u00ebmendje.<\/p>\n<p><strong>-Ju paralajm\u00ebruat protest\u00eb paq\u00ebsore, do t\u00eb thot\u00eb q\u00eb nuk do keni molotov\u00eb p\u00ebr t\u00eb hedhur sot n\u00eb protest\u00eb?<\/strong><\/p>\n<p><strong>Sali Berisha:<\/strong> Tani, k\u00ebto q\u00eb thoni ju, nuk i organizon PD. Pse shihni ju ato inskenimet e Ilirjan Prod\u00ebs, q\u00eb i p\u00ebrgatisin n\u00eb zyrat e policis\u00eb dhe i japin si foto, nuk i ha kush ato.<\/p>\n<p>Protest\u00ebn e fundit ishte policia q\u00eb hidhte mjete piroteknike kund\u00ebr opozit\u00ebs. U kap me filma ajo.<\/p>\n<p><strong>-Kishte edhe eksponent\u00eb t\u00eb PD bashk\u00eb me disa persona&#8230;<\/strong><\/p>\n<p><strong>Sali Berisha:<\/strong> Jo, nuk kishte asnj\u00eb eksponent.<\/p>\n<p><strong>-Nuk keni hedhur molotov?<\/strong><\/p>\n<p><strong>Sali Berisha:<\/strong> Kishte ndonj\u00eb njeri t\u00eb zem\u00ebruar q\u00eb hidhnin ndonj\u00eb shashk\u00eb apo ndonj\u00eb fishekzjarr.<\/p>\n<p><strong>-Pra ju distancoheni nga ata q\u00eb hedhin molotov?<\/strong><\/p>\n<p><strong>Sali Berisha:<\/strong> Ne kemi protes\u00eb paq\u00ebsore. Kjo \u00ebsht\u00eb.<\/p>\n<p><strong>Marsi Korreshi: \u00c7far\u00eb do t\u00eb ket\u00eb ndryshe kjo protest\u00eb z. Berisha?<\/strong><\/p>\n<p><strong>Sali Berisha:<\/strong> Do jeni aty dhe do i ndiqni vet\u00eb risit\u00eb e saj. E kan\u00eb n\u00eb dor\u00eb qytetar\u00ebt.<\/p>\n","protected":false},"excerpt":{"rendered":"<p>Kryetari i PD, Sali Berisha deklaroi se protesta e paralajm\u00ebruar do t\u00eb jet\u00eb paq\u00ebsore, nd\u00ebrsa akuzoi Policin\u00eb e Shtetit p\u00ebr provokime dhe tentativ\u00eb p\u00ebr t\u00eb frik\u00ebsuar qytetar\u00ebt p\u00ebrpara tubimit. N\u00eb konferenc\u00ebn p\u00ebr mediat, Berisha tha se, narkopolicia t\u00eb ruaj\u00eb zyrtar\u00ebt q\u00eb po arratisen. Aga\u00e7i ia ka mbathur I pyetur n\u00ebse do t\u00eb ket\u00eb ngujim n\u00eb &hellip;<\/p>\n","protected":false},"author":4,"featured_media":123017,"comment_status":"closed","ping_status":"closed","sticky":false,"template":"","format":"standard","meta":{"footnotes":""},"categories":[37],"tags":[],"class_list":["post-136516","post","type-post","status-publish","format-standard","has-post-thumbnail","","category-politike"],"_links":{"self":[{"href":"https:\/\/rdnews.al\/index.php\/wp-json\/wp\/v2\/posts\/136516","targetHints":{"allow":["GET"]}}],"collection":[{"href":"https:\/\/rdnews.al\/index.php\/wp-json\/wp\/v2\/posts"}],"about":[{"href":"https:\/\/rdnews.al\/index.php\/wp-json\/wp\/v2\/types\/post"}],"author":[{"embeddable":true,"href":"https:\/\/rdnews.al\/index.php\/wp-json\/wp\/v2\/users\/4"}],"replies":[{"embeddable":true,"href":"https:\/\/rdnews.al\/index.php\/wp-json\/wp\/v2\/comments?post=136516"}],"version-history":[{"count":4,"href":"https:\/\/rdnews.al\/index.php\/wp-json\/wp\/v2\/posts\/136516\/revisions"}],"predecessor-version":[{"id":136530,"href":"https:\/\/rdnews.al\/index.php\/wp-json\/wp\/v2\/posts\/136516\/revisions\/136530"}],"wp:featuredmedia":[{"embeddable":true,"href":"https:\/\/rdnews.al\/index.php\/wp-json\/wp\/v2\/media\/123017"}],"wp:attachment":[{"href":"https:\/\/rdnews.al\/index.php\/wp-json\/wp\/v2\/media?parent=136516"}],"wp:term":[{"taxonomy":"category","embeddable":true,"href":"https:\/\/rdnews.al\/index.php\/wp-json\/wp\/v2\/categories?post=136516"},{"taxonomy":"post_tag","embeddable":true,"href":"https:\/\/rdnews.al\/index.php\/wp-json\/wp\/v2\/tags?post=136516"}],"curies":[{"name":"wp","href":"https:\/\/api.w.org\/{rel}","templated":true}]}}