{"id":136523,"date":"2026-02-20T12:18:42","date_gmt":"2026-02-20T12:18:42","guid":{"rendered":"https:\/\/rdnews.al\/?p=136523"},"modified":"2026-02-20T12:18:42","modified_gmt":"2026-02-20T12:18:42","slug":"berisha-denoj-me-forcen-me-te-madhe-pushtimin-e-vakefit-dhe-te-xhamise-nga-bandite-me-uniforme","status":"publish","type":"post","link":"https:\/\/rdnews.al\/index.php\/2026\/02\/20\/berisha-denoj-me-forcen-me-te-madhe-pushtimin-e-vakefit-dhe-te-xhamise-nga-bandite-me-uniforme\/","title":{"rendered":"Berisha: D\u00ebnoj me forc\u00ebn m\u00eb t\u00eb madhe pushtimin e vak\u00ebfit dhe t\u00eb xhamis\u00eb nga bandit\u00eb me uniform\u00eb!"},"content":{"rendered":"<p>Lideri i opozit\u00ebs, Sali Berisha deklaroi se, d\u00ebnon me forc\u00ebn m\u00eb t\u00eb madhe pushtimin e vak\u00ebfit dhe t\u00eb xhamis\u00eb nga bandit\u00eb me uniform\u00eb.<\/p>\n<p>I pyetur n\u00eb lidhje me simbolik\u00ebn e 20 shkurtit dhe krahasimet me rr\u00ebzimin e shtatores s\u00eb Enver Hoxh\u00ebs n\u00eb vitin 1991, Berisha u shpreh se ajo dit\u00eb sh\u00ebnoi p\u00ebrmbysjen e nj\u00eb regjimi dhe shtoi se qytetar\u00ebt do t\u00eb \u201cshohin vet\u00eb p\u00ebrmbysjen\u201d edhe sot.<\/p>\n<p><strong>Elda Menga: M\u00eb 20 shkurt 1991 keni rr\u00ebzuar shtatoren e diktatorit. Sot k\u00eb do rr\u00ebzoj\u00eb PD, pasi Edi Rama nuk ndodhet n\u00eb zyr\u00eb?<\/strong><\/p>\n<p><strong>Sali Berisha:<\/strong> Enver Hoxha ndodhej n\u00eb varr kur ne e p\u00ebrmbys\u00ebm.<\/p>\n<p><strong>-Por rr\u00ebzuat shtatoren, sot k\u00eb do rr\u00ebzoni?<\/strong><\/p>\n<p><strong>Sali Berisha:<\/strong> Ne faktikisht p\u00ebrmbys\u00ebm regjimin e tij at\u00eb dit\u00eb, shtatorja ishte nj\u00eb simbol i atij regjimi, kurse \u00ebsht\u00eb, nuk \u00ebsht\u00eb, pse ia mbath Edi Rama, qytetar\u00ebt e shohin vet\u00eb p\u00ebrmbysjen me syt\u00eb e tyre. Edi Rama shpres\u00eb nuk ka m\u00eb.<br \/>\nIu dogj e gjitha. E thash\u00eb, minjt\u00eb po ikin nga anija q\u00eb po mbytet. Nuk ka, po ikin minjt\u00eb.<\/p>\n<p><strong>Z. Berisha, ju jeni gjithmon\u00eb diskret\u00eb n\u00eb skenarin e protest\u00ebs, por duke qen\u00eb se nj\u00eb dit\u00eb m\u00eb par\u00eb nisi muaji i shenjt\u00eb i Ramazanit, a do zhvendoset k\u00ebt\u00eb her\u00eb protesta n\u00eb dyert e parlamentit, aty ku fare pran\u00eb ndodhet edhe xhamia?<\/strong><\/p>\n<p><strong>Sali Berisha:<\/strong> Edhe nj\u00ebher\u00eb, p\u00ebr t\u00eb gjith\u00eb ata q\u00eb agj\u00ebrojn\u00eb, nderimin dhe respektin tim m\u00eb t\u00eb madh.<br \/>\nD\u00ebnoj me forc\u00ebn m\u00eb t\u00eb madhe pushtimin e vak\u00ebfit dhe t\u00eb xhamis\u00eb nga bandit\u00eb me uniform\u00eb dhe k\u00ebrkoj q\u00eb njeri prej tyre t\u00eb mos shkel\u00eb n\u00eb territorin e vak\u00ebfit dhe t\u00eb xhamis\u00eb.<br \/>\nProtestuesit, absolutisht, p\u00ebrve\u00e7 nderimit m\u00eb t\u00eb madh p\u00ebr ata q\u00eb falin namazin n\u00eb xhami, nuk mund t\u00eb ken\u00eb asgj\u00eb tjet\u00ebr.<br \/>\nAta q\u00eb hyjn\u00eb me uniforma, ata q\u00eb p\u00ebrdorin territorin kund\u00ebr protestuesve paq\u00ebsor\u00eb, ata n\u00eb ferr do p\u00ebrfundojn\u00eb, n\u00eb xhehenem, atje e kan\u00eb vendin. Ata kryejn\u00eb nj\u00eb akt dy her\u00eb m\u00eb t\u00eb r\u00ebnd\u00eb.<br \/>\nPrandaj, ne u shprehim respektin m\u00eb t\u00eb madh, se \u00e7far\u00eb b\u00ebjn\u00eb bandit\u00ebt, ajo nuk \u00ebsht\u00eb p\u00ebrgjegj\u00ebsia jon\u00eb.<br \/>\nPor ne do i \u00e7lirojm\u00eb shqiptar\u00ebt edhe nga k\u00ebta bandit\u00eb.<\/p>\n","protected":false},"excerpt":{"rendered":"<p>Lideri i opozit\u00ebs, Sali Berisha deklaroi se, d\u00ebnon me forc\u00ebn m\u00eb t\u00eb madhe pushtimin e vak\u00ebfit dhe t\u00eb xhamis\u00eb nga bandit\u00eb me uniform\u00eb. I pyetur n\u00eb lidhje me simbolik\u00ebn e 20 shkurtit dhe krahasimet me rr\u00ebzimin e shtatores s\u00eb Enver Hoxh\u00ebs n\u00eb vitin 1991, Berisha u shpreh se ajo dit\u00eb sh\u00ebnoi p\u00ebrmbysjen e nj\u00eb regjimi &hellip;<\/p>\n","protected":false},"author":4,"featured_media":136524,"comment_status":"closed","ping_status":"closed","sticky":false,"template":"","format":"standard","meta":{"footnotes":""},"categories":[37],"tags":[],"class_list":["post-136523","post","type-post","status-publish","format-standard","has-post-thumbnail","","category-politike"],"_links":{"self":[{"href":"https:\/\/rdnews.al\/index.php\/wp-json\/wp\/v2\/posts\/136523","targetHints":{"allow":["GET"]}}],"collection":[{"href":"https:\/\/rdnews.al\/index.php\/wp-json\/wp\/v2\/posts"}],"about":[{"href":"https:\/\/rdnews.al\/index.php\/wp-json\/wp\/v2\/types\/post"}],"author":[{"embeddable":true,"href":"https:\/\/rdnews.al\/index.php\/wp-json\/wp\/v2\/users\/4"}],"replies":[{"embeddable":true,"href":"https:\/\/rdnews.al\/index.php\/wp-json\/wp\/v2\/comments?post=136523"}],"version-history":[{"count":1,"href":"https:\/\/rdnews.al\/index.php\/wp-json\/wp\/v2\/posts\/136523\/revisions"}],"predecessor-version":[{"id":136525,"href":"https:\/\/rdnews.al\/index.php\/wp-json\/wp\/v2\/posts\/136523\/revisions\/136525"}],"wp:featuredmedia":[{"embeddable":true,"href":"https:\/\/rdnews.al\/index.php\/wp-json\/wp\/v2\/media\/136524"}],"wp:attachment":[{"href":"https:\/\/rdnews.al\/index.php\/wp-json\/wp\/v2\/media?parent=136523"}],"wp:term":[{"taxonomy":"category","embeddable":true,"href":"https:\/\/rdnews.al\/index.php\/wp-json\/wp\/v2\/categories?post=136523"},{"taxonomy":"post_tag","embeddable":true,"href":"https:\/\/rdnews.al\/index.php\/wp-json\/wp\/v2\/tags?post=136523"}],"curies":[{"name":"wp","href":"https:\/\/api.w.org\/{rel}","templated":true}]}}