{"id":136526,"date":"2026-02-20T12:29:33","date_gmt":"2026-02-20T12:29:33","guid":{"rendered":"https:\/\/rdnews.al\/?p=136526"},"modified":"2026-02-20T12:29:33","modified_gmt":"2026-02-20T12:29:33","slug":"berisha-lubine-e-refuzuan-ne-konferencen-per-korridorin-e-viii-te-rama-ka-marre-mesazhe-edhe-atje-ku-ishte","status":"publish","type":"post","link":"https:\/\/rdnews.al\/index.php\/2026\/02\/20\/berisha-lubine-e-refuzuan-ne-konferencen-per-korridorin-e-viii-te-rama-ka-marre-mesazhe-edhe-atje-ku-ishte\/","title":{"rendered":"Berisha: Lubin\u00eb e refuzuan n\u00eb konferenc\u00ebn p\u00ebr Korridorin e VIII-t\u00eb! Rama ka marr\u00eb mesazhe edhe atje ku ishte&#8230;"},"content":{"rendered":"<p>Lideri i opozit\u00ebs, Sali Berisha, duke ju p\u00ebrgjigjur interesit t\u00eb gazetar\u00ebve tha se, Lubin\u00eb e refuzuan n\u00eb konferenc\u00ebn p\u00ebr Korridorin e VIII-t\u00eb!<\/p>\n<p>Nd\u00ebrsa p\u00ebr vizit\u00ebn e Ram\u00ebs n\u00eb SHBA, Berisha tha se, Rama ka marr\u00eb mesazhe edhe atje ku ishte.<\/p>\n<p><strong>Marsi Korreshi: Z. Berisha, edhe nj\u00eb pyetje t\u00eb fundit, n\u00ebse parlamenti nuk heq t\u00eb h\u00ebn\u00ebn imunitetin e Belinda Ballukut, ka opozita nj\u00eb plan rezistence dhe kund\u00ebrv\u00ebnie?<\/strong><\/p>\n<p><strong>Sali Berisha:<\/strong> Kryengritja paq\u00ebsore nuk \u00ebsht\u00eb p\u00ebr Belinda Ballukun, \u00ebsht\u00eb p\u00ebr Edi Ram\u00ebn. Duhet t\u00eb jemi t\u00eb sinqert\u00eb.<\/p>\n<p>Populli \u00ebsht\u00eb ngritur kund\u00ebr Edi Ram\u00ebs, Lubia \u00ebsht\u00eb thjesht nj\u00eb sekretare e tij q\u00eb ka zbatuar urdhrat.<\/p>\n<p>Rama ik, ky \u00ebsht\u00eb kryemotivi i kryengritjes ton\u00eb paq\u00ebsore.<\/p>\n<p>Ky \u00ebsht\u00eb!<\/p>\n<p>Ndaj dhe q\u00eb n\u00eb fillim ne e kemi b\u00ebr\u00eb k\u00ebt\u00eb p\u00ebrcaktim, besoj se \u00ebsht\u00eb k\u00ebshtu apo jo.<\/p>\n<p>Ajo p\u00ebrdoret si mburoj\u00eb nga Rama sepse e di se fill mbrapa \u00ebsht\u00eb n\u00eb radh\u00eb.<\/p>\n<p>Ju e dini k\u00ebt\u00eb besoj.<\/p>\n<p>E dini se \u00e7far\u00eb ndodhi me Korridorin e VIII-t\u00eb? E mor\u00ebt vesh?<\/p>\n<p>U p\u00ebrmbys \u00e7do projekt, \u00e7do plan brenda 24 or\u00ebsh.<\/p>\n<p>Ishte parashikuar mikprit\u00ebse Lubia, u refuzua n\u00eb unison nga partner\u00ebt dhe vendet e tjera dhe e mori Spiropali.<\/p>\n<p>E pat\u00eb ju Lubin\u00eb, a ishte n\u00eb at\u00eb takim?<\/p>\n<p>P\u00ebr Korridorin e VIII-t\u00eb, p\u00ebr transportin, a i keni parasysh vizitat e saj sa her\u00eb ka shkuar ajo n\u00eb aksin Elbasan-Librazhd, e veshur me kostumin e nd\u00ebrtueses?<\/p>\n<p>A ishte gj\u00eb aty? Ku ishte?<\/p>\n<p>Prandaj komshia m\u00eb \u00e7on mesazh mua.<\/p>\n<p>Ku ishte?<\/p>\n<p>Ja pra, mediat, a nuk jan\u00eb k\u00ebto q\u00eb duhet t\u2019ua thon\u00eb shqiptar\u00ebve? Apo duhet t\u2019i marrin vesh nga komshinjt\u00eb.<\/p>\n<p>Do ket\u00eb novitete.<\/p>\n<p>Edi Rama, edhe atje ku ishte, mendoni ju se nuk kishte mesazhe, nuk mori mesazhe?<\/p>\n<p>Absolutisht. Sigurisht, seanca kryesore ishte p\u00ebr ato probleme, por n\u00eb korridore ka marr\u00eb t\u00eb gjith\u00eb mesazhet ai.<\/p>\n<p>Me d\u00ebshmitar Ervin Demon. Tani kuptojeni ju vet\u00eb. Ervin Demo d\u00ebshmitari. Asnj\u00eb tjet\u00ebr.<\/p>\n<p>Delegacioni p\u00ebrb\u00ebhej nga Edi Rama dhe Ervin Demo. Pse-n\u00eb, hetojeni.<\/p>\n","protected":false},"excerpt":{"rendered":"<p>Lideri i opozit\u00ebs, Sali Berisha, duke ju p\u00ebrgjigjur interesit t\u00eb gazetar\u00ebve tha se, Lubin\u00eb e refuzuan n\u00eb konferenc\u00ebn p\u00ebr Korridorin e VIII-t\u00eb! Nd\u00ebrsa p\u00ebr vizit\u00ebn e Ram\u00ebs n\u00eb SHBA, Berisha tha se, Rama ka marr\u00eb mesazhe edhe atje ku ishte. Marsi Korreshi: Z. Berisha, edhe nj\u00eb pyetje t\u00eb fundit, n\u00ebse parlamenti nuk heq t\u00eb h\u00ebn\u00ebn &hellip;<\/p>\n","protected":false},"author":4,"featured_media":136527,"comment_status":"closed","ping_status":"closed","sticky":false,"template":"","format":"standard","meta":{"footnotes":""},"categories":[37],"tags":[],"class_list":["post-136526","post","type-post","status-publish","format-standard","has-post-thumbnail","","category-politike"],"_links":{"self":[{"href":"https:\/\/rdnews.al\/index.php\/wp-json\/wp\/v2\/posts\/136526","targetHints":{"allow":["GET"]}}],"collection":[{"href":"https:\/\/rdnews.al\/index.php\/wp-json\/wp\/v2\/posts"}],"about":[{"href":"https:\/\/rdnews.al\/index.php\/wp-json\/wp\/v2\/types\/post"}],"author":[{"embeddable":true,"href":"https:\/\/rdnews.al\/index.php\/wp-json\/wp\/v2\/users\/4"}],"replies":[{"embeddable":true,"href":"https:\/\/rdnews.al\/index.php\/wp-json\/wp\/v2\/comments?post=136526"}],"version-history":[{"count":1,"href":"https:\/\/rdnews.al\/index.php\/wp-json\/wp\/v2\/posts\/136526\/revisions"}],"predecessor-version":[{"id":136528,"href":"https:\/\/rdnews.al\/index.php\/wp-json\/wp\/v2\/posts\/136526\/revisions\/136528"}],"wp:featuredmedia":[{"embeddable":true,"href":"https:\/\/rdnews.al\/index.php\/wp-json\/wp\/v2\/media\/136527"}],"wp:attachment":[{"href":"https:\/\/rdnews.al\/index.php\/wp-json\/wp\/v2\/media?parent=136526"}],"wp:term":[{"taxonomy":"category","embeddable":true,"href":"https:\/\/rdnews.al\/index.php\/wp-json\/wp\/v2\/categories?post=136526"},{"taxonomy":"post_tag","embeddable":true,"href":"https:\/\/rdnews.al\/index.php\/wp-json\/wp\/v2\/tags?post=136526"}],"curies":[{"name":"wp","href":"https:\/\/api.w.org\/{rel}","templated":true}]}}