{"id":136531,"date":"2026-02-20T17:15:37","date_gmt":"2026-02-20T17:15:37","guid":{"rendered":"https:\/\/rdnews.al\/?p=136531"},"modified":"2026-02-20T17:15:37","modified_gmt":"2026-02-20T17:15:37","slug":"vritet-me-thike-nje-32-vjecar-ne-tirane","status":"publish","type":"post","link":"https:\/\/rdnews.al\/index.php\/2026\/02\/20\/vritet-me-thike-nje-32-vjecar-ne-tirane\/","title":{"rendered":"Vritet me thik\u00eb nj\u00eb\u00a032 vje\u00e7ar n\u00eb Tiran\u00eb"},"content":{"rendered":"<p>Nj\u00eb\u00a032 vje\u00e7ar u q\u00ebllua me thik\u00eb p\u00ebr vdekje pasditen e k\u00ebsaj t\u00eb premte, n\u00eb Tiran\u00eb.<\/p>\n<p>Ngjarja ndodhi n\u00eb rrug\u00ebn \u201cKongresi i Lushnj\u00ebs\u201d, pran\u00eb Komisariatit nr.2, t\u00eb Policis\u00eb, ku pas nj\u00eb sherri p\u00ebr motive banale, nj\u00eb grup t\u00eb rinjsh u p\u00ebrlesh\u00ebn mes tyre me arm\u00eb t\u00eb ftohta.<\/p>\n<p>Nj\u00eb goditje me thik\u00eb rezultoi fatale p\u00ebr 32 vje\u00e7arin Egli Pashollari, nd\u00ebrsa nuk dihen ende shkaqet dhe rrethanat e plota t\u00eb ngjarjes.<\/p>\n<p>Burime p\u00ebr mediat b\u00ebjn\u00eb me dije se n\u00eb krim kan\u00eb marr\u00eb pjes\u00eb 3 persona, dy djem dhe nj\u00eb vajz\u00eb.<\/p>\n<p>Ata e kan\u00eb sulmuar Pashollarin sapo ky i fundit ka dal\u00eb nga makina dhe gjat\u00eb p\u00ebrleshjes fizike, nj\u00ebri prej djemve, i dyshuar si\u00a0<strong>Gazmend Bu\u00e7papa<\/strong>, e ka goditur t\u00eb pakt\u00ebn nj\u00eb her\u00eb me thik\u00eb n\u00eb kurriz.<\/p>\n<p>Pas goditjes Pashollari ka b\u00ebr\u00eb 3-4 hapa larg nga makina dhe m\u00eb pas \u00ebsht\u00eb rr\u00ebzuar p\u00ebrtok\u00eb.<\/p>\n<p>Atij i \u00ebsht\u00eb dh\u00ebn\u00eb ndihma e par\u00eb pran\u00eb nj\u00eb lokali dhe m\u00eb pas \u00ebsht\u00eb nisur drejt spitalit por fatkeq\u00ebssiht nuk ka mundur t\u00eb mbijetoj\u00eb.<\/p>\n<p>Ngjarja \u00ebsht\u00eb regjistruar n\u00eb rrug\u00ebn \u201cKongresi i Lushnj\u00ebs\u201d ku ndodhet dhe Komisariati num\u00ebr 2 i Policis\u00eb. K\u00ebta t\u00eb fundit n\u00eb nj\u00eb reagim zyrtar njoftuan se po punojn\u00eb p\u00ebr zbardhjen e ngjarjes por nuk dhan\u00eb asnj\u00eb informacion mbi autor\u00ebt e tjer\u00eb apo shkaqet dhe rrethanat q\u00eb cuan n\u00eb krim.<\/p>\n<p><em>\u00a0\u201cRreth or\u00ebs 15:40, dyshohet se gjat\u00eb nj\u00eb konflikti n\u00eb rrug\u00ebn \u201cKongresi i Lushnjes\u201d, \u00ebsht\u00eb goditur me nj\u00eb mjet prer\u00ebs shtetasi E. P, rreth 31 vje\u00e7, i cili si pasoj\u00eb ka humbur jet\u00ebn n\u00eb spital\u201d,\u00a0<\/em>njoftoi Policia.<\/p>\n","protected":false},"excerpt":{"rendered":"<p>Nj\u00eb\u00a032 vje\u00e7ar u q\u00ebllua me thik\u00eb p\u00ebr vdekje pasditen e k\u00ebsaj t\u00eb premte, n\u00eb Tiran\u00eb. Ngjarja ndodhi n\u00eb rrug\u00ebn \u201cKongresi i Lushnj\u00ebs\u201d, pran\u00eb Komisariatit nr.2, t\u00eb Policis\u00eb, ku pas nj\u00eb sherri p\u00ebr motive banale, nj\u00eb grup t\u00eb rinjsh u p\u00ebrlesh\u00ebn mes tyre me arm\u00eb t\u00eb ftohta. Nj\u00eb goditje me thik\u00eb rezultoi fatale p\u00ebr 32 vje\u00e7arin &hellip;<\/p>\n","protected":false},"author":4,"featured_media":136532,"comment_status":"closed","ping_status":"closed","sticky":false,"template":"","format":"standard","meta":{"footnotes":""},"categories":[37],"tags":[],"class_list":["post-136531","post","type-post","status-publish","format-standard","has-post-thumbnail","","category-politike"],"_links":{"self":[{"href":"https:\/\/rdnews.al\/index.php\/wp-json\/wp\/v2\/posts\/136531","targetHints":{"allow":["GET"]}}],"collection":[{"href":"https:\/\/rdnews.al\/index.php\/wp-json\/wp\/v2\/posts"}],"about":[{"href":"https:\/\/rdnews.al\/index.php\/wp-json\/wp\/v2\/types\/post"}],"author":[{"embeddable":true,"href":"https:\/\/rdnews.al\/index.php\/wp-json\/wp\/v2\/users\/4"}],"replies":[{"embeddable":true,"href":"https:\/\/rdnews.al\/index.php\/wp-json\/wp\/v2\/comments?post=136531"}],"version-history":[{"count":1,"href":"https:\/\/rdnews.al\/index.php\/wp-json\/wp\/v2\/posts\/136531\/revisions"}],"predecessor-version":[{"id":136533,"href":"https:\/\/rdnews.al\/index.php\/wp-json\/wp\/v2\/posts\/136531\/revisions\/136533"}],"wp:featuredmedia":[{"embeddable":true,"href":"https:\/\/rdnews.al\/index.php\/wp-json\/wp\/v2\/media\/136532"}],"wp:attachment":[{"href":"https:\/\/rdnews.al\/index.php\/wp-json\/wp\/v2\/media?parent=136531"}],"wp:term":[{"taxonomy":"category","embeddable":true,"href":"https:\/\/rdnews.al\/index.php\/wp-json\/wp\/v2\/categories?post=136531"},{"taxonomy":"post_tag","embeddable":true,"href":"https:\/\/rdnews.al\/index.php\/wp-json\/wp\/v2\/tags?post=136531"}],"curies":[{"name":"wp","href":"https:\/\/api.w.org\/{rel}","templated":true}]}}