{"id":136534,"date":"2026-02-20T18:06:10","date_gmt":"2026-02-20T18:06:10","guid":{"rendered":"https:\/\/rdnews.al\/?p=136534"},"modified":"2026-02-20T18:06:10","modified_gmt":"2026-02-20T18:06:10","slug":"rajmonda-bulku-te-rikthejme-frymen-e-20-shkurtit-91","status":"publish","type":"post","link":"https:\/\/rdnews.al\/index.php\/2026\/02\/20\/rajmonda-bulku-te-rikthejme-frymen-e-20-shkurtit-91\/","title":{"rendered":"Rajmonda Bulku: T\u00eb rikthejm\u00eb frym\u00ebn e 20 Shkurtit \u201991"},"content":{"rendered":"<p>Aktorja e njohur Rajmonda Bulku, nj\u00ebkoh\u00ebsisht pjes\u00ebmarr\u00ebse n\u00eb revolt\u00ebn e rr\u00ebzimit t\u00eb bustit t\u00eb diktatorit n\u00eb 20 shkurt 1991, duke folur n\u00eb protest\u00ebn madh\u00ebshtore t\u00eb mbajtur n\u00eb Bulevard, ka fal\u00ebnderuar t\u00eb gjith\u00eb qytetar\u00ebt q\u00eb i jan\u00eb p\u00ebrgjigjur thirrjes s\u00eb PD dhe opozit\u00ebs.<\/p>\n<p>\u201cMir\u00ebmbr\u00ebma t\u00eb dashur qytetar\u00eb t\u00eb Tiran\u00ebs. Qytetar\u00eb t\u00eb gjith\u00eb Shqip\u00ebris\u00eb. T\u00eb dashur demokrat\u00eb.<\/p>\n<p>Ju fal\u00ebnderoj q\u00eb sot doni edhe nga un\u00eb nj\u00eb fjal\u00eb. T\u00eb them dhe t\u00eb kujtoj at\u00eb dit\u00eb historike t\u00eb 20 shkurtit 1991, ku ne ishim t\u00eb gjith\u00eb, bashkangjitur me grev\u00ebn heroike t\u00eb student\u00ebve tan\u00eb, bashkangjitur me ta, nuk pat\u00ebm frik\u00eb.<\/p>\n<p>Luftuam kund\u00ebr nj\u00eb ushtrie q\u00eb nuk duhet t\u00eb harruar q\u00eb ishte akoma Partia Komuniste n\u00eb krye. Kishim nj\u00eb frym\u00eb, t\u00eb dashur qytetar\u00eb, t\u00eb gjith\u00eb bashk\u00eb. Hoq\u00ebm frik\u00ebn.<\/p>\n<p>Mor\u00ebm guximin ton\u00eb sepse desh\u00ebm lirin\u00eb, desh\u00ebm t\u00eb rr\u00ebzonim sistemin m\u00eb t\u00eb eg\u00ebr komunist q\u00eb na kishte d\u00ebmtuar dhe humbur lirin\u00eb ton\u00eb p\u00ebr shum\u00eb e shum\u00eb vite.<\/p>\n<p>T\u00eb dashur qytetar\u00eb, dua t\u00eb kujtoj at\u00eb frym\u00eb dhe t\u00eb sjellim k\u00ebtu sot at\u00eb d\u00ebshir\u00eb p\u00ebr t\u00eb jetuar bukur n\u00eb Shqip\u00ebrin\u00eb ton\u00eb t\u00eb bukur q\u00eb na ka falur Per\u00ebndia t\u00eb bukur, por ta b\u00ebjm\u00eb p\u00ebr jet\u00ebt tona, p\u00ebr f\u00ebmij\u00ebt tan\u00eb, p\u00ebr nip\u00ebrit tan\u00eb.<\/p>\n<p>T\u00eb ken\u00eb mund\u00ebsi t\u00eb jetojn\u00eb m\u00eb mir\u00eb, sepse ju takon n\u00eb vendin e tyre t\u00eb bukur.<\/p>\n<p>T\u00eb ken\u00eb mund\u00ebsi t\u00eb pun\u00ebsohen k\u00ebtu dhe t\u00eb mos ikin dhe t\u00eb mos ikin dhe mos braktisin k\u00ebt\u00eb vend t\u00eb bekuar.<\/p>\n<p>Zoti ka bekuar Shqip\u00ebrin\u00eb, por Zoti bekoft\u00eb dhe shqiptar\u00ebt\u201d u shpreh Rajmonda Bulku.<\/p>\n","protected":false},"excerpt":{"rendered":"<p>Aktorja e njohur Rajmonda Bulku, nj\u00ebkoh\u00ebsisht pjes\u00ebmarr\u00ebse n\u00eb revolt\u00ebn e rr\u00ebzimit t\u00eb bustit t\u00eb diktatorit n\u00eb 20 shkurt 1991, duke folur n\u00eb protest\u00ebn madh\u00ebshtore t\u00eb mbajtur n\u00eb Bulevard, ka fal\u00ebnderuar t\u00eb gjith\u00eb qytetar\u00ebt q\u00eb i jan\u00eb p\u00ebrgjigjur thirrjes s\u00eb PD dhe opozit\u00ebs. \u201cMir\u00ebmbr\u00ebma t\u00eb dashur qytetar\u00eb t\u00eb Tiran\u00ebs. Qytetar\u00eb t\u00eb gjith\u00eb Shqip\u00ebris\u00eb. T\u00eb dashur demokrat\u00eb. &hellip;<\/p>\n","protected":false},"author":4,"featured_media":136535,"comment_status":"closed","ping_status":"closed","sticky":false,"template":"","format":"standard","meta":{"footnotes":""},"categories":[37],"tags":[],"class_list":["post-136534","post","type-post","status-publish","format-standard","has-post-thumbnail","","category-politike"],"_links":{"self":[{"href":"https:\/\/rdnews.al\/index.php\/wp-json\/wp\/v2\/posts\/136534","targetHints":{"allow":["GET"]}}],"collection":[{"href":"https:\/\/rdnews.al\/index.php\/wp-json\/wp\/v2\/posts"}],"about":[{"href":"https:\/\/rdnews.al\/index.php\/wp-json\/wp\/v2\/types\/post"}],"author":[{"embeddable":true,"href":"https:\/\/rdnews.al\/index.php\/wp-json\/wp\/v2\/users\/4"}],"replies":[{"embeddable":true,"href":"https:\/\/rdnews.al\/index.php\/wp-json\/wp\/v2\/comments?post=136534"}],"version-history":[{"count":1,"href":"https:\/\/rdnews.al\/index.php\/wp-json\/wp\/v2\/posts\/136534\/revisions"}],"predecessor-version":[{"id":136536,"href":"https:\/\/rdnews.al\/index.php\/wp-json\/wp\/v2\/posts\/136534\/revisions\/136536"}],"wp:featuredmedia":[{"embeddable":true,"href":"https:\/\/rdnews.al\/index.php\/wp-json\/wp\/v2\/media\/136535"}],"wp:attachment":[{"href":"https:\/\/rdnews.al\/index.php\/wp-json\/wp\/v2\/media?parent=136534"}],"wp:term":[{"taxonomy":"category","embeddable":true,"href":"https:\/\/rdnews.al\/index.php\/wp-json\/wp\/v2\/categories?post=136534"},{"taxonomy":"post_tag","embeddable":true,"href":"https:\/\/rdnews.al\/index.php\/wp-json\/wp\/v2\/tags?post=136534"}],"curies":[{"name":"wp","href":"https:\/\/api.w.org\/{rel}","templated":true}]}}