{"id":136599,"date":"2026-02-20T20:09:43","date_gmt":"2026-02-20T20:09:43","guid":{"rendered":"https:\/\/rdnews.al\/?p=136599"},"modified":"2026-02-20T20:10:29","modified_gmt":"2026-02-20T20:10:29","slug":"kalimtaret-dhe-besimtaret-ne-xhami-me-gaz-lotsjelles-analisti-keta-police-po-mbysin-veten","status":"publish","type":"post","link":"https:\/\/rdnews.al\/index.php\/2026\/02\/20\/kalimtaret-dhe-besimtaret-ne-xhami-me-gaz-lotsjelles-analisti-keta-police-po-mbysin-veten\/","title":{"rendered":"Kalimtar\u00ebt dhe besimtar\u00ebt n\u00eb xhami me gaz lotsjell\u00ebs\/ Analisti K\u00ebta polic\u00eb po mbysin veten!"},"content":{"rendered":"<p>Analisti Lutfi Dervishi ka reaguar p\u00ebrmes nj\u00eb postimi n\u00eb rrjetet sociale, lidhur me situat\u00ebn e krijuar gjat\u00eb protest\u00ebs s\u00eb sotme t\u00eb opozit\u00ebs.<\/p>\n<p>N\u00eb reagimin e tij, Dervishi ka publikuar pamjet nga zona pran\u00eb ur\u00ebs s\u00eb rrug\u00ebs s\u00eb Elbasanit, ku sipas tij forcat e policis\u00eb kan\u00eb hedhur gaz lotsjell\u00ebs, edhe pse nuk ka pasur protestues p\u00ebrball\u00eb.<\/p>\n<p><em>\u201cK\u00ebta police k\u00ebtu te ura e rrug\u00ebs s\u00eb Elbasanit nuk kan\u00eb p\u00ebrball\u00eb asnj\u00eb protestues! Po mbysin veten dhe kalimtar\u00ebt (pa p\u00ebrmendur besimtar\u00ebt n\u00eb xhami) me gaz lotsjell\u00ebs?\u201d,<\/em>\u00a0 shkruan Dervishi.<\/p>\n<div class=\"readmore-text-here\">\n<p><iframe loading=\"lazy\" src=\"https:\/\/www.facebook.com\/plugins\/video.php?height=476&amp;href=https%3A%2F%2Fwww.facebook.com%2Freel%2F2323121574859458%2F&amp;show_text=false&amp;width=267&amp;t=0\" width=\"267\" height=\"476\" frameborder=\"0\" scrolling=\"no\" allowfullscreen=\"allowfullscreen\" data-mce-fragment=\"1\"><\/iframe><\/p>\n<div id=\"rekl-42\"><\/div>\n<div id=\"rekl-57\"><\/div>\n<\/div>\n<div id=\"rekl-45\"><\/div>\n<div id=\"rekl-16\"><\/div>\n<div id=\"rekl-33\"><\/div>\n","protected":false},"excerpt":{"rendered":"<p>Analisti Lutfi Dervishi ka reaguar p\u00ebrmes nj\u00eb postimi n\u00eb rrjetet sociale, lidhur me situat\u00ebn e krijuar gjat\u00eb protest\u00ebs s\u00eb sotme t\u00eb opozit\u00ebs. N\u00eb reagimin e tij, Dervishi ka publikuar pamjet nga zona pran\u00eb ur\u00ebs s\u00eb rrug\u00ebs s\u00eb Elbasanit, ku sipas tij forcat e policis\u00eb kan\u00eb hedhur gaz lotsjell\u00ebs, edhe pse nuk ka pasur protestues p\u00ebrball\u00eb. &hellip;<\/p>\n","protected":false},"author":4,"featured_media":136600,"comment_status":"closed","ping_status":"closed","sticky":false,"template":"","format":"standard","meta":{"footnotes":""},"categories":[37],"tags":[],"class_list":["post-136599","post","type-post","status-publish","format-standard","has-post-thumbnail","","category-politike"],"_links":{"self":[{"href":"https:\/\/rdnews.al\/index.php\/wp-json\/wp\/v2\/posts\/136599","targetHints":{"allow":["GET"]}}],"collection":[{"href":"https:\/\/rdnews.al\/index.php\/wp-json\/wp\/v2\/posts"}],"about":[{"href":"https:\/\/rdnews.al\/index.php\/wp-json\/wp\/v2\/types\/post"}],"author":[{"embeddable":true,"href":"https:\/\/rdnews.al\/index.php\/wp-json\/wp\/v2\/users\/4"}],"replies":[{"embeddable":true,"href":"https:\/\/rdnews.al\/index.php\/wp-json\/wp\/v2\/comments?post=136599"}],"version-history":[{"count":2,"href":"https:\/\/rdnews.al\/index.php\/wp-json\/wp\/v2\/posts\/136599\/revisions"}],"predecessor-version":[{"id":136602,"href":"https:\/\/rdnews.al\/index.php\/wp-json\/wp\/v2\/posts\/136599\/revisions\/136602"}],"wp:featuredmedia":[{"embeddable":true,"href":"https:\/\/rdnews.al\/index.php\/wp-json\/wp\/v2\/media\/136600"}],"wp:attachment":[{"href":"https:\/\/rdnews.al\/index.php\/wp-json\/wp\/v2\/media?parent=136599"}],"wp:term":[{"taxonomy":"category","embeddable":true,"href":"https:\/\/rdnews.al\/index.php\/wp-json\/wp\/v2\/categories?post=136599"},{"taxonomy":"post_tag","embeddable":true,"href":"https:\/\/rdnews.al\/index.php\/wp-json\/wp\/v2\/tags?post=136599"}],"curies":[{"name":"wp","href":"https:\/\/api.w.org\/{rel}","templated":true}]}}