{"id":136610,"date":"2026-02-20T20:27:31","date_gmt":"2026-02-20T20:27:31","guid":{"rendered":"https:\/\/rdnews.al\/?p=136610"},"modified":"2026-02-20T20:27:31","modified_gmt":"2026-02-20T20:27:31","slug":"pd-policia-sulmon-seline-e-forces-kryesore-te-opozites-pas-nje-proteste-paqesore-duke-sjelle-kaos-te-lenduar-dhe-te-plagosur","status":"publish","type":"post","link":"https:\/\/rdnews.al\/index.php\/2026\/02\/20\/pd-policia-sulmon-seline-e-forces-kryesore-te-opozites-pas-nje-proteste-paqesore-duke-sjelle-kaos-te-lenduar-dhe-te-plagosur\/","title":{"rendered":"PD: Policia sulmon selin\u00eb e forc\u00ebs kryesore t\u00eb opozit\u00ebs pas nj\u00eb proteste paq\u00ebsore, duke sjell\u00eb kaos, t\u00eb l\u00ebnduar dhe t\u00eb plagosur"},"content":{"rendered":"<p>Partia Demokratike ka reaguar p\u00ebr sulmin q\u00eb policia po i b\u00ebn selis\u00eb s\u00eb partis\u00eb kryesore t\u00eb opozit\u00ebs n\u00eb Shqip\u00ebri.<\/p>\n<p>N\u00eb reagimin e saj, PD thot\u00eb se, kjo situat\u00eb ka sjell\u00eb kaos, t\u00eb plagosur dhe qytetar\u00eb t\u00eb l\u00ebnduar.<\/p>\n<p><strong>Reagimi i Partis\u00eb Demokratike:<\/strong><\/p>\n<p>Sasi t\u00eb m\u00ebdha gazi lotsjell\u00ebs jan\u00eb hedhur n\u00eb oborrin, mjediset dhe deri te zyrat e drejtuesve t\u00eb Partis\u00eb Demokratike, forca kryesore e opozit\u00ebs n\u00eb Shqip\u00ebri, pak minuta pas protest\u00ebs komb\u00ebtare t\u00eb 20 shkurtit, e organizuar n\u00eb bashk\u00ebpunim me nj\u00eb grup intelektual\u00ebsh t\u00eb pavarur, n\u00ebn sigl\u00ebn e Forumit t\u00eb Dialogut Qytetar, n\u00eb p\u00ebrkujtim t\u00eb rr\u00ebzimit t\u00eb shtatores s\u00eb diktatorit Enver Hoxha dhe revolt\u00ebs p\u00ebr skandalet korruptive t\u00eb qeveris\u00eb Rama.<\/p>\n<p>Forcat e Policis\u00eb kan\u00eb sulmuar selin\u00eb e forc\u00ebs kryesore t\u00eb opozit\u00ebs pas nj\u00eb proteste paq\u00ebsore, e disata n\u00eb dy muajt e fundit, duke sjell\u00eb kaos, t\u00eb l\u00ebnduar dhe t\u00eb plagosur.<\/p>\n<p>Gazi lotsjell\u00ebs ka ndikuar dhe nd\u00ebrprer\u00eb dhe faljen e besimtar\u00ebve mysliman\u00eb t\u00eb cil\u00ebt jan\u00eb n\u00eb dit\u00ebn e t\u00eb tret\u00eb t\u00eb muajit t\u00eb Ramazanit.<\/p>\n<p>Raportohen disa t\u00eb plagosur n\u00eb an\u00ebn e protestuesve, nj\u00eb akt i paralajm\u00ebruar nga deklarata e policis\u00eb sot, e cila shmangu p\u00ebrgjegj\u00ebsin\u00eb duke th\u00ebn\u00eb se nuk e garantonte protest\u00ebn e sotme, duke shp\u00ebrfillur k\u00ebshtu nj\u00eb prerogativ\u00eb kushtetuese.<\/p>\n<p>Partia Demokratike d\u00ebnon me forc\u00eb dhun\u00ebn e p\u00ebrdorur nga narkopolicia, plagosjet me plumba gome, p\u00ebrdorimin e gazit lotsjell\u00ebs dhe mosrespektimin e s\u00eb drejt\u00ebs kushtetuese p\u00ebr protest\u00eb.<\/p>\n<p>Partia Demokratike mban p\u00ebrgjegj\u00ebs direkt drejtorin e Policis\u00eb t\u00eb lidhur me bandat kriminale, ministren e Brendshme dhe Kryeministrin Rama, urdhri i t\u00eb cilit q\u00ebndron pas k\u00ebsaj dhune t\u00eb pashembullt policore dhe politike.<\/p>\n","protected":false},"excerpt":{"rendered":"<p>Partia Demokratike ka reaguar p\u00ebr sulmin q\u00eb policia po i b\u00ebn selis\u00eb s\u00eb partis\u00eb kryesore t\u00eb opozit\u00ebs n\u00eb Shqip\u00ebri. N\u00eb reagimin e saj, PD thot\u00eb se, kjo situat\u00eb ka sjell\u00eb kaos, t\u00eb plagosur dhe qytetar\u00eb t\u00eb l\u00ebnduar. Reagimi i Partis\u00eb Demokratike: Sasi t\u00eb m\u00ebdha gazi lotsjell\u00ebs jan\u00eb hedhur n\u00eb oborrin, mjediset dhe deri te zyrat &hellip;<\/p>\n","protected":false},"author":4,"featured_media":89408,"comment_status":"closed","ping_status":"closed","sticky":false,"template":"","format":"standard","meta":{"footnotes":""},"categories":[37],"tags":[],"class_list":["post-136610","post","type-post","status-publish","format-standard","has-post-thumbnail","","category-politike"],"_links":{"self":[{"href":"https:\/\/rdnews.al\/index.php\/wp-json\/wp\/v2\/posts\/136610","targetHints":{"allow":["GET"]}}],"collection":[{"href":"https:\/\/rdnews.al\/index.php\/wp-json\/wp\/v2\/posts"}],"about":[{"href":"https:\/\/rdnews.al\/index.php\/wp-json\/wp\/v2\/types\/post"}],"author":[{"embeddable":true,"href":"https:\/\/rdnews.al\/index.php\/wp-json\/wp\/v2\/users\/4"}],"replies":[{"embeddable":true,"href":"https:\/\/rdnews.al\/index.php\/wp-json\/wp\/v2\/comments?post=136610"}],"version-history":[{"count":1,"href":"https:\/\/rdnews.al\/index.php\/wp-json\/wp\/v2\/posts\/136610\/revisions"}],"predecessor-version":[{"id":136611,"href":"https:\/\/rdnews.al\/index.php\/wp-json\/wp\/v2\/posts\/136610\/revisions\/136611"}],"wp:featuredmedia":[{"embeddable":true,"href":"https:\/\/rdnews.al\/index.php\/wp-json\/wp\/v2\/media\/89408"}],"wp:attachment":[{"href":"https:\/\/rdnews.al\/index.php\/wp-json\/wp\/v2\/media?parent=136610"}],"wp:term":[{"taxonomy":"category","embeddable":true,"href":"https:\/\/rdnews.al\/index.php\/wp-json\/wp\/v2\/categories?post=136610"},{"taxonomy":"post_tag","embeddable":true,"href":"https:\/\/rdnews.al\/index.php\/wp-json\/wp\/v2\/tags?post=136610"}],"curies":[{"name":"wp","href":"https:\/\/api.w.org\/{rel}","templated":true}]}}