{"id":136617,"date":"2026-02-20T20:44:58","date_gmt":"2026-02-20T20:44:58","guid":{"rendered":"https:\/\/rdnews.al\/?p=136617"},"modified":"2026-02-20T20:45:19","modified_gmt":"2026-02-20T20:45:19","slug":"mediat-amerikane-jehone-protestes-integrimin-ne-be-ne-pikepyetje","status":"publish","type":"post","link":"https:\/\/rdnews.al\/index.php\/2026\/02\/20\/mediat-amerikane-jehone-protestes-integrimin-ne-be-ne-pikepyetje\/","title":{"rendered":"Mediat amerikane jehon\u00eb protest\u00ebs s\u00eb opozit\u00eb: Integrimin n\u00eb BE n\u00eb pik\u00ebpyetje!"},"content":{"rendered":"<p>Mediat amerikane i kan\u00eb b\u00ebr\u00eb s\u00ebrish jehon\u00eb protest\u00ebs s\u00eb mbajtur k\u00ebt\u00eb pasdite te Kryeministria, kund\u00ebr qeveris\u00eb s\u00eb Edi Ram\u00ebs, teksa ky i fundit ndodhet n\u00eb SHBA, prej dy dit\u00ebsh ku mori pjes\u00eb n\u00eb Bordin e Paqes t\u00eb thirrur nga Donald Trump.<\/p>\n<p>Reuters raporton p\u00ebr p\u00ebrplasjet mes policis\u00eb dhe protestuesve t\u00eb regjistruara k\u00ebt\u00eb pasdite,\u00a0nd\u00ebrsa thekson faktin se k\u00ebto protesta vijn\u00eb pas\u00a0<strong style=\"font-style: inherit;\">skandaleve dhe korrupsionit q\u00eb kan\u00eb p\u00ebrfshir\u00eb qeverin\u00eb e Ram\u00ebs.<\/strong><\/p>\n<p>Artikulli i p\u00ebrmend Ram\u00ebs edhe\u00a0<strong style=\"font-style: inherit;\">Belinda Ballukun,<\/strong>\u00a0nd\u00ebrsa thekson edhe nj\u00ebher\u00eb se\u00a0<strong style=\"font-style: inherit;\">Shqip\u00ebria synon t\u00eb b\u00ebhet pjes\u00eb e BE deri n\u00eb vitin 2023, por p\u00ebr t\u00eb arritur k\u00ebt\u00eb duhet t\u00eb luftoj\u00eb korrupsionin.<\/strong><\/p>\n<p><strong style=\"font-style: inherit;\">Artikulli i plot\u00eb i Reuters:<\/strong><\/p>\n<p><em style=\"font-weight: inherit;\">Policia n\u00eb Tiran\u00eb p\u00ebrdori gaz lotsjell\u00ebs dhe topa uji n\u00eb p\u00ebrplasje t\u00eb premten me protestues t\u00eb opozit\u00ebs, t\u00eb cil\u00ebt k\u00ebrkonin dor\u00ebheqjen e qeveris\u00eb shqiptare pas akuza p\u00ebr korrupsion ndaj zv\/kryeministres.<\/em><\/p>\n<p><em><span style=\"font-style: inherit; font-weight: inherit;\">Demonstruesit hodh\u00ebn bomba benzin\u00eb dhe fishekzjarre drejt zyr\u00ebs s\u00eb Kryeministrit Edi Rama, nd\u00ebrsa policia u p\u00ebrgjigj me gaz lotsjell\u00ebs dhe topa uji.<\/span><\/em><\/p>\n<p><em style=\"font-weight: inherit;\">Tensionet politike jan\u00eb rritur q\u00eb nga dhjetori, pasi nj\u00eb nj\u00ebsi e posa\u00e7me e prokuroris\u00eb ngriti aktakuz\u00eb ndaj zv\/kryeministres Balluku p\u00ebr nd\u00ebrhyrje t\u00eb dyshuar n\u00eb tendera publik\u00eb p\u00ebr projekte infrastrukturore t\u00eb m\u00ebdha dhe favorizim t\u00eb disa kompanive, akuza q\u00eb Balluku i mohon.<\/em><\/p>\n<p><em style=\"font-weight: inherit;\">Mij\u00ebra mb\u00ebshtet\u00ebs t\u00eb Partis\u00eb Demokratike t\u00eb opozit\u00ebs brohorit\u00ebn \u201cRama, ik\u201d dhe \u201cRama n\u00eb burg\u201d, duke mbajtur flamuj shqiptar\u00eb dhe t\u00eb partis\u00eb.<\/em><\/p>\n<p><em style=\"font-weight: inherit;\">\u201cDit\u00ebt e Edi Ram\u00ebs jan\u00eb t\u00eb num\u00ebruara,\u201d tha kryetari i Partis\u00eb Demokratike, Sali Berisha. \u201cLe t\u2019i din\u00eb se edhe n\u00ebse shkojn\u00eb pas diellit, ne do t\u2019i gjejm\u00eb dhe do t\u2019i nd\u00ebshkojm\u00eb me t\u00ebr\u00eb forc\u00ebn e ligjit.\u201d<\/em><\/p>\n<p><em style=\"font-weight: inherit;\">Nj\u00eb gjykat\u00eb anti-korrupsion e ka pezulluar Ballukun nga detyra, por Zyra e Posa\u00e7me e Prokuroris\u00eb, e ngarkuar p\u00ebr luft\u00ebn kund\u00ebr korrupsionit, ka k\u00ebrkuar q\u00eb parlamenti t\u00eb heq\u00eb imunitetin e saj p\u00ebr t\u00eb mund\u00ebsuar arrestimin.<\/em><\/p>\n<p><em style=\"font-weight: inherit;\">Partia Socialiste e Ram\u00ebs, e cila vitin e kaluar siguroi nj\u00eb mandat t\u00eb kat\u00ebrt radhazi, ka nj\u00eb shumic\u00eb t\u00eb qet\u00eb parlamentare dhe nuk dihet n\u00ebse dhe kur Kuvendi do t\u00eb heq\u00eb imunitetin e Ballukut, e cila ka sh\u00ebrbyer gjithashtu si ministre infrastrukture dhe \u00ebsht\u00eb aleate e ngusht\u00eb e kryeministrit.<\/em><\/p>\n<p><em style=\"font-weight: inherit;\">Rama ka shprehur pak\u00ebnaq\u00ebsi p\u00ebr tejkalimin e pushtetit nga gjyq\u00ebsori, ve\u00e7an\u00ebrisht lidhur me mbajtjet para-gjyq\u00ebsore.<\/em><\/p>\n<p><em style=\"font-weight: inherit;\">Shqip\u00ebria synon t\u00eb bashkohet me Bashkimin Evropian deri n\u00eb 2030, por blloku thot\u00eb se vendi duhet t\u00eb b\u00ebj\u00eb m\u00eb shum\u00eb p\u00ebr t\u00eb luftuar krimin dhe korrupsionin.<\/em><\/p>\n","protected":false},"excerpt":{"rendered":"<p>Mediat amerikane i kan\u00eb b\u00ebr\u00eb s\u00ebrish jehon\u00eb protest\u00ebs s\u00eb mbajtur k\u00ebt\u00eb pasdite te Kryeministria, kund\u00ebr qeveris\u00eb s\u00eb Edi Ram\u00ebs, teksa ky i fundit ndodhet n\u00eb SHBA, prej dy dit\u00ebsh ku mori pjes\u00eb n\u00eb Bordin e Paqes t\u00eb thirrur nga Donald Trump. Reuters raporton p\u00ebr p\u00ebrplasjet mes policis\u00eb dhe protestuesve t\u00eb regjistruara k\u00ebt\u00eb pasdite,\u00a0nd\u00ebrsa thekson faktin &hellip;<\/p>\n","protected":false},"author":4,"featured_media":136566,"comment_status":"closed","ping_status":"closed","sticky":false,"template":"","format":"standard","meta":{"footnotes":""},"categories":[37],"tags":[],"class_list":["post-136617","post","type-post","status-publish","format-standard","has-post-thumbnail","","category-politike"],"_links":{"self":[{"href":"https:\/\/rdnews.al\/index.php\/wp-json\/wp\/v2\/posts\/136617","targetHints":{"allow":["GET"]}}],"collection":[{"href":"https:\/\/rdnews.al\/index.php\/wp-json\/wp\/v2\/posts"}],"about":[{"href":"https:\/\/rdnews.al\/index.php\/wp-json\/wp\/v2\/types\/post"}],"author":[{"embeddable":true,"href":"https:\/\/rdnews.al\/index.php\/wp-json\/wp\/v2\/users\/4"}],"replies":[{"embeddable":true,"href":"https:\/\/rdnews.al\/index.php\/wp-json\/wp\/v2\/comments?post=136617"}],"version-history":[{"count":2,"href":"https:\/\/rdnews.al\/index.php\/wp-json\/wp\/v2\/posts\/136617\/revisions"}],"predecessor-version":[{"id":136619,"href":"https:\/\/rdnews.al\/index.php\/wp-json\/wp\/v2\/posts\/136617\/revisions\/136619"}],"wp:featuredmedia":[{"embeddable":true,"href":"https:\/\/rdnews.al\/index.php\/wp-json\/wp\/v2\/media\/136566"}],"wp:attachment":[{"href":"https:\/\/rdnews.al\/index.php\/wp-json\/wp\/v2\/media?parent=136617"}],"wp:term":[{"taxonomy":"category","embeddable":true,"href":"https:\/\/rdnews.al\/index.php\/wp-json\/wp\/v2\/categories?post=136617"},{"taxonomy":"post_tag","embeddable":true,"href":"https:\/\/rdnews.al\/index.php\/wp-json\/wp\/v2\/tags?post=136617"}],"curies":[{"name":"wp","href":"https:\/\/api.w.org\/{rel}","templated":true}]}}