{"id":136632,"date":"2026-02-21T11:36:25","date_gmt":"2026-02-21T11:36:25","guid":{"rendered":"https:\/\/rdnews.al\/?p=136632"},"modified":"2026-02-21T11:36:25","modified_gmt":"2026-02-21T11:36:25","slug":"berisha-dje-ishte-dite-triumfi-per-kryengritesit-paqesore-fytyra-e-qendreses-ishin-te-rinjte-dhe-adoleshentet","status":"publish","type":"post","link":"https:\/\/rdnews.al\/index.php\/2026\/02\/21\/berisha-dje-ishte-dite-triumfi-per-kryengritesit-paqesore-fytyra-e-qendreses-ishin-te-rinjte-dhe-adoleshentet\/","title":{"rendered":"Berisha: Dje ishte dit\u00eb triumfi p\u00ebr kryengrit\u00ebsit paq\u00ebsor\u00eb! Fytyra e q\u00ebndres\u00ebs ishin t\u00eb rinjt\u00eb dhe adoleshent\u00ebt"},"content":{"rendered":"<p>Kryetari i PD, Sali Berisha, n\u00eb nj\u00eb bashk\u00ebbisedim me qytetar\u00ebt p\u00ebrmes rrjeteve sociale, e cil\u00ebsoi protest\u00ebn e djeshme ( 20 shkurt) si nj\u00eb dit\u00eb t\u00eb madhe triumfi p\u00ebr kryengrit\u00ebsit paq\u00ebsor\u00eb, duke theksuar se ata, p\u00ebrfshir\u00eb t\u00eb rinjt\u00eb dhe adoleshent\u00ebt, ishin fytyra e k\u00ebsaj q\u00ebndrese t\u00eb fuqishme.<\/p>\n<p>Ai u shpreh se protesta e 20 shkurtit ishte m\u00eb e fuqishmja q\u00eb ka njohur Shqip\u00ebria pas vitit 1991 dhe se ajo ka pasur jehon\u00eb t\u00eb madhe, duke u shnd\u00ebrruar n\u00eb kryelajm n\u00eb mediat nd\u00ebrkomb\u00ebtare t\u00eb vendeve si Gjermani, Franc\u00eb, Britani, Austri dhe SHBA.<\/p>\n<p><strong>Berisha:<\/strong> P\u00ebrsh\u00ebndes me mir\u00ebnjohje t\u00eb pakufishme ata dhjet\u00ebra mij\u00ebra t\u00eb rinj, t\u00eb reja, burra, gra, t\u00eb moshuar q\u00eb mbush\u00ebn dje n\u00eb kryengritjen paq\u00ebsore t\u00eb 20 shkurtit, m\u00eb t\u00eb fuqishmen q\u00eb ka njohur Shqip\u00ebria pas 20 shkurtit 1991, n\u00eb kryengritjen e cila jehoi dhe u shnd\u00ebrrua n\u00eb m\u00ebnyr\u00eb t\u00eb rrufeshme n\u00eb kryelajm n\u00eb \u00e7do vot\u00ebr shqiptare, por dhe n\u00eb mbar\u00eb mediat m\u00eb t\u00eb m\u00ebdha t\u00eb Gjermanis\u00eb, Franc\u00ebs, Britanis\u00eb, Austris\u00eb dhe mediat m\u00eb t\u00eb m\u00ebdha t\u00eb SHBA.<\/p>\n<p>Dje ishte dit\u00eb triumfi p\u00ebr kryengrit\u00ebsit paq\u00ebsor\u00eb t\u00eb pamposhtur, t\u00eb cil\u00ebt u p\u00ebrball\u00ebn dh\u00ebmb p\u00ebr dh\u00ebmb 3 or\u00eb me narkoshtetin n\u00eb nj\u00eb betej\u00eb epike kund\u00ebr qeveris\u00eb s\u00eb paligjshme t\u00eb Tiran\u00ebs, kund\u00ebr Edi Ram\u00ebs, Lubi Ballukut, fars\u00ebs s\u00eb tyre elektorale, vjedhjeve t\u00eb tyre t\u00eb pap\u00ebrmbajtura.<\/p>\n<p>Guximi i kryengrit\u00ebsve paq\u00ebsor\u00eb, ishte mund t\u00eb them, i jasht\u00ebzakonsh\u00ebm.<\/p>\n<p>Tipari m\u00eb kryesor i 20 shkurtit 2026 ishte se t\u00eb rinjt\u00eb dhe adoleshent\u00ebt, u b\u00ebn\u00eb me q\u00ebndres\u00ebn e tyre, guximin, trim\u00ebrin\u00eb e tyre, tmerri i regjimit dhe fytyra e v\u00ebrtet\u00eb e bukur e opozit\u00ebs, e kryengritjes.<\/p>\n<p>P\u00ebr 3 or\u00eb, n\u00eb bulevard, n\u00eb parlament dhe n\u00eb rrug\u00ebt e Tiran\u00ebs u zhvillua nj\u00eb betej\u00eb e papar\u00eb.<\/p>\n<p>Regjimi p\u00ebrdori t\u00eb gjitha mjetet e dhun\u00ebs, nuk kurseu as plumbat e gom\u00ebs, me snajper n\u00eb ball\u00eb t\u00eb kandidates ton\u00eb p\u00ebr deputete n\u00eb Shkod\u00ebr, intelektuales s\u00eb njohur, Mehmeti.<\/p>\n<p>Por dhuna dhe terrori i policis\u00eb nuk kurseu adoleshent\u00ebt, nuk kurseu t\u00eb miturit.<\/p>\n<p>Protestuesit u q\u00eblluan me snajper me bombolat e gazit pas koke.<\/p>\n<p>T\u00eb tjer\u00eb u godit\u00ebn me k\u00ebpuc\u00eb n\u00eb kok\u00eb t\u00eb rr\u00ebzuar p\u00ebrdhe, por ata q\u00ebndruan t\u00eb pamposhtur.<\/p>\n<p>U p\u00ebrpoq\u00ebn t\u00eb frik\u00ebsojn\u00eb t\u00eb miturit dhe t\u00eb pohojn\u00eb se kan\u00eb marr\u00eb lek\u00eb p\u00ebr t\u00eb dal\u00eb n\u00eb protest\u00eb, n\u00eb nj\u00eb koh\u00eb kur ata absolutisht po ktheheshin nga shkolla pasi kishin ngr\u00ebn\u00eb s\u00eb bashku di\u00e7ka dhe sot jan\u00eb n\u00eb komisariat.<\/p>\n","protected":false},"excerpt":{"rendered":"<p>Kryetari i PD, Sali Berisha, n\u00eb nj\u00eb bashk\u00ebbisedim me qytetar\u00ebt p\u00ebrmes rrjeteve sociale, e cil\u00ebsoi protest\u00ebn e djeshme ( 20 shkurt) si nj\u00eb dit\u00eb t\u00eb madhe triumfi p\u00ebr kryengrit\u00ebsit paq\u00ebsor\u00eb, duke theksuar se ata, p\u00ebrfshir\u00eb t\u00eb rinjt\u00eb dhe adoleshent\u00ebt, ishin fytyra e k\u00ebsaj q\u00ebndrese t\u00eb fuqishme. Ai u shpreh se protesta e 20 shkurtit ishte &hellip;<\/p>\n","protected":false},"author":4,"featured_media":136634,"comment_status":"closed","ping_status":"closed","sticky":false,"template":"","format":"standard","meta":{"footnotes":""},"categories":[37],"tags":[],"class_list":["post-136632","post","type-post","status-publish","format-standard","has-post-thumbnail","","category-politike"],"_links":{"self":[{"href":"https:\/\/rdnews.al\/index.php\/wp-json\/wp\/v2\/posts\/136632","targetHints":{"allow":["GET"]}}],"collection":[{"href":"https:\/\/rdnews.al\/index.php\/wp-json\/wp\/v2\/posts"}],"about":[{"href":"https:\/\/rdnews.al\/index.php\/wp-json\/wp\/v2\/types\/post"}],"author":[{"embeddable":true,"href":"https:\/\/rdnews.al\/index.php\/wp-json\/wp\/v2\/users\/4"}],"replies":[{"embeddable":true,"href":"https:\/\/rdnews.al\/index.php\/wp-json\/wp\/v2\/comments?post=136632"}],"version-history":[{"count":1,"href":"https:\/\/rdnews.al\/index.php\/wp-json\/wp\/v2\/posts\/136632\/revisions"}],"predecessor-version":[{"id":136635,"href":"https:\/\/rdnews.al\/index.php\/wp-json\/wp\/v2\/posts\/136632\/revisions\/136635"}],"wp:featuredmedia":[{"embeddable":true,"href":"https:\/\/rdnews.al\/index.php\/wp-json\/wp\/v2\/media\/136634"}],"wp:attachment":[{"href":"https:\/\/rdnews.al\/index.php\/wp-json\/wp\/v2\/media?parent=136632"}],"wp:term":[{"taxonomy":"category","embeddable":true,"href":"https:\/\/rdnews.al\/index.php\/wp-json\/wp\/v2\/categories?post=136632"},{"taxonomy":"post_tag","embeddable":true,"href":"https:\/\/rdnews.al\/index.php\/wp-json\/wp\/v2\/tags?post=136632"}],"curies":[{"name":"wp","href":"https:\/\/api.w.org\/{rel}","templated":true}]}}