{"id":136638,"date":"2026-02-21T11:47:09","date_gmt":"2026-02-21T11:47:09","guid":{"rendered":"https:\/\/rdnews.al\/?p=136638"},"modified":"2026-02-21T11:47:09","modified_gmt":"2026-02-21T11:47:09","slug":"berisha-garantoj-ramen-se-sulmet-ndaj-selise-se-pd-do-sjellin-sulme-asgjesuese-per-selite-e-ps","status":"publish","type":"post","link":"https:\/\/rdnews.al\/index.php\/2026\/02\/21\/berisha-garantoj-ramen-se-sulmet-ndaj-selise-se-pd-do-sjellin-sulme-asgjesuese-per-selite-e-ps\/","title":{"rendered":"Berisha: Garantoj Ram\u00ebn se sulmet ndaj selis\u00eb s\u00eb PD do sjellin sulme asgj\u00ebsuese p\u00ebr selit\u00eb e PS"},"content":{"rendered":"<p>Kryetari i PD, Sali Berisha, ka reaguar me forc\u00eb ndaj dhun\u00ebs dhe terrorit t\u00eb ushtruar gjat\u00eb protest\u00ebs s\u00eb 20 shkurtit, duke e cil\u00ebsuar at\u00eb si nj\u00eb akt t\u00eb r\u00ebnd\u00eb ndaj opozit\u00ebs dhe pluralizmit.<br \/>\nBerisha tha se, garantoj Ram\u00ebn se sulmet ndaj selis\u00eb s\u00eb PD do sjellin sulme asgj\u00ebsuese p\u00ebr selit\u00eb e PS.<\/p>\n<p><strong>Berisha:<\/strong> Kryengritja paq\u00ebsore sh\u00ebnoi dje nj\u00eb stad t\u00eb ri t\u00eb fuqish\u00ebm t\u00eb saj, \u00e7ka \u00ebsht\u00eb frym\u00ebzim p\u00ebr vazhdimin n\u00eb dit\u00ebt n\u00eb vazhdim gjer n\u00eb p\u00ebrmbysjen e k\u00ebsaj qeverie.<br \/>\nD\u00ebnoj me forc\u00ebn m\u00eb t\u00eb madhe dhun\u00ebn dhe terrorin policor.<br \/>\nD\u00ebnoj gjuajtjen me seleksion t\u00eb qytetar\u00ebve me bombola gazi, pas koke nj\u00ebrit prej tyre, n\u00eb gjoks n\u00ebnkryetarit t\u00eb PD dhe deputetit t\u00eb PD, Lu\u00e7iano Bo\u00e7i, dhe t\u00eb tjer\u00ebve me mjete me gaz, me plumba gome, etj.<br \/>\nGarantoj Edi Ram\u00ebn se p\u00ebr t\u00eb gjitha k\u00ebto do jet\u00eb p\u00ebrgjegj\u00ebs.<br \/>\nPor n\u00eb p\u00ebrshkall\u00ebzimin e tyre t\u00eb djesh\u00ebm n\u00eb nj\u00eb akt urrejtje t\u00eb pap\u00ebrmbajtur jan\u00eb hedhur n\u00eb oborrin e selis\u00eb s\u00eb PD sasi t\u00eb m\u00ebdha gazi lotsjell\u00ebs dhe bomba tymuese.<br \/>\nKy p\u00ebrb\u00ebn nj\u00eb agresion t\u00eb hapur ndaj selis\u00eb s\u00eb PD dhe pluralizmit.<br \/>\nMe k\u00ebt\u00eb rast u k\u00ebrkoj t\u00eb gjitha deg\u00ebve t\u00eb b\u00ebjn\u00eb rikonjicionin e plot\u00eb t\u00eb selive t\u00eb PS n\u00eb \u00e7do rreth.<br \/>\nDhe garantoj Edi Ram\u00ebn se sulmet ndaj selis\u00eb s\u00eb PD do t\u00eb sjellin sulme asgj\u00ebsuese p\u00ebr selit\u00eb e partis\u00eb s\u00eb krimit n\u00eb t\u00eb gjith\u00eb territorin e vendit.<br \/>\nNdaj dhe hiq dor\u00eb nga aventura dhe provokimi i ul\u00ebt.<br \/>\nNe betej\u00ebn e kemi me Edi Ram\u00ebn si kryeminist\u00ebr i krimit, si kryetar i organizat\u00ebs kriminale.<br \/>\nPor n\u00eb qoft\u00eb se ju sulmoni selin\u00eb e PD, PD do u p\u00ebrpiqet ju ashtu si\u00e7 e meritoni.<br \/>\nHiq dor\u00eb nga sulmi i selis\u00eb p\u00ebr t\u00eb mbrojtur krimet e tua, vjedhjet e tua.<br \/>\nPD \u00ebsht\u00eb n\u00eb nj\u00eb kryengritje paq\u00ebsore.<br \/>\nAsnj\u00eb an\u00ebtar i forcave t\u00eb rendit nuk \u00ebsht\u00eb g\u00ebrvishtur gjat\u00eb gjith\u00eb protestave tona.<br \/>\nAs edhe nj\u00eb i vet\u00ebm.<br \/>\nAto q\u00eb kan\u00eb mbetur n\u00eb letra t\u00eb vdekura jan\u00eb komunikatat e Prod\u00ebs s\u00eb krimit dhe t\u00eb Sokol Bizhg\u00ebs, t\u00eb cil\u00ebt e kan\u00eb vendin me koh\u00eb n\u00eb burg.<br \/>\nNj\u00ebri tradhtar i Gjergj Mehmetit, ka l\u00ebn\u00eb oficerin n\u00eb makin\u00eb p\u00ebr ta djegur bandit\u00ebt dhe ka shp\u00ebtuar l\u00ebkur\u00ebn e tij. E ka tradhtuar n\u00eb detyr\u00eb t\u00eb pavdekshmin Gjergj Mehmeti.<br \/>\nTjetri nj\u00eb bashk\u00ebpun\u00ebtor i ul\u00ebt i bandave, nj\u00eb ushtar i Gys Agasit, Suel \u00c7el\u00ebs dhe Troplin\u00ebve.<br \/>\nNdaj dhe nj\u00ebher\u00eb, larg duart nga selia e PD, se PD \u00ebsht\u00eb n\u00eb revolucionin e saj paq\u00ebsor p\u00ebr t\u00eb shp\u00ebtuar Shqip\u00ebrin\u00eb.<\/p>\n","protected":false},"excerpt":{"rendered":"<p>Kryetari i PD, Sali Berisha, ka reaguar me forc\u00eb ndaj dhun\u00ebs dhe terrorit t\u00eb ushtruar gjat\u00eb protest\u00ebs s\u00eb 20 shkurtit, duke e cil\u00ebsuar at\u00eb si nj\u00eb akt t\u00eb r\u00ebnd\u00eb ndaj opozit\u00ebs dhe pluralizmit. Berisha tha se, garantoj Ram\u00ebn se sulmet ndaj selis\u00eb s\u00eb PD do sjellin sulme asgj\u00ebsuese p\u00ebr selit\u00eb e PS. Berisha: Kryengritja paq\u00ebsore &hellip;<\/p>\n","protected":false},"author":4,"featured_media":136640,"comment_status":"closed","ping_status":"closed","sticky":false,"template":"","format":"standard","meta":{"footnotes":""},"categories":[37],"tags":[],"class_list":["post-136638","post","type-post","status-publish","format-standard","has-post-thumbnail","","category-politike"],"_links":{"self":[{"href":"https:\/\/rdnews.al\/index.php\/wp-json\/wp\/v2\/posts\/136638","targetHints":{"allow":["GET"]}}],"collection":[{"href":"https:\/\/rdnews.al\/index.php\/wp-json\/wp\/v2\/posts"}],"about":[{"href":"https:\/\/rdnews.al\/index.php\/wp-json\/wp\/v2\/types\/post"}],"author":[{"embeddable":true,"href":"https:\/\/rdnews.al\/index.php\/wp-json\/wp\/v2\/users\/4"}],"replies":[{"embeddable":true,"href":"https:\/\/rdnews.al\/index.php\/wp-json\/wp\/v2\/comments?post=136638"}],"version-history":[{"count":1,"href":"https:\/\/rdnews.al\/index.php\/wp-json\/wp\/v2\/posts\/136638\/revisions"}],"predecessor-version":[{"id":136641,"href":"https:\/\/rdnews.al\/index.php\/wp-json\/wp\/v2\/posts\/136638\/revisions\/136641"}],"wp:featuredmedia":[{"embeddable":true,"href":"https:\/\/rdnews.al\/index.php\/wp-json\/wp\/v2\/media\/136640"}],"wp:attachment":[{"href":"https:\/\/rdnews.al\/index.php\/wp-json\/wp\/v2\/media?parent=136638"}],"wp:term":[{"taxonomy":"category","embeddable":true,"href":"https:\/\/rdnews.al\/index.php\/wp-json\/wp\/v2\/categories?post=136638"},{"taxonomy":"post_tag","embeddable":true,"href":"https:\/\/rdnews.al\/index.php\/wp-json\/wp\/v2\/tags?post=136638"}],"curies":[{"name":"wp","href":"https:\/\/api.w.org\/{rel}","templated":true}]}}