{"id":13665,"date":"2022-05-28T09:39:04","date_gmt":"2022-05-28T09:39:04","guid":{"rendered":"https:\/\/rdnews.al\/?p=13665"},"modified":"2022-05-28T09:51:36","modified_gmt":"2022-05-28T09:51:36","slug":"berisha-armata-e-lirise-po-pret-beteje-dhe-drejtim","status":"publish","type":"post","link":"https:\/\/rdnews.al\/index.php\/2022\/05\/28\/berisha-armata-e-lirise-po-pret-beteje-dhe-drejtim\/","title":{"rendered":"Berisha: Armata e liris\u00eb po pret betej\u00eb dhe drejtim"},"content":{"rendered":"<p>46 an\u00ebtar\u00eb t\u00eb Partis\u00eb Demokratike do t\u00eb garojn\u00eb sot p\u00ebr t\u2019u zgjedhur nga K\u00ebshilli Komb\u00ebtar i PD-s\u00eb an\u00ebtar\u00eb t\u00eb Kryesis\u00eb s\u00eb PD-s\u00eb. Gjat\u00eb fjal\u00ebs s\u00eb tij kreu i PD Sali Berisha tha se Rithemelimi \u00ebsht\u00eb nj\u00eb proces unik i PD, nd\u00ebrsa ka kujtuar dhe humbjet e partis\u00eb kur ishte n\u00eb drejtimin e Lulzim Bash\u00ebs.<\/p>\n<p>\u2018An\u00ebtar\u00ebt e Komisionit t\u00eb Rithemelimit, p\u00ebr procesin historik t\u00eb rithemelimit t\u00eb k\u00ebsaj partie. Ne mblidhemi sot n\u00eb k\u00ebt\u00eb mbledhje shum\u00eb t\u00eb r\u00ebnd\u00ebsishme p\u00ebr t\u00eb zgjedhur forumin drejtues t\u00eb PD, p\u00ebr 4 vitet q\u00eb vijn\u00eb, kryesin\u00eb e k\u00ebsaj partie.<\/p>\n<p>Ky sh\u00ebnon p\u00ebrfundimin me sukses t\u00eb nj\u00eb procesi t\u00eb vazhduar procedurash, aktesh, referendumesh, t\u00eb papara ndonj\u00ebher\u00eb n\u00eb k\u00ebt\u00eb parti dhe unike p\u00ebr nj\u00eb forc\u00eb politike q\u00eb n\u00eb themel kishin lirin\u00eb e an\u00ebtar\u00ebve dhe an\u00ebtareve t\u00eb k\u00ebsaj force.<\/p>\n<p>Ne ja dol\u00ebm, p\u00ebrkundrejt v\u00ebshtir\u00ebsive t\u00eb jasht\u00ebzakonshme, t\u00eb jemi sot opozit\u00eb e v\u00ebrtet\u00eb. T\u00eb jemi sot m\u00eb t\u00eb fuqish\u00ebm se kurr\u00eb n\u00eb misionin ton\u00eb.<\/p>\n<p>Merita absolute n\u00eb k\u00ebt\u00eb proces u takon an\u00ebtareve dhe an\u00ebtar\u00ebve t\u00eb PD. Ata n\u00eb 8 vite, tani po shkojn\u00eb 9, kishin ruajtur si gj\u00ebn\u00eb m\u00eb t\u00eb \u00e7muar misionin e tyre t\u00eb liris\u00eb. Ata u ngrit\u00ebn sapo u dha kushtrimi, u b\u00eb thirrja, u ngrit\u00ebn n\u00eb k\u00ebmb\u00eb p\u00ebr t\u00eb shp\u00ebtuar forc\u00ebn e tyre politike. Me idealet e tyre udh\u00ebheq\u00ebse, edhe n\u00eb zgjedhjet e fundit, ata e mbajt\u00ebn k\u00ebt\u00eb parti si forc\u00ebn m\u00eb t\u00eb madhe politike pas diktature, n\u00eb Europ\u00ebn Juglindore\u2019, tha Berisha.<\/p>\n","protected":false},"excerpt":{"rendered":"<p>46 an\u00ebtar\u00eb t\u00eb Partis\u00eb Demokratike do t\u00eb garojn\u00eb sot p\u00ebr t\u2019u zgjedhur nga K\u00ebshilli Komb\u00ebtar i PD-s\u00eb an\u00ebtar\u00eb t\u00eb Kryesis\u00eb s\u00eb PD-s\u00eb. Gjat\u00eb fjal\u00ebs s\u00eb tij kreu i PD Sali Berisha tha se Rithemelimi \u00ebsht\u00eb nj\u00eb proces unik i PD, nd\u00ebrsa ka kujtuar dhe humbjet e partis\u00eb kur ishte n\u00eb drejtimin e Lulzim Bash\u00ebs. \u2018An\u00ebtar\u00ebt &hellip;<\/p>\n","protected":false},"author":4,"featured_media":13674,"comment_status":"open","ping_status":"open","sticky":false,"template":"","format":"standard","meta":{"footnotes":""},"categories":[37],"tags":[],"class_list":["post-13665","post","type-post","status-publish","format-standard","has-post-thumbnail","","category-politike"],"_links":{"self":[{"href":"https:\/\/rdnews.al\/index.php\/wp-json\/wp\/v2\/posts\/13665","targetHints":{"allow":["GET"]}}],"collection":[{"href":"https:\/\/rdnews.al\/index.php\/wp-json\/wp\/v2\/posts"}],"about":[{"href":"https:\/\/rdnews.al\/index.php\/wp-json\/wp\/v2\/types\/post"}],"author":[{"embeddable":true,"href":"https:\/\/rdnews.al\/index.php\/wp-json\/wp\/v2\/users\/4"}],"replies":[{"embeddable":true,"href":"https:\/\/rdnews.al\/index.php\/wp-json\/wp\/v2\/comments?post=13665"}],"version-history":[{"count":0,"href":"https:\/\/rdnews.al\/index.php\/wp-json\/wp\/v2\/posts\/13665\/revisions"}],"wp:featuredmedia":[{"embeddable":true,"href":"https:\/\/rdnews.al\/index.php\/wp-json\/wp\/v2\/media\/13674"}],"wp:attachment":[{"href":"https:\/\/rdnews.al\/index.php\/wp-json\/wp\/v2\/media?parent=13665"}],"wp:term":[{"taxonomy":"category","embeddable":true,"href":"https:\/\/rdnews.al\/index.php\/wp-json\/wp\/v2\/categories?post=13665"},{"taxonomy":"post_tag","embeddable":true,"href":"https:\/\/rdnews.al\/index.php\/wp-json\/wp\/v2\/tags?post=13665"}],"curies":[{"name":"wp","href":"https:\/\/api.w.org\/{rel}","templated":true}]}}