{"id":136720,"date":"2026-02-23T12:02:45","date_gmt":"2026-02-23T12:02:45","guid":{"rendered":"https:\/\/rdnews.al\/?p=136720"},"modified":"2026-02-23T12:02:45","modified_gmt":"2026-02-23T12:02:45","slug":"berisha-ka-nje-mirekuptim-total-nga-shqiptaret-per-kryengritjen-paqesore-te-opozites","status":"publish","type":"post","link":"https:\/\/rdnews.al\/index.php\/2026\/02\/23\/berisha-ka-nje-mirekuptim-total-nga-shqiptaret-per-kryengritjen-paqesore-te-opozites\/","title":{"rendered":"Berisha: Ka nj\u00eb mir\u00ebkuptim total nga shqiptar\u00ebt p\u00ebr kryengritjen paq\u00ebsore t\u00eb opozit\u00ebs!"},"content":{"rendered":"<p>Kryetari i PD, Sali Berisha gjat\u00eb nj\u00eb konference shtypi tha se, ka nj\u00eb mir\u00ebkuptim total nga shqiptar\u00ebt dhe njer\u00ebzimi p\u00ebr kryengritjen paq\u00ebsore t\u00eb opozit\u00ebs!<\/p>\n<p>Ai tha se, ka nj\u00eb vendosm\u00ebri t\u00eb pap\u00ebrmbajtur p\u00ebr t\u2019i shkuar gjer n\u00eb fund k\u00ebtij misioni me r\u00ebnd\u00ebsi t\u00eb jasht\u00ebzakonshme p\u00ebr fatin e Shqip\u00ebris\u00eb dhe shqiptar\u00ebve\u201d, tha kreu demokrat duke folur p\u00ebr protest\u00ebn e opozit\u00ebs.<\/p>\n<p><strong>Berisha:<\/strong> Ka nj\u00eb vendosm\u00ebri t\u00eb pap\u00ebrmbajtur p\u00ebr t\u2019i shkuar gjer n\u00eb fund k\u00ebtij misioni.<\/p>\n<p>Si\u00e7 e dini, kryengritja paq\u00ebsore e 20 shkurtit paraqiti para \u00e7do shqiptari dyshen Rama-Balluku m\u00eb t\u00eb nxir\u00eb se kurr\u00eb ndonj\u00ebher\u00eb.<\/p>\n<p>Por kjo nuk ndodhi vet\u00ebm para shqiptar\u00ebve.<\/p>\n<p>I rrufesh\u00ebm ka qen\u00eb pasqyrimi i k\u00ebsaj ngritje n\u00eb mediat m\u00eb t\u00eb m\u00ebdha t\u00eb bot\u00ebs.<\/p>\n<p>Nga Zelanda e Re n\u00eb Alask\u00eb, nga Poli i Veriut n\u00eb Polin e Jugut, n\u00eb t\u00eb kat\u00ebr an\u00ebt e globit, pas Ajatollah\u00ebve t\u00eb Teheranit, figurat m\u00eb t\u00eb nxira n\u00eb mediat bot\u00ebrore kan\u00eb qen\u00eb Edi Rama dhe Lubi Balluku.<\/p>\n<p>Kjo \u00ebsht\u00eb e v\u00ebrteta.<\/p>\n<p>Ka pasur nj\u00eb mir\u00ebkuptim t\u00eb plot\u00eb dhe total nga mbar\u00eb shqiptar\u00ebt dhe mbar\u00eb njer\u00ebzimi p\u00ebr kryengritjen paq\u00ebsore t\u00eb opozit\u00ebs shqiptare m\u00eb 20 shkurt.<\/p>\n<p>Ka nj\u00eb vendosm\u00ebri t\u00eb pap\u00ebrmbajtur p\u00ebr t\u2019i shkuar gjer n\u00eb fund k\u00ebtij misioni me r\u00ebnd\u00ebsi t\u00eb jasht\u00ebzakonshme p\u00ebr fatin e Shqip\u00ebris\u00eb dhe shqiptar\u00ebve.<\/p>\n<p>Largimin e k\u00ebtij binomi fam\u00ebzi nga qeverisja.<\/p>\n<p>Ju jeni d\u00ebshmitar\u00eb se si Edi Rama ka b\u00ebr\u00eb dit\u00eb t\u00eb t\u00ebra negociata sekrete t\u00eb fsheht\u00eb p\u00ebr l\u00ebkur\u00ebn e tij dhe t\u00eb bashk\u00ebshortes s\u00eb tij n\u00eb shk\u00ebmbim t\u00eb Lubis\u00eb.<\/p>\n<p>Por n\u00eb qoft\u00eb se nj\u00eb marr\u00ebveshje e till\u00eb arrihet, ky do ishte kapitullimi p\u00ebrfundimtar i drejt\u00ebsis\u00eb.<\/p>\n<p>Kjo do t\u00eb ishte marr\u00ebveshja e asgj\u00ebsimit p\u00ebrfundimtar t\u00eb institucionit t\u00eb akuz\u00ebs.<\/p>\n<p>Un\u00eb jam i vet\u00ebdijsh\u00ebm q\u00eb Lubi Balluku ka shkelur ligjin dhe ka vjedhur, por gjith\u00e7ka ka b\u00ebr\u00eb, e ka b\u00ebr\u00eb me urdh\u00ebr t\u00eb Edi Ram\u00ebs dhe si aksionere n\u00eb minoranc\u00eb me Edi Ram\u00ebn.<\/p>\n<p>Se ti kujtove se thash\u00eb minorene, t\u00eb shkon mendja tek Epstein direkt, se ajo e Ergys Agasit \u00ebsht\u00eb nj\u00eb lloj Epsteini shqiptar.<\/p>\n<p>Pra, gjith\u00e7ka \u00ebsht\u00eb b\u00ebr\u00eb p\u00ebr l\u00ebkur\u00ebn e tij, p\u00ebr familjen e tij.<\/p>\n","protected":false},"excerpt":{"rendered":"<p>Kryetari i PD, Sali Berisha gjat\u00eb nj\u00eb konference shtypi tha se, ka nj\u00eb mir\u00ebkuptim total nga shqiptar\u00ebt dhe njer\u00ebzimi p\u00ebr kryengritjen paq\u00ebsore t\u00eb opozit\u00ebs! Ai tha se, ka nj\u00eb vendosm\u00ebri t\u00eb pap\u00ebrmbajtur p\u00ebr t\u2019i shkuar gjer n\u00eb fund k\u00ebtij misioni me r\u00ebnd\u00ebsi t\u00eb jasht\u00ebzakonshme p\u00ebr fatin e Shqip\u00ebris\u00eb dhe shqiptar\u00ebve\u201d, tha kreu demokrat duke folur &hellip;<\/p>\n","protected":false},"author":4,"featured_media":136273,"comment_status":"closed","ping_status":"closed","sticky":false,"template":"","format":"standard","meta":{"footnotes":""},"categories":[37],"tags":[],"class_list":["post-136720","post","type-post","status-publish","format-standard","has-post-thumbnail","","category-politike"],"_links":{"self":[{"href":"https:\/\/rdnews.al\/index.php\/wp-json\/wp\/v2\/posts\/136720","targetHints":{"allow":["GET"]}}],"collection":[{"href":"https:\/\/rdnews.al\/index.php\/wp-json\/wp\/v2\/posts"}],"about":[{"href":"https:\/\/rdnews.al\/index.php\/wp-json\/wp\/v2\/types\/post"}],"author":[{"embeddable":true,"href":"https:\/\/rdnews.al\/index.php\/wp-json\/wp\/v2\/users\/4"}],"replies":[{"embeddable":true,"href":"https:\/\/rdnews.al\/index.php\/wp-json\/wp\/v2\/comments?post=136720"}],"version-history":[{"count":1,"href":"https:\/\/rdnews.al\/index.php\/wp-json\/wp\/v2\/posts\/136720\/revisions"}],"predecessor-version":[{"id":136721,"href":"https:\/\/rdnews.al\/index.php\/wp-json\/wp\/v2\/posts\/136720\/revisions\/136721"}],"wp:featuredmedia":[{"embeddable":true,"href":"https:\/\/rdnews.al\/index.php\/wp-json\/wp\/v2\/media\/136273"}],"wp:attachment":[{"href":"https:\/\/rdnews.al\/index.php\/wp-json\/wp\/v2\/media?parent=136720"}],"wp:term":[{"taxonomy":"category","embeddable":true,"href":"https:\/\/rdnews.al\/index.php\/wp-json\/wp\/v2\/categories?post=136720"},{"taxonomy":"post_tag","embeddable":true,"href":"https:\/\/rdnews.al\/index.php\/wp-json\/wp\/v2\/tags?post=136720"}],"curies":[{"name":"wp","href":"https:\/\/api.w.org\/{rel}","templated":true}]}}